{"id":8729,"date":"2023-03-31T19:26:20","date_gmt":"2023-03-31T19:26:20","guid":{"rendered":"https:\/\/www.radiolimari.cl\/?p=8729"},"modified":"2023-03-31T19:26:20","modified_gmt":"2023-03-31T19:26:20","slug":"durante-el-mes-de-abril-continuaran-los-operativos-de-basura-historica-en-zonas-urbanas-y-rurales-de-la-comuna-de-ovalle","status":"publish","type":"post","link":"https:\/\/www.radiolimari.cl\/?p=8729","title":{"rendered":"Durante el mes de abril  continuar\u00e1n los  Operativos de basura hist\u00f3rica en zonas urbanas y rurales de la comuna de Ovalle"},"content":{"rendered":"\n<figure class=\"wp-block-image size-large\"><a href=\"https:\/\/www.radiolimari.cl\/wp-content\/uploads\/2023\/03\/Operativo-de-Basura-Historica-abril.jpg\"><img fetchpriority=\"high\" decoding=\"async\" width=\"1024\" height=\"510\" src=\"https:\/\/www.radiolimari.cl\/wp-content\/uploads\/2023\/03\/Operativo-de-Basura-Historica-abril-1024x510.jpg\" alt=\"\" class=\"wp-image-8730\" srcset=\"https:\/\/www.radiolimari.cl\/wp-content\/uploads\/2023\/03\/Operativo-de-Basura-Historica-abril-1024x510.jpg 1024w, https:\/\/www.radiolimari.cl\/wp-content\/uploads\/2023\/03\/Operativo-de-Basura-Historica-abril-300x149.jpg 300w, https:\/\/www.radiolimari.cl\/wp-content\/uploads\/2023\/03\/Operativo-de-Basura-Historica-abril-768x383.jpg 768w, https:\/\/www.radiolimari.cl\/wp-content\/uploads\/2023\/03\/Operativo-de-Basura-Historica-abril-1536x765.jpg 1536w, https:\/\/www.radiolimari.cl\/wp-content\/uploads\/2023\/03\/Operativo-de-Basura-Historica-abril.jpg 2001w\" sizes=\"(max-width: 1024px) 100vw, 1024px\" \/><\/a><\/figure>\n\n\n\n<p><strong><em>La iniciativa impulsada por el municipio de Ovalle, a trav\u00e9s del departamento de Aseo y Ornato, busca darles la posibilidad a los vecinos de la comuna para que se deshagan de materiales en desuso y artefactos el\u00e9ctricos en mal estado, que, principalmente, se acumulan en el patio de los hogares.<\/em><\/strong> <\/p>\n\n\n\n<p>Localidades rurales y sectores urbanos recorrer\u00e1 el operativo de recolecci\u00f3n de basura hist\u00f3rica, durante el mes de abril en Ovalle. La iniciativa realizada por el municipio local, a trav\u00e9s del departamento de Aseo y Ornato y con el apoyo de la empresa SoloVerde, tiene por objetivo entregar una alternativa a los vecinos de la comuna para que se deshagan de artefactos el\u00e9ctricos en mal estado, restos de materiales, entre otros art\u00edculos que, com\u00fanmente, se acumulan en el patio de las viviendas, disminuyendo las \u00e1reas de recreaci\u00f3n. &nbsp;<\/p>\n\n\n\n<p>Los sectores favorecidos ser\u00e1n la localidad de Sonora (1 de abril), poblaci\u00f3n Media Hacienda (6 de abril), sector Las Revueltas y las poblaciones Tapia, Stecher y Canihuante (13 de abril) y Cancha Rayada y El Manzano (15 de abril). Asimismo, se suman las villas Arizt\u00eda I y II y Villa David Perry (20 de abril), la localidad de Socos (22 de abril), las villas Lomas de Tuqui y Las Torres (27 de abril) y la poblaci\u00f3n Villal\u00f3n (29 de abril).<\/p>\n\n\n\n<p>Cabe destacar, que estas intervenciones se realizar\u00e1n los d\u00edas jueves y s\u00e1bado a excepci\u00f3n de los d\u00edas festivos. \u201cSe mantendr\u00e1 la modalidad de trabajo mixto, ya que se utilizar\u00e1n contenedores Open Top, los cuales se instalan el d\u00eda anterior en el sector favorecido, para que las personas puedan asistir con sus veh\u00edculos y dejar los materiales o art\u00edculos. De todas formas recorreremos calles y pasajes retirando la basura hist\u00f3rica que se encuentren en frente de las viviendas\u201d sostuvo el director de Aseo y Ornato del municipio de Ovalle, Marcelo Tabilo.&nbsp;<\/p>\n\n\n\n<p>En este sentido, el alcalde suplente de Ovalle, Jonathan Acu\u00f1a Rojas hizo un llamado a \u201caprovechar esta oportunidad de deshacerse de los residuos que, por lo general, se acumulan en el patio de los hogares. Estamos muy contentos con el resultado que hemos tenido en estos operativos, porque evitamos que todo lo recolectado llegue a sitios eriazos y sectores perif\u00e9ricos de nuestra comuna, generando una serie de microbasurales, que es lo que queremos evitar\u201d.<\/p>\n","protected":false},"excerpt":{"rendered":"<p>La iniciativa impulsada por el municipio de Ovalle, a trav\u00e9s del departamento de Aseo y Ornato, busca darles la posibilidad a los vecinos de la comuna para que se deshagan de materiales en desuso y artefactos el\u00e9ctricos en mal estado, que, principalmente, se acumulan en el patio de los hogares. Localidades rurales y sectores urbanos &#8230;<\/p>\n","protected":false},"author":2,"featured_media":8730,"comment_status":"open","ping_status":"open","sticky":false,"template":"","format":"standard","meta":{"footnotes":""},"categories":[5],"tags":[],"class_list":["post-8729","post","type-post","status-publish","format-standard","has-post-thumbnail","hentry","category-actualidad-limarina"],"_links":{"self":[{"href":"https:\/\/www.radiolimari.cl\/index.php?rest_route=\/wp\/v2\/posts\/8729","targetHints":{"allow":["GET"]}}],"collection":[{"href":"https:\/\/www.radiolimari.cl\/index.php?rest_route=\/wp\/v2\/posts"}],"about":[{"href":"https:\/\/www.radiolimari.cl\/index.php?rest_route=\/wp\/v2\/types\/post"}],"author":[{"embeddable":true,"href":"https:\/\/www.radiolimari.cl\/index.php?rest_route=\/wp\/v2\/users\/2"}],"replies":[{"embeddable":true,"href":"https:\/\/www.radiolimari.cl\/index.php?rest_route=%2Fwp%2Fv2%2Fcomments&post=8729"}],"version-history":[{"count":1,"href":"https:\/\/www.radiolimari.cl\/index.php?rest_route=\/wp\/v2\/posts\/8729\/revisions"}],"predecessor-version":[{"id":8731,"href":"https:\/\/www.radiolimari.cl\/index.php?rest_route=\/wp\/v2\/posts\/8729\/revisions\/8731"}],"wp:featuredmedia":[{"embeddable":true,"href":"https:\/\/www.radiolimari.cl\/index.php?rest_route=\/wp\/v2\/media\/8730"}],"wp:attachment":[{"href":"https:\/\/www.radiolimari.cl\/index.php?rest_route=%2Fwp%2Fv2%2Fmedia&parent=8729"}],"wp:term":[{"taxonomy":"category","embeddable":true,"href":"https:\/\/www.radiolimari.cl\/index.php?rest_route=%2Fwp%2Fv2%2Fcategories&post=8729"},{"taxonomy":"post_tag","embeddable":true,"href":"https:\/\/www.radiolimari.cl\/index.php?rest_route=%2Fwp%2Fv2%2Ftags&post=8729"}],"curies":[{"name":"wp","href":"https:\/\/api.w.org\/{rel}","templated":true}]}}