{"id":8726,"date":"2023-03-30T17:08:47","date_gmt":"2023-03-30T17:08:47","guid":{"rendered":"https:\/\/www.radiolimari.cl\/?p=8726"},"modified":"2023-03-30T17:08:48","modified_gmt":"2023-03-30T17:08:48","slug":"consejo-regional-de-coquimbo-inicia-su-segundo-ano-administrativo-con-dos-nuevas-comisiones-y-cambio-en-presidencias","status":"publish","type":"post","link":"https:\/\/www.radiolimari.cl\/?p=8726","title":{"rendered":"Consejo Regional de Coquimbo inicia su segundo a\u00f1o administrativo con dos nuevas comisiones y cambio en presidencias"},"content":{"rendered":"\n<figure class=\"wp-block-image size-large\"><a href=\"https:\/\/www.radiolimari.cl\/wp-content\/uploads\/2023\/03\/IMG.jpeg\"><img fetchpriority=\"high\" decoding=\"async\" width=\"1024\" height=\"670\" src=\"https:\/\/www.radiolimari.cl\/wp-content\/uploads\/2023\/03\/IMG-1024x670.jpeg\" alt=\"\" class=\"wp-image-8727\" srcset=\"https:\/\/www.radiolimari.cl\/wp-content\/uploads\/2023\/03\/IMG-1024x670.jpeg 1024w, https:\/\/www.radiolimari.cl\/wp-content\/uploads\/2023\/03\/IMG-300x196.jpeg 300w, https:\/\/www.radiolimari.cl\/wp-content\/uploads\/2023\/03\/IMG-768x502.jpeg 768w, https:\/\/www.radiolimari.cl\/wp-content\/uploads\/2023\/03\/IMG.jpeg 1280w\" sizes=\"(max-width: 1024px) 100vw, 1024px\" \/><\/a><\/figure>\n\n\n\n<p>Las nuevas comisiones de Recurso H\u00eddrico y de G\u00e9nero buscan responder a los requerimientos y principales necesidades de la comunidad, y que requiere un trabajo espec\u00edfico de parte del cuerpo colegiado. <\/p>\n\n\n\n<p>Cumplido el primer a\u00f1o de gesti\u00f3n del CORE 2022 \u2013 2025, las y los consejeros regionales realizaron el ajuste correspondiente en las presidencias y vicepresidencias de las comisiones, adem\u00e1s de analizar la necesidad de generar nuevas instancias de trabajo.<\/p>\n\n\n\n<p>Una de las principales novedades para este a\u00f1o es la creaci\u00f3n de dos nuevas comisiones. La nueva comisi\u00f3n de recurso h\u00eddrico fue acordada como parte de las conclusiones de la comisi\u00f3n especial de Emergencia H\u00eddrica, que entreg\u00f3 su informe final esta semana, con la presencia de alcaldes, representantes de la Delegaci\u00f3n Presidencial Regional, servicios p\u00fablicos, regantes y entidades cient\u00edficas relacionadas al tema h\u00eddrico.<\/p>\n\n\n\n<p>Esta comisi\u00f3n ser\u00e1 encabezada por dos consejeros de la provincia del Choapa. Cristian Rondanelli ser\u00e1 presidente de la instancia, mientras que el consejero Darwin Ibacache, quien presidi\u00f3 la comisi\u00f3n especial antes mencionada, asumir\u00e1 como vicepresidente de esta instancia permanente de trabajo.<\/p>\n\n\n\n<p>En segunda instancia, se cre\u00f3 la comisi\u00f3n de G\u00e9nero, que ser\u00e1 presidida por la consejera Tatiana Cort\u00e9s, quien ser\u00e1 secundada por la consejera por Elqui, Paola Cort\u00e9s.<\/p>\n\n\n\n<p>Respecto de las dem\u00e1s comisiones, se gener\u00f3 rotaci\u00f3n en presidencias y vicepresidencias. As\u00ed es como la comisi\u00f3n de Salud y Deportes pasar\u00e1 a ser encabezada por el consejero Darwin Ibacache, pasando a la vicepresidencia la consejera Ximena Ampuero; Desarrollo Social mantiene la presidencia a cargo de Lombardo Toledo, mientras que Ximena Ampuero asume la vicepresidencia.<\/p>\n\n\n\n<p>En Fomento Productivo, se mantiene la cabeza la consejera Tatiana Castillo, asumiendo la vicepresidencia el consejero por Limar\u00ed, Mat\u00edas Guzm\u00e1n; mientras que en Medio Ambiente se mantiene Pedro Valencia en la presidencia, asumiendo la vicepresidencia el consejero por Choapa, David Mu\u00f1oz.<\/p>\n\n\n\n<p>Otra comisi\u00f3n que rot\u00f3 su presidencia es Educaci\u00f3n y Cultura, donde su anterior vicepresidente, Juan Barraza, asume a la cabeza, pasando a la vicepresidencia la consejera por Limar\u00ed, Tatiana Cort\u00e9s. La comisi\u00f3n de presupuesto queda bajo la presidencia de Javier Vega, mientras que asume la vicepresidencia el consejero Wladimir Pleticosic.<\/p>\n\n\n\n<p>Las comisiones de R\u00e9gimen Interno, Ordenamiento Territorial y Relaciones Internacionales mantienen sus presidencias y vicepresidencias, a cargo de Paola Cort\u00e9s y Francisco Mart\u00ednez; Wladimir Pleticosic y David mu\u00f1oz; y Marcelo Castagneto y Hanna Jarufe, respectivamente. El resto de los integrantes de cada comisi\u00f3n ser\u00e1 definido durante la pr\u00f3xima semana.<\/p>\n","protected":false},"excerpt":{"rendered":"<p>Las nuevas comisiones de Recurso H\u00eddrico y de G\u00e9nero buscan responder a los requerimientos y principales necesidades de la comunidad, y que requiere un trabajo espec\u00edfico de parte del cuerpo colegiado. Cumplido el primer a\u00f1o de gesti\u00f3n del CORE 2022 \u2013 2025, las y los consejeros regionales realizaron el ajuste correspondiente en las presidencias y &#8230;<\/p>\n","protected":false},"author":2,"featured_media":8727,"comment_status":"open","ping_status":"open","sticky":false,"template":"","format":"standard","meta":{"footnotes":""},"categories":[6],"tags":[],"class_list":["post-8726","post","type-post","status-publish","format-standard","has-post-thumbnail","hentry","category-regionales"],"_links":{"self":[{"href":"https:\/\/www.radiolimari.cl\/index.php?rest_route=\/wp\/v2\/posts\/8726","targetHints":{"allow":["GET"]}}],"collection":[{"href":"https:\/\/www.radiolimari.cl\/index.php?rest_route=\/wp\/v2\/posts"}],"about":[{"href":"https:\/\/www.radiolimari.cl\/index.php?rest_route=\/wp\/v2\/types\/post"}],"author":[{"embeddable":true,"href":"https:\/\/www.radiolimari.cl\/index.php?rest_route=\/wp\/v2\/users\/2"}],"replies":[{"embeddable":true,"href":"https:\/\/www.radiolimari.cl\/index.php?rest_route=%2Fwp%2Fv2%2Fcomments&post=8726"}],"version-history":[{"count":1,"href":"https:\/\/www.radiolimari.cl\/index.php?rest_route=\/wp\/v2\/posts\/8726\/revisions"}],"predecessor-version":[{"id":8728,"href":"https:\/\/www.radiolimari.cl\/index.php?rest_route=\/wp\/v2\/posts\/8726\/revisions\/8728"}],"wp:featuredmedia":[{"embeddable":true,"href":"https:\/\/www.radiolimari.cl\/index.php?rest_route=\/wp\/v2\/media\/8727"}],"wp:attachment":[{"href":"https:\/\/www.radiolimari.cl\/index.php?rest_route=%2Fwp%2Fv2%2Fmedia&parent=8726"}],"wp:term":[{"taxonomy":"category","embeddable":true,"href":"https:\/\/www.radiolimari.cl\/index.php?rest_route=%2Fwp%2Fv2%2Fcategories&post=8726"},{"taxonomy":"post_tag","embeddable":true,"href":"https:\/\/www.radiolimari.cl\/index.php?rest_route=%2Fwp%2Fv2%2Ftags&post=8726"}],"curies":[{"name":"wp","href":"https:\/\/api.w.org\/{rel}","templated":true}]}}