{"id":8723,"date":"2023-03-30T14:20:23","date_gmt":"2023-03-30T14:20:23","guid":{"rendered":"https:\/\/www.radiolimari.cl\/?p=8723"},"modified":"2023-03-30T14:20:23","modified_gmt":"2023-03-30T14:20:23","slug":"diputado-sulantay-solicita-a-ministros-del-interior-y-hacienda-planes-de-contingencia-ante-ingreso-del-fenomeno-del-nino","status":"publish","type":"post","link":"https:\/\/www.radiolimari.cl\/?p=8723","title":{"rendered":"Diputado Sulantay solicita a ministros del Interior y Hacienda planes de contingencia ante ingreso del fen\u00f3meno del ni\u00f1o"},"content":{"rendered":"\n<figure class=\"wp-block-image size-large is-resized\"><a href=\"https:\/\/www.radiolimari.cl\/wp-content\/uploads\/2023\/03\/FOTO-DIPUTADO-SULANTAY.jpg\"><img fetchpriority=\"high\" decoding=\"async\" src=\"https:\/\/www.radiolimari.cl\/wp-content\/uploads\/2023\/03\/FOTO-DIPUTADO-SULANTAY-614x1024.jpg\" alt=\"\" class=\"wp-image-8724\" width=\"396\" height=\"660\" srcset=\"https:\/\/www.radiolimari.cl\/wp-content\/uploads\/2023\/03\/FOTO-DIPUTADO-SULANTAY-614x1024.jpg 614w, https:\/\/www.radiolimari.cl\/wp-content\/uploads\/2023\/03\/FOTO-DIPUTADO-SULANTAY-180x300.jpg 180w, https:\/\/www.radiolimari.cl\/wp-content\/uploads\/2023\/03\/FOTO-DIPUTADO-SULANTAY.jpg 639w\" sizes=\"(max-width: 396px) 100vw, 396px\" \/><\/a><\/figure>\n\n\n\n<p><em>Este suceso, dijo el parlamentario gremialista, trae aparejado intensas lluvias que podr\u00edan provocar importantes da\u00f1os.<\/em> <\/p>\n\n\n\n<p>Tras conocer todos los informes meteorol\u00f3gicos serios, los adelantan que probablemente est\u00e9 en retirada el fen\u00f3meno de la ni\u00f1a que provoca sequ\u00edas escasez h\u00eddrica e ingrese el fen\u00f3meno del ni\u00f1o, lo que trae aparejado las tan ansiadas y esperadas lluvias, especialmente en nuestra regi\u00f3n de Coquimbo, es que el diputado Marco Antonio Sulantay pidi\u00f3 por medio de un oficio enviado a los ministros del Interior y hacienda, Carolina Toh\u00e1 y Mario Marcel, respectivamente, que le informen si tienen previstos planes de contingencia ante la llegada de este suceso.<\/p>\n\n\n\n<p>Esto, explic\u00f3 el parlamentario gremialista, porque \u201clo que est\u00e1 ocurriendo en Per\u00fa donde se han manifestado verdaderos diluvios que han provocado importantes desastres naturales, adem\u00e1s para no pasar por lo mismo que vivimos en el verano con el tema de los incendios forestales en el sur del pa\u00eds, donde el gobierno no ten\u00eda un plan previo, es que me adelant\u00e9 y ped\u00ed informaci\u00f3n al gobierno al respecto\u201d.<\/p>\n\n\n\n<p>\u201cEs sumamente importante\u201d, dijo Sulantay, \u201cque nos antepongamos a los hechos y se tomen las medidas correspondientes ante posibles desastres naturales que tanto da\u00f1o provocan a la poblaci\u00f3n\u201d.<\/p>\n\n\n\n<p>En esa l\u00ednea, agreg\u00f3 el diputado por el Distrito 5, \u201cesperamos que el gobierno en este sentido deje de improvisar como lo ha hecho con la gran mayor\u00eda de los temas importantes, y nos informe si es que tiene planes relacionados a enfrentar cat\u00e1strofes o eventuales cat\u00e1strofes naturales\u201d.<\/p>\n\n\n\n<p>Finalmente, el diputado Marco Antonio Sulantay reiter\u00f3 el llamado&nbsp; a los ministros a responder al oficio a la brevedad posible con el fin de que se tomen las medidas correspondientes para este invierno que se nos avecina.<\/p>\n","protected":false},"excerpt":{"rendered":"<p>Este suceso, dijo el parlamentario gremialista, trae aparejado intensas lluvias que podr\u00edan provocar importantes da\u00f1os. Tras conocer todos los informes meteorol\u00f3gicos serios, los adelantan que probablemente est\u00e9 en retirada el fen\u00f3meno de la ni\u00f1a que provoca sequ\u00edas escasez h\u00eddrica e ingrese el fen\u00f3meno del ni\u00f1o, lo que trae aparejado las tan ansiadas y esperadas lluvias, &#8230;<\/p>\n","protected":false},"author":2,"featured_media":8724,"comment_status":"open","ping_status":"open","sticky":false,"template":"","format":"standard","meta":{"footnotes":""},"categories":[3],"tags":[],"class_list":["post-8723","post","type-post","status-publish","format-standard","has-post-thumbnail","hentry","category-actualidad"],"_links":{"self":[{"href":"https:\/\/www.radiolimari.cl\/index.php?rest_route=\/wp\/v2\/posts\/8723","targetHints":{"allow":["GET"]}}],"collection":[{"href":"https:\/\/www.radiolimari.cl\/index.php?rest_route=\/wp\/v2\/posts"}],"about":[{"href":"https:\/\/www.radiolimari.cl\/index.php?rest_route=\/wp\/v2\/types\/post"}],"author":[{"embeddable":true,"href":"https:\/\/www.radiolimari.cl\/index.php?rest_route=\/wp\/v2\/users\/2"}],"replies":[{"embeddable":true,"href":"https:\/\/www.radiolimari.cl\/index.php?rest_route=%2Fwp%2Fv2%2Fcomments&post=8723"}],"version-history":[{"count":1,"href":"https:\/\/www.radiolimari.cl\/index.php?rest_route=\/wp\/v2\/posts\/8723\/revisions"}],"predecessor-version":[{"id":8725,"href":"https:\/\/www.radiolimari.cl\/index.php?rest_route=\/wp\/v2\/posts\/8723\/revisions\/8725"}],"wp:featuredmedia":[{"embeddable":true,"href":"https:\/\/www.radiolimari.cl\/index.php?rest_route=\/wp\/v2\/media\/8724"}],"wp:attachment":[{"href":"https:\/\/www.radiolimari.cl\/index.php?rest_route=%2Fwp%2Fv2%2Fmedia&parent=8723"}],"wp:term":[{"taxonomy":"category","embeddable":true,"href":"https:\/\/www.radiolimari.cl\/index.php?rest_route=%2Fwp%2Fv2%2Fcategories&post=8723"},{"taxonomy":"post_tag","embeddable":true,"href":"https:\/\/www.radiolimari.cl\/index.php?rest_route=%2Fwp%2Fv2%2Ftags&post=8723"}],"curies":[{"name":"wp","href":"https:\/\/api.w.org\/{rel}","templated":true}]}}