{"id":8720,"date":"2023-03-30T13:50:39","date_gmt":"2023-03-30T13:50:39","guid":{"rendered":"https:\/\/www.radiolimari.cl\/?p=8720"},"modified":"2023-03-30T13:50:40","modified_gmt":"2023-03-30T13:50:40","slug":"la-tasa-de-desocupacion-en-la-region-de-coquimbo-fue-de-85-en-el-trimestre-movil-diciembre-2022-febrero-2023","status":"publish","type":"post","link":"https:\/\/www.radiolimari.cl\/?p=8720","title":{"rendered":"La tasa de desocupaci\u00f3n en la regi\u00f3n de Coquimbo fue de 8,5% en el trimestre m\u00f3vil diciembre 2022-febrero 2023"},"content":{"rendered":"\n<figure class=\"wp-block-image size-full\"><a href=\"https:\/\/www.radiolimari.cl\/wp-content\/uploads\/2023\/03\/WhatsApp-Image-2021-12-08-at-3.21.29-PM.jpeg\"><img fetchpriority=\"high\" decoding=\"async\" width=\"741\" height=\"600\" src=\"https:\/\/www.radiolimari.cl\/wp-content\/uploads\/2023\/03\/WhatsApp-Image-2021-12-08-at-3.21.29-PM.jpeg\" alt=\"\" class=\"wp-image-8721\" srcset=\"https:\/\/www.radiolimari.cl\/wp-content\/uploads\/2023\/03\/WhatsApp-Image-2021-12-08-at-3.21.29-PM.jpeg 741w, https:\/\/www.radiolimari.cl\/wp-content\/uploads\/2023\/03\/WhatsApp-Image-2021-12-08-at-3.21.29-PM-300x243.jpeg 300w\" sizes=\"(max-width: 741px) 100vw, 741px\" \/><\/a><\/figure>\n\n\n\n<p>La estimaci\u00f3n de la tasa de desocupaci\u00f3n nacional fue de 8,4%, registrando un aumento de 0,9 pp. en doce meses.<\/p>\n\n\n\n<p>En 8,5% se ubic\u00f3 la tasa de desocupaci\u00f3n en la Regi\u00f3n de Coquimbo durante el trimestre m\u00f3vil diciembre 2022-febrero 2023 (DEF 2023), de acuerdo con la informaci\u00f3n registrada en la Encuesta Nacional de Empleo (ENE) que elabora el Instituto Nacional de Estad\u00edsticas de Chile (INE). La cifra signific\u00f3 una disminuci\u00f3n de 0,5 puntos porcentuales (pp.) en doce meses (noveno descenso anual consecutivo), dado que el alza de la fuerza de trabajo (9,7%) fue menor a la presentada por las personas ocupadas (10,4%). Por su parte, las personas desocupadas aumentaron 3,0%.<\/p>\n\n\n\n<p>Seg\u00fan sexo, la tasa de desocupaci\u00f3n regional de mujeres se ubic\u00f3 en 9,0% y la de hombres en 8,1%.&nbsp; Las tasas de desocupaci\u00f3n de las provincias de Elqui y Limar\u00ed fueron de 10,0% y 4,0%, en tanto, en la conurbaci\u00f3n La Serena-Coquimbo fue de 10,4%.<\/p>\n\n\n\n<p><strong>CIFRAS NACIONALES<\/strong><\/p>\n\n\n\n<p>La estimaci\u00f3n de la tasa de desocupaci\u00f3n nacional fue de 8,4%, registrando un aumento de 0,9 pp. en doce meses, producto del alza de la fuerza de trabajo (4,0%), mayor a la presentada por las personas ocupadas (3,0%). Por su parte, las personas desocupadas (16,0%) aumentaron en la comparaci\u00f3n interanual.<\/p>\n","protected":false},"excerpt":{"rendered":"<p>La estimaci\u00f3n de la tasa de desocupaci\u00f3n nacional fue de 8,4%, registrando un aumento de 0,9 pp. en doce meses. En 8,5% se ubic\u00f3 la tasa de desocupaci\u00f3n en la Regi\u00f3n de Coquimbo durante el trimestre m\u00f3vil diciembre 2022-febrero 2023 (DEF 2023), de acuerdo con la informaci\u00f3n registrada en la Encuesta Nacional de Empleo (ENE) &#8230;<\/p>\n","protected":false},"author":2,"featured_media":8721,"comment_status":"open","ping_status":"open","sticky":false,"template":"","format":"standard","meta":{"footnotes":""},"categories":[6],"tags":[],"class_list":["post-8720","post","type-post","status-publish","format-standard","has-post-thumbnail","hentry","category-regionales"],"_links":{"self":[{"href":"https:\/\/www.radiolimari.cl\/index.php?rest_route=\/wp\/v2\/posts\/8720","targetHints":{"allow":["GET"]}}],"collection":[{"href":"https:\/\/www.radiolimari.cl\/index.php?rest_route=\/wp\/v2\/posts"}],"about":[{"href":"https:\/\/www.radiolimari.cl\/index.php?rest_route=\/wp\/v2\/types\/post"}],"author":[{"embeddable":true,"href":"https:\/\/www.radiolimari.cl\/index.php?rest_route=\/wp\/v2\/users\/2"}],"replies":[{"embeddable":true,"href":"https:\/\/www.radiolimari.cl\/index.php?rest_route=%2Fwp%2Fv2%2Fcomments&post=8720"}],"version-history":[{"count":1,"href":"https:\/\/www.radiolimari.cl\/index.php?rest_route=\/wp\/v2\/posts\/8720\/revisions"}],"predecessor-version":[{"id":8722,"href":"https:\/\/www.radiolimari.cl\/index.php?rest_route=\/wp\/v2\/posts\/8720\/revisions\/8722"}],"wp:featuredmedia":[{"embeddable":true,"href":"https:\/\/www.radiolimari.cl\/index.php?rest_route=\/wp\/v2\/media\/8721"}],"wp:attachment":[{"href":"https:\/\/www.radiolimari.cl\/index.php?rest_route=%2Fwp%2Fv2%2Fmedia&parent=8720"}],"wp:term":[{"taxonomy":"category","embeddable":true,"href":"https:\/\/www.radiolimari.cl\/index.php?rest_route=%2Fwp%2Fv2%2Fcategories&post=8720"},{"taxonomy":"post_tag","embeddable":true,"href":"https:\/\/www.radiolimari.cl\/index.php?rest_route=%2Fwp%2Fv2%2Ftags&post=8720"}],"curies":[{"name":"wp","href":"https:\/\/api.w.org\/{rel}","templated":true}]}}