{"id":8714,"date":"2023-03-29T21:00:34","date_gmt":"2023-03-29T21:00:34","guid":{"rendered":"https:\/\/www.radiolimari.cl\/?p=8714"},"modified":"2023-03-29T21:00:35","modified_gmt":"2023-03-29T21:00:35","slug":"punitaqui-tiene-todo-listo-para-sorprender-con-su-fiesta-de-la-vendimia-2023","status":"publish","type":"post","link":"https:\/\/www.radiolimari.cl\/?p=8714","title":{"rendered":"Punitaqui tiene todo listo para sorprender con su Fiesta de la Vendimia 2023."},"content":{"rendered":"\n<figure class=\"wp-block-image size-full\"><a href=\"https:\/\/www.radiolimari.cl\/wp-content\/uploads\/2023\/03\/Flyer-Poster-Cartel-Fiesta-Anos-80s-Retro-Vintage-Neon-Rosa-Post-de-Instagram-Cuadrado-12-\u00d7-10-cm-14-\u00d7-10-cm-25-\u00d7-17-cm-Post-para-Facebook-Horizontal-1.png\"><img fetchpriority=\"high\" decoding=\"async\" width=\"940\" height=\"788\" src=\"https:\/\/www.radiolimari.cl\/wp-content\/uploads\/2023\/03\/Flyer-Poster-Cartel-Fiesta-Anos-80s-Retro-Vintage-Neon-Rosa-Post-de-Instagram-Cuadrado-12-\u00d7-10-cm-14-\u00d7-10-cm-25-\u00d7-17-cm-Post-para-Facebook-Horizontal-1.png\" alt=\"\" class=\"wp-image-8715\" srcset=\"https:\/\/www.radiolimari.cl\/wp-content\/uploads\/2023\/03\/Flyer-Poster-Cartel-Fiesta-Anos-80s-Retro-Vintage-Neon-Rosa-Post-de-Instagram-Cuadrado-12-\u00d7-10-cm-14-\u00d7-10-cm-25-\u00d7-17-cm-Post-para-Facebook-Horizontal-1.png 940w, https:\/\/www.radiolimari.cl\/wp-content\/uploads\/2023\/03\/Flyer-Poster-Cartel-Fiesta-Anos-80s-Retro-Vintage-Neon-Rosa-Post-de-Instagram-Cuadrado-12-\u00d7-10-cm-14-\u00d7-10-cm-25-\u00d7-17-cm-Post-para-Facebook-Horizontal-1-300x251.png 300w, https:\/\/www.radiolimari.cl\/wp-content\/uploads\/2023\/03\/Flyer-Poster-Cartel-Fiesta-Anos-80s-Retro-Vintage-Neon-Rosa-Post-de-Instagram-Cuadrado-12-\u00d7-10-cm-14-\u00d7-10-cm-25-\u00d7-17-cm-Post-para-Facebook-Horizontal-1-768x644.png 768w\" sizes=\"(max-width: 940px) 100vw, 940px\" \/><\/a><figcaption class=\"wp-element-caption\">Cada a\u00f1o ha tomado m\u00e1s fuerza esta gran celebraci\u00f3n de la Fiesta de la Vendimia de Punitaqui.<\/figcaption><\/figure>\n\n\n\n<p>Este a\u00f1o se realizar\u00e1 los d\u00edas s\u00e1bado 1 y domingo 2 de abril, en dependencias del Estadio Municipal y calle Lautaro, determinaci\u00f3n que se realiz\u00f3 pensando en cada uno de los vecinos, vecinas y asistentes, tomando en cuenta una mayor seguridad, resguardo y control en cada uno de los participantes de esta Vendimia.<\/p>\n\n\n\n<p>Esta nueva versi\u00f3n 2023 dispondr\u00e1 de espacios comunes con alrededor de 30 locales comerciales, los cuales&nbsp; ser\u00e1n distribuidos entre stands de Vi\u00f1as, Piscos, Cervecer\u00eda y potenciando a\u00fan m\u00e1s el&nbsp; Mercado Campesino, recalcando as\u00ed tambi\u00e9n los m\u00e1s de 15 puestos de artesanos y manufactura del territorio, cocineria y 40 locales de bazar y paqueteria, teniendo una gran diversidad de productos de la zona para todos los gustos de los visitantes.<\/p>\n\n\n\n<p>Este evento contar\u00e1 con un show de primer nivel con artistas locales y nacionales en diferentes horarios en el Estadio Municipal Punitaqui, donde el folclor tambi\u00e9n se har\u00e1 presente en esta versi\u00f3n , con shows art\u00edstico de agrupaciones de danzas folkloricas, asi como tambien grupos musicales, dando \u00e9nfasis a las tradiciones, bailes y m\u00fasica t\u00edpica de Chile. En esta ocasi\u00f3n los grupos encargados de presentar destrezas folcl\u00f3ricas son Newen Ant\u00fc y Sangre Latina, quienes deleitar\u00e1n con cultura y tradiciones chilenas as\u00ed como tambi\u00e9n har\u00e1n una muestra de danzas andinas.<\/p>\n\n\n\n<p>En el transcurso de estos dos d\u00edas de celebraci\u00f3n tambi\u00e9n se contar\u00e1 con la presencia de cantantes de m\u00fasica tradicional Mexicana, dando la oportunidad para presentarse con toda el estilo ranchero a Jaqueline Rojas \u00abLa Voz del Limar\u00ed\u00bb,&nbsp; as\u00ed como tambi\u00e9n al destacado artista local Miguel Angel Contreras, m\u00e1s conocido como \u00abEl Charro Punitaquino\u00bb. Siguiendo con el espacio para los artistas y agrupaciones locales es que se presentar\u00e1 \u00abKrossrocket\u00bb, banda musical de Rock y Blues, quienes har\u00e1n un repaso por toda la mitolog\u00eda local a trav\u00e9s de sus letras.<\/p>\n\n\n\n<p>El escenario principal contar\u00e1 con m\u00fasica en vivo y con un show de primer nivel. El d\u00eda s\u00e1bado 01 de abril se presentar\u00e1 el artista local Paskual y Su Alegr\u00eda, un&nbsp; gran referente de la m\u00fasica tropical Chilena que ha representado el nombre de Punitaqui a nivel nacional. En esta misma jornada el encargado de dar t\u00e9rmino al show ser\u00e1 el d\u00fao \u00abLos V\u00e1squez\u00bb, donde \u00cdtalo y Enzo estar\u00e1n cantando sus mayores \u00e9xitos del estilo musical \u00abPop Cebolla\u00bb.<\/p>\n\n\n\n<p>Continuando con la segunda y \u00faltima jornada, pensando en cada uno de los vecinos y vecinas de Punitaqui, en mostrar cultura y tradici\u00f3n es que se presentar\u00e1 la agrupaci\u00f3n \u00abEntremares\u00bb, artistas reconocidos a nivel nacional por representar toda la m\u00fasica tradicional del Pa\u00eds en los m\u00e1s grandes escenarios. Para culminar la VII versi\u00f3n de la vendimia Punitaqui 2023 se presentar\u00e1 el grupo de cumbias rancheras \u00abLos Pincheiras del Sur de Jhonn Rosales\u00bb, desde Linares llegar\u00e1n a Punitaqui a deleitar con toda su m\u00fasica.<\/p>\n\n\n\n<p>Durante las jornadas se espera que lleguen alrededor de 20.000 personas diarias, las que podr\u00e1n disfrutar de un espect\u00e1culo pensado y dise\u00f1ado para cada integrante de la familia con gran \u00e9nfasis en la cultura y las tradiciones chilenas.<\/p>\n","protected":false},"excerpt":{"rendered":"<p>Este a\u00f1o se realizar\u00e1 los d\u00edas s\u00e1bado 1 y domingo 2 de abril, en dependencias del Estadio Municipal y calle Lautaro, determinaci\u00f3n que se realiz\u00f3 pensando en cada uno de los vecinos, vecinas y asistentes, tomando en cuenta una mayor seguridad, resguardo y control en cada uno de los participantes de esta Vendimia. Esta nueva &#8230;<\/p>\n","protected":false},"author":2,"featured_media":8715,"comment_status":"open","ping_status":"open","sticky":false,"template":"","format":"standard","meta":{"footnotes":""},"categories":[5],"tags":[],"class_list":["post-8714","post","type-post","status-publish","format-standard","has-post-thumbnail","hentry","category-actualidad-limarina"],"_links":{"self":[{"href":"https:\/\/www.radiolimari.cl\/index.php?rest_route=\/wp\/v2\/posts\/8714","targetHints":{"allow":["GET"]}}],"collection":[{"href":"https:\/\/www.radiolimari.cl\/index.php?rest_route=\/wp\/v2\/posts"}],"about":[{"href":"https:\/\/www.radiolimari.cl\/index.php?rest_route=\/wp\/v2\/types\/post"}],"author":[{"embeddable":true,"href":"https:\/\/www.radiolimari.cl\/index.php?rest_route=\/wp\/v2\/users\/2"}],"replies":[{"embeddable":true,"href":"https:\/\/www.radiolimari.cl\/index.php?rest_route=%2Fwp%2Fv2%2Fcomments&post=8714"}],"version-history":[{"count":1,"href":"https:\/\/www.radiolimari.cl\/index.php?rest_route=\/wp\/v2\/posts\/8714\/revisions"}],"predecessor-version":[{"id":8716,"href":"https:\/\/www.radiolimari.cl\/index.php?rest_route=\/wp\/v2\/posts\/8714\/revisions\/8716"}],"wp:featuredmedia":[{"embeddable":true,"href":"https:\/\/www.radiolimari.cl\/index.php?rest_route=\/wp\/v2\/media\/8715"}],"wp:attachment":[{"href":"https:\/\/www.radiolimari.cl\/index.php?rest_route=%2Fwp%2Fv2%2Fmedia&parent=8714"}],"wp:term":[{"taxonomy":"category","embeddable":true,"href":"https:\/\/www.radiolimari.cl\/index.php?rest_route=%2Fwp%2Fv2%2Fcategories&post=8714"},{"taxonomy":"post_tag","embeddable":true,"href":"https:\/\/www.radiolimari.cl\/index.php?rest_route=%2Fwp%2Fv2%2Ftags&post=8714"}],"curies":[{"name":"wp","href":"https:\/\/api.w.org\/{rel}","templated":true}]}}