{"id":8708,"date":"2023-03-28T13:20:15","date_gmt":"2023-03-28T13:20:15","guid":{"rendered":"https:\/\/www.radiolimari.cl\/?p=8708"},"modified":"2023-03-28T13:20:16","modified_gmt":"2023-03-28T13:20:16","slug":"gobernadora-naranjo-pide-a-seremi-de-mineria-acelerar-proyecto-para-apoyo-de-mineros-en-la-region","status":"publish","type":"post","link":"https:\/\/www.radiolimari.cl\/?p=8708","title":{"rendered":"<strong>Gobernadora Naranjo pide a seremi de Miner\u00eda acelerar proyecto para apoyo de mineros en la regi\u00f3n<\/strong>"},"content":{"rendered":"\n<figure class=\"wp-block-image size-large\"><a href=\"https:\/\/www.radiolimari.cl\/wp-content\/uploads\/2023\/03\/gobernadora-oficial-alta-scaled.jpg\"><img fetchpriority=\"high\" decoding=\"async\" width=\"1024\" height=\"683\" src=\"https:\/\/www.radiolimari.cl\/wp-content\/uploads\/2023\/03\/gobernadora-oficial-alta-1024x683.jpg\" alt=\"\" class=\"wp-image-8709\" srcset=\"https:\/\/www.radiolimari.cl\/wp-content\/uploads\/2023\/03\/gobernadora-oficial-alta-1024x683.jpg 1024w, https:\/\/www.radiolimari.cl\/wp-content\/uploads\/2023\/03\/gobernadora-oficial-alta-300x200.jpg 300w, https:\/\/www.radiolimari.cl\/wp-content\/uploads\/2023\/03\/gobernadora-oficial-alta-768x512.jpg 768w, https:\/\/www.radiolimari.cl\/wp-content\/uploads\/2023\/03\/gobernadora-oficial-alta-1536x1024.jpg 1536w, https:\/\/www.radiolimari.cl\/wp-content\/uploads\/2023\/03\/gobernadora-oficial-alta-2048x1365.jpg 2048w\" sizes=\"(max-width: 1024px) 100vw, 1024px\" \/><\/a><figcaption class=\"wp-element-caption\">Inquietud y preocupaci\u00f3n existe en la Gobernadora Regional, Krist Naranjo por la demora del proyecto que debe reformular la Secretaria Regional Ministerial de Miner\u00eda para que desde el Gobierno Regional puedan traspasar recursos con la finalidad de apoyar el fortalecimiento de la peque\u00f1a miner\u00eda regional. <\/figcaption><\/figure>\n\n\n\n<p>A trav\u00e9s de la Divisi\u00f3n de Planificaci\u00f3n y Desarrollo Regional (DIPLADE), se desarrollaron m\u00faltiples reuniones con asociaciones de mineros y la misma seremi de miner\u00eda para buscar soluci\u00f3n a la falta de recursos de la entidad gubernamental.<\/p>\n\n\n\n<p>El acuerdo es el levantamiento de la reformulaci\u00f3n de un proyecto por parte de la Seremi de Miner\u00eda que hasta el momento seg\u00fan indican desde el Gobierno regional no ha llegado<\/p>\n\n\n\n<p>Ante esto, la gobernadora se\u00f1al\u00f3, <strong>\u201clamento que a\u00fan no se haya ingresado este proyecto que se requiere con urgencia para el funcionamiento de la secretaria regional ministerial de miner\u00eda. Desde el Gobierno Regional tenemos toda la disposici\u00f3n para apoyar el desarrollo sustentable de la peque\u00f1a miner\u00eda de la Regi\u00f3n de Coquimbo\u201d.<\/strong><\/p>\n\n\n\n<p><strong>Antecedentes<\/strong><\/p>\n\n\n\n<ul class=\"wp-block-list\">\n<li>Durante el 2022 no se pudo generar convenios con la Secretar\u00eda Regional Ministerial de Miner\u00eda porque esta instituci\u00f3n no hab\u00eda rendido los recursos aportados desde el Fondo Nacional de Desarrollo Regional, en ese entonces, para el denominado \u201cFNDR Minero\u00bb<\/li>\n<\/ul>\n\n\n\n<ul class=\"wp-block-list\">\n<li>Tambi\u00e9n es importante se\u00f1alar que, durante enero del 2021, el Gobierno Regional se querell\u00f3 por Mal Uso de Fondos Fiscales contra quienes resulten responsables en la seremi de Miner\u00eda, periodo 2020.<\/li>\n<\/ul>\n\n\n\n<ul class=\"wp-block-list\">\n<li>Es importante se\u00f1alar que este es un problema de Estado donde la Subsecretar\u00eda de Miner\u00eda no se hace cargo del funcionamiento de las secretar\u00edas regionales, traspasando su responsabilidad a los gobiernos regionales.<\/li>\n<\/ul>\n\n\n\n<ul class=\"wp-block-list\">\n<li>Hay que consignar que, por gesti\u00f3n de la Gobernadora, Krist Naranjo, se han generado m\u00faltiples instancias para subsanar esta situaci\u00f3n. Una de ellas fue con ENAMI, a pesar de la negativa de la actual seremi de Miner\u00eda, Constanza Espinosa.<\/li>\n<\/ul>\n\n\n\n<ul class=\"wp-block-list\">\n<li>Hay que indicar que el Gobierno Regional busc\u00f3 alternativas de ejecutores del proyecto para apoyar y fortalecer a los propios peque\u00f1os mineros, por lo que se present\u00f3 la nueva propuesta, a trav\u00e9s de ENAMI, obteniendo su aprobaci\u00f3n t\u00e9cnica por parte de GORE, SUBDERE y DIPRES, pero fue observado por la Contralor\u00eda Regional de la Rep\u00fablica.<\/li>\n<\/ul>\n\n\n\n<ul class=\"wp-block-list\">\n<li>Posteriormente, hubo un pronunciamiento favorable de Contralor\u00eda respecto la entrega de fondos a instituciones que no han rendido. Por ello, se reingres\u00f3 la iniciativa a DIPLADE, cuya situaci\u00f3n fue analizada el viernes \u00faltimo con la seremi de Miner\u00eda, Constanza Espinosa, con la Divisi\u00f3n de Planificaci\u00f3n y Desarrollo, la Divisi\u00f3n de Fomento e Industrias y el consejero regional, Pedro Valencia, donde se est\u00e1 trabajando en la b\u00fasqueda de una soluci\u00f3n a un problema heredado.<\/li>\n<\/ul>\n\n\n\n<ul class=\"wp-block-list\">\n<li>Hoy se le solicita la seremi de Miner\u00eda reformular proyecto e ingresarlo al GORE para revisi\u00f3n y&nbsp; posterior financiamiento<\/li>\n<\/ul>\n","protected":false},"excerpt":{"rendered":"<p>A trav\u00e9s de la Divisi\u00f3n de Planificaci\u00f3n y Desarrollo Regional (DIPLADE), se desarrollaron m\u00faltiples reuniones con asociaciones de mineros y la misma seremi de miner\u00eda para buscar soluci\u00f3n a la falta de recursos de la entidad gubernamental. El acuerdo es el levantamiento de la reformulaci\u00f3n de un proyecto por parte de la Seremi de Miner\u00eda &#8230;<\/p>\n","protected":false},"author":2,"featured_media":8709,"comment_status":"open","ping_status":"open","sticky":false,"template":"","format":"standard","meta":{"footnotes":""},"categories":[6],"tags":[],"class_list":["post-8708","post","type-post","status-publish","format-standard","has-post-thumbnail","hentry","category-regionales"],"_links":{"self":[{"href":"https:\/\/www.radiolimari.cl\/index.php?rest_route=\/wp\/v2\/posts\/8708","targetHints":{"allow":["GET"]}}],"collection":[{"href":"https:\/\/www.radiolimari.cl\/index.php?rest_route=\/wp\/v2\/posts"}],"about":[{"href":"https:\/\/www.radiolimari.cl\/index.php?rest_route=\/wp\/v2\/types\/post"}],"author":[{"embeddable":true,"href":"https:\/\/www.radiolimari.cl\/index.php?rest_route=\/wp\/v2\/users\/2"}],"replies":[{"embeddable":true,"href":"https:\/\/www.radiolimari.cl\/index.php?rest_route=%2Fwp%2Fv2%2Fcomments&post=8708"}],"version-history":[{"count":1,"href":"https:\/\/www.radiolimari.cl\/index.php?rest_route=\/wp\/v2\/posts\/8708\/revisions"}],"predecessor-version":[{"id":8710,"href":"https:\/\/www.radiolimari.cl\/index.php?rest_route=\/wp\/v2\/posts\/8708\/revisions\/8710"}],"wp:featuredmedia":[{"embeddable":true,"href":"https:\/\/www.radiolimari.cl\/index.php?rest_route=\/wp\/v2\/media\/8709"}],"wp:attachment":[{"href":"https:\/\/www.radiolimari.cl\/index.php?rest_route=%2Fwp%2Fv2%2Fmedia&parent=8708"}],"wp:term":[{"taxonomy":"category","embeddable":true,"href":"https:\/\/www.radiolimari.cl\/index.php?rest_route=%2Fwp%2Fv2%2Fcategories&post=8708"},{"taxonomy":"post_tag","embeddable":true,"href":"https:\/\/www.radiolimari.cl\/index.php?rest_route=%2Fwp%2Fv2%2Ftags&post=8708"}],"curies":[{"name":"wp","href":"https:\/\/api.w.org\/{rel}","templated":true}]}}