{"id":8699,"date":"2023-03-26T00:05:01","date_gmt":"2023-03-26T00:05:01","guid":{"rendered":"https:\/\/www.radiolimari.cl\/?p=8699"},"modified":"2023-03-26T00:05:02","modified_gmt":"2023-03-26T00:05:02","slug":"lanzan-estrategia-de-atencion-de-enfermos-cronicos-en-cecosf-colonia-de-limari","status":"publish","type":"post","link":"https:\/\/www.radiolimari.cl\/?p=8699","title":{"rendered":"Lanzan estrategia de atenci\u00f3n de enfermos cr\u00f3nicos en CECOSF Colonia de Limar\u00ed"},"content":{"rendered":"\n<figure class=\"wp-block-image size-large is-resized\"><a href=\"https:\/\/www.radiolimari.cl\/wp-content\/uploads\/2023\/03\/ECICEP-CECOSF-Colonia-de-Limari-scaled.jpg\"><img fetchpriority=\"high\" decoding=\"async\" src=\"https:\/\/www.radiolimari.cl\/wp-content\/uploads\/2023\/03\/ECICEP-CECOSF-Colonia-de-Limari-1024x768.jpg\" alt=\"\" class=\"wp-image-8700\" width=\"397\" height=\"297\" srcset=\"https:\/\/www.radiolimari.cl\/wp-content\/uploads\/2023\/03\/ECICEP-CECOSF-Colonia-de-Limari-1024x768.jpg 1024w, https:\/\/www.radiolimari.cl\/wp-content\/uploads\/2023\/03\/ECICEP-CECOSF-Colonia-de-Limari-300x225.jpg 300w, https:\/\/www.radiolimari.cl\/wp-content\/uploads\/2023\/03\/ECICEP-CECOSF-Colonia-de-Limari-768x576.jpg 768w, https:\/\/www.radiolimari.cl\/wp-content\/uploads\/2023\/03\/ECICEP-CECOSF-Colonia-de-Limari-1536x1152.jpg 1536w, https:\/\/www.radiolimari.cl\/wp-content\/uploads\/2023\/03\/ECICEP-CECOSF-Colonia-de-Limari-2048x1536.jpg 2048w\" sizes=\"(max-width: 397px) 100vw, 397px\" \/><\/a><figcaption class=\"wp-element-caption\"><strong><em>Se trata de la Estrategia de Cuidado Integral Centrado en las Personas (ECICEP), que permite la atenci\u00f3n integral de las personas de 75 a 80 y m\u00e1s a\u00f1os, que presentan cinco o m\u00e1s enfermedades cr\u00f3nicas por parte de un equipo conformado por un m\u00e9dico y un gestor de casos, garantizando una mayor premura de sus requerimientos.<\/em><\/strong> <\/figcaption><\/figure>\n\n\n\n<p>Mejorar la atenci\u00f3n de los usuarios de 75 a 80 y m\u00e1s a\u00f1os es el principal objetivo de la Estrategia de Cuidado Integral de las Personas (ECICEP) impulsado por el ministerio de Salud y ejecutado por el departamento de Salud Municipal de Ovalle. Esta iniciativa se lanz\u00f3 en el CECOSF Colonia de la localidad de Limar\u00ed, quienes partieron con un proceso de \u201cmarcha blanca\u201d en noviembre de 2022, con usuarios de alta complejidad, quienes presentan mayor riesgo de mortalidad y alto consumo de medicamentos.<\/p>\n\n\n\n<p>El objetivo principal de la iniciativa es mejorar el proceso de atenci\u00f3n de las personas que presentan cinco o m\u00e1s enfermedades cr\u00f3nicas, con el fin de que no se atiendan por separado, sino que sean analizados en conjunto por una dupla compuesta por un m\u00e9dico y un gestor de casos.<\/p>\n\n\n\n<p>Esta estrategia \u201cnos cambia de inmediato el paradigma de atenci\u00f3n, porque se realiza de forma m\u00e1s personalizada enfocada en el paciente, donde se abarca de lo particular a lo general de sus patolog\u00edas. Durante la semana tenemos 3 a 4 pacientes que vamos agendando y eso implica una atenci\u00f3n de una hora 15 minutos por persona y en esta instancia los empoderamos, para que ellos puedan trabajar en su propia salud. En la actualidad contamos con 25 a 30 pacientes con quienes trabajaremos durante el primer semestre de este a\u00f1o\u201d sostuvo Bernardo Hidalgo, coordinador del CECOSF Colonia de Limar\u00ed. . &nbsp;<\/p>\n\n\n\n<p>En la comuna existen dos recintos de salud que se encuentran aplicando esta metodolog\u00eda de atenci\u00f3n que son el CESFAM de Sotaqui y el CECOSF Colonia de Limar\u00ed y ambos \u201cson un modelo y con quienes trabajaremos para que esta estrategia se desarrolle de la mejor manera, con el fin de implementarla posteriormente en los dem\u00e1s centros de salud de la comuna\u201d afirm\u00f3 la jefa del departamento de Salud Municipal, \u00c1ngela Neira. &nbsp;<\/p>\n\n\n\n<p>Paulina Rivera, integrante del equipo de facilitadores del programa ECICEP de la direcci\u00f3n del Servicio de Salud Coquimbo, enfatiz\u00f3 que los profesionales trabajan en esta \u00e1rea \u201chacen un esfuerzo enorme para ejecutarlo, puesto que cambia el proceso de atenci\u00f3n de los pacientes y los tiempos requeridos por ellos, con quienes se realizan planes y acuerdos. La idea es que ojal\u00e1 el pr\u00f3ximo a\u00f1o se pueda extender esta metodolog\u00eda a los dem\u00e1s centros de la comuna de Ovalle\u201d.<\/p>\n\n\n\n<p>El balance de los usuarios del CECOSF Limar\u00ed ha sido positivo, ya que valoran que un equipo los atienda de forma integral y se preocupe de las distintas patolog\u00edas que padecen. &nbsp;&nbsp;<\/p>\n\n\n\n<p>Mar\u00eda Meneses, usuaria del centro de salud, valor\u00f3 \u201cla forma de atenci\u00f3n y el trato que entregan en el CECOSF y estoy muy contenta porque nos escuchan y tambi\u00e9n nos deriva a otros profesionales\u201d. Por su parte, Zaida Mardones manifest\u00f3 su satisfacci\u00f3n, puesto que \u201clo bueno es que a nosotros nos examinan, nos preguntan si nos duele alguna parte del cuerpo, as\u00ed es que ahora todo es muy distinto y lo valoro mucho\u201d.<\/p>\n\n\n\n<p>Se trata de un paso muy importante para fortalecer las atenciones de salud enfocadas en los adultos mayores que presentan enfermedades cr\u00f3nicas y que gracias a esta estrategia ser\u00e1n tratadas con mayores cuidados y de forma personalizada.<\/p>\n","protected":false},"excerpt":{"rendered":"<p>Mejorar la atenci\u00f3n de los usuarios de 75 a 80 y m\u00e1s a\u00f1os es el principal objetivo de la Estrategia de Cuidado Integral de las Personas (ECICEP) impulsado por el ministerio de Salud y ejecutado por el departamento de Salud Municipal de Ovalle. Esta iniciativa se lanz\u00f3 en el CECOSF Colonia de la localidad de &#8230;<\/p>\n","protected":false},"author":2,"featured_media":8700,"comment_status":"open","ping_status":"open","sticky":false,"template":"","format":"standard","meta":{"footnotes":""},"categories":[5],"tags":[],"class_list":["post-8699","post","type-post","status-publish","format-standard","has-post-thumbnail","hentry","category-actualidad-limarina"],"_links":{"self":[{"href":"https:\/\/www.radiolimari.cl\/index.php?rest_route=\/wp\/v2\/posts\/8699","targetHints":{"allow":["GET"]}}],"collection":[{"href":"https:\/\/www.radiolimari.cl\/index.php?rest_route=\/wp\/v2\/posts"}],"about":[{"href":"https:\/\/www.radiolimari.cl\/index.php?rest_route=\/wp\/v2\/types\/post"}],"author":[{"embeddable":true,"href":"https:\/\/www.radiolimari.cl\/index.php?rest_route=\/wp\/v2\/users\/2"}],"replies":[{"embeddable":true,"href":"https:\/\/www.radiolimari.cl\/index.php?rest_route=%2Fwp%2Fv2%2Fcomments&post=8699"}],"version-history":[{"count":1,"href":"https:\/\/www.radiolimari.cl\/index.php?rest_route=\/wp\/v2\/posts\/8699\/revisions"}],"predecessor-version":[{"id":8701,"href":"https:\/\/www.radiolimari.cl\/index.php?rest_route=\/wp\/v2\/posts\/8699\/revisions\/8701"}],"wp:featuredmedia":[{"embeddable":true,"href":"https:\/\/www.radiolimari.cl\/index.php?rest_route=\/wp\/v2\/media\/8700"}],"wp:attachment":[{"href":"https:\/\/www.radiolimari.cl\/index.php?rest_route=%2Fwp%2Fv2%2Fmedia&parent=8699"}],"wp:term":[{"taxonomy":"category","embeddable":true,"href":"https:\/\/www.radiolimari.cl\/index.php?rest_route=%2Fwp%2Fv2%2Fcategories&post=8699"},{"taxonomy":"post_tag","embeddable":true,"href":"https:\/\/www.radiolimari.cl\/index.php?rest_route=%2Fwp%2Fv2%2Ftags&post=8699"}],"curies":[{"name":"wp","href":"https:\/\/api.w.org\/{rel}","templated":true}]}}