{"id":8692,"date":"2023-03-23T21:17:25","date_gmt":"2023-03-23T21:17:25","guid":{"rendered":"https:\/\/www.radiolimari.cl\/?p=8692"},"modified":"2023-03-23T21:17:25","modified_gmt":"2023-03-23T21:17:25","slug":"monte-patria-firma-convenio-medioambiental-con-la-facultad-de-ciencias-veterinarias-y-pecuarias-de-la-universidad-de-chile","status":"publish","type":"post","link":"https:\/\/www.radiolimari.cl\/?p=8692","title":{"rendered":"<strong>Monte Patria firma convenio medioambiental con la Facultad de Ciencias Veterinarias y Pecuarias de la Universidad de Chile<\/strong>"},"content":{"rendered":"\n<figure class=\"wp-block-image size-large\"><a href=\"https:\/\/www.radiolimari.cl\/wp-content\/uploads\/2023\/03\/Unknown.jpeg\"><img fetchpriority=\"high\" decoding=\"async\" width=\"1024\" height=\"682\" src=\"https:\/\/www.radiolimari.cl\/wp-content\/uploads\/2023\/03\/Unknown-1024x682.jpeg\" alt=\"\" class=\"wp-image-8693\" srcset=\"https:\/\/www.radiolimari.cl\/wp-content\/uploads\/2023\/03\/Unknown-1024x682.jpeg 1024w, https:\/\/www.radiolimari.cl\/wp-content\/uploads\/2023\/03\/Unknown-300x200.jpeg 300w, https:\/\/www.radiolimari.cl\/wp-content\/uploads\/2023\/03\/Unknown-768x512.jpeg 768w, https:\/\/www.radiolimari.cl\/wp-content\/uploads\/2023\/03\/Unknown-1536x1023.jpeg 1536w, https:\/\/www.radiolimari.cl\/wp-content\/uploads\/2023\/03\/Unknown.jpeg 1600w\" sizes=\"(max-width: 1024px) 100vw, 1024px\" \/><\/a><figcaption class=\"wp-element-caption\"><strong><em>La firma de este acuerdo aportar\u00e1, adem\u00e1s, una transferencia de conocimiento para el desarrollo local.<\/em><\/strong> <\/figcaption><\/figure>\n\n\n\n<p>El fortalecimiento de las capacidades t\u00e9cnicas sobre la tenencia responsable de mascotas, medioambiente, fauna silvestre, conservaci\u00f3n de la biodiversidad y educaci\u00f3n medioambiental son algunas de las materias del reciente convenio entre la Facultad de Ciencias Veterinarias y Pecuarias de la Universidad de Chile y la Ilustre Municipalidad de Monte Patria firmado en el edificio consistorial de la comuna el pasado 10 de marzo.<\/p>\n\n\n\n<p>Este gran logro para ambas instituciones surgi\u00f3 luego de un trabajo colaborativo entre la Direcci\u00f3n de Medio Ambiente, Aseo y Ornato (DIMMAO) y el Centro de Gesti\u00f3n Ambiental y Biodiversidad (CGAB) a trav\u00e9s del apoyo de su Directora, Dra. Valeria Rojas y la Dra. Constanza Cabello, quienes han colaborado con la postulaci\u00f3n y ejecuci\u00f3n de proyectos medioambientales como <em>\u201cHacia la co-construcci\u00f3n de la conservaci\u00f3<\/em><em>n socio-ecol\u00f3gica del Embalse La Paloma y sus r\u00edos aleda\u00f1os\u00bb del Fondo Valent\u00edn Letelier de la Universidad de Chile (en ejecuci\u00f3n), proyecto \u00abOjos de Infancia: Naturaleza Audiovisual\u00bb del Fondo de Protecci\u00f3n Ambiental del Ministerio de Medio Ambiente con el Centro de Padres y Apoderados del Colegio La Villa y \u00abEducaci\u00f3n Ambiental Inclusiva para Monte Patria\u00bb del Fondo Medio Ambiente del Gobierno Regional con el Centro de Padres y Apoderados de la Escuela de Juntas\u201d<strong>.<\/strong><\/em><strong><\/strong><\/p>\n\n\n\n<p>Esto, adem\u00e1s, facilitar\u00eda abordar las diversas tem\u00e1ticas atingentes en la comuna y proyectos comunitarios con enfoque socio ambiental. Para Jos\u00e9 Manuel Y\u00e1\u00f1ez, Decano de la Facultad de Ciencias Veterinarias y Pecuarias de la Universidad de Chile el establecimiento de este compromiso, se\u00f1alando que <strong>\u201cla idea de este convenio es ampliarlo y establecer un v\u00ednculo un poco m\u00e1s global en distintas \u00e1reas de desarrollo, fomento de la producci\u00f3n animal, los sistemas agropecuarios y la agricultura familiar campesina en una regi\u00f3n que, de alguna manera, ha sido afectada por el cambio clim\u00e1tico. La Universidad de Chile como la primera casa de estudios del pa\u00eds no es solo generar conocimiento, sino tambi\u00e9n transferir ese conocimiento a las comunidades y tambi\u00e9n con un foco muy importante en la descentralizaci\u00f3n\u201d.<\/strong><\/p>\n\n\n\n<p>Pero esta alianza estrat\u00e9gica entre ambas instituciones es parte de un trabajo paulatino, tal como comenta, Claudio Vargas, encargado de la Oficina de Aguas de la municipalidad: <strong>\u201cEsto parti\u00f3 con la colaboraci\u00f3n de Constanza Cabello y Sebasti\u00e1n Aros, que llegaron con esta iniciativa a la que accedimos con Juan Carlos Cort\u00e9s desde la unidad y se la presentamos al alcalde para que diera el visto bueno. Luego de eso, iniciamos un trabajo mancomunado con la casa de estudios\u201d.<\/strong><\/p>\n\n\n\n<p>La importancia de la conservaci\u00f3n de la biodiversidad y el medioambiente son materias de gran relevancia para el edil de Monte Patria. Y es que desde que asumi\u00f3 la administraci\u00f3n ha contribuido al desarrollo en esta materia, primero, con la creaci\u00f3n de la oficina del agua y posteriormente con los diversos convenios y proyectos medioambientales para la protecci\u00f3n de santuarios naturales.<\/p>\n\n\n\n<p>Al respecto, el alcalde, Cristian Herrera, indic\u00f3 que<strong> \u201ceste convenio viene a formalizar una relaci\u00f3n que ya se ha ido dando con la Universidad de Chile con el trabajo que ha ido realizando nuestra Unidad de Medio Ambiente que ya han trabajado, por ejemplo, con la postulaci\u00f3n de los humedales urbanos y otros proyectos que se han ido postulando, pero con esta firma se materializa y nos permite ir avanzando. Estamos muy contentos que la Universidad de Chile descentralice su rol, para ellos ser\u00eda mucho m\u00e1s f\u00e1cil firmar convenios con municipios que est\u00e1n m\u00e1s cerca de su casa matriz en Santiago, pero vienen a Monte Patria a trasmitir todo ese conocimiento a las comunidades y con ello tomar mejores decisiones.<\/strong><\/p>\n\n\n\n<p>Este convenio, \u00fanico en la regi\u00f3n de Coquimbo, se centra en el apoyo e intercambio de informaci\u00f3n de las actividades de docencia, pr\u00e1cticas estudiantiles de pregrado, posgrado y post\u00edtulos de la casa de estudios se Bello con el municipio para as\u00ed robustecer el trabajo realizado por la Direcci\u00f3n de Medio Ambiente, Aseo y Ornato. Esto, aportar\u00e1 a la comunidad montepatrina m\u00e1s desarrollo, innovaci\u00f3n y nuevas perspectivas respecto a esta materia.<\/p>\n","protected":false},"excerpt":{"rendered":"<p>El fortalecimiento de las capacidades t\u00e9cnicas sobre la tenencia responsable de mascotas, medioambiente, fauna silvestre, conservaci\u00f3n de la biodiversidad y educaci\u00f3n medioambiental son algunas de las materias del reciente convenio entre la Facultad de Ciencias Veterinarias y Pecuarias de la Universidad de Chile y la Ilustre Municipalidad de Monte Patria firmado en el edificio consistorial &#8230;<\/p>\n","protected":false},"author":2,"featured_media":8693,"comment_status":"open","ping_status":"open","sticky":false,"template":"","format":"standard","meta":{"footnotes":""},"categories":[5],"tags":[],"class_list":["post-8692","post","type-post","status-publish","format-standard","has-post-thumbnail","hentry","category-actualidad-limarina"],"_links":{"self":[{"href":"https:\/\/www.radiolimari.cl\/index.php?rest_route=\/wp\/v2\/posts\/8692","targetHints":{"allow":["GET"]}}],"collection":[{"href":"https:\/\/www.radiolimari.cl\/index.php?rest_route=\/wp\/v2\/posts"}],"about":[{"href":"https:\/\/www.radiolimari.cl\/index.php?rest_route=\/wp\/v2\/types\/post"}],"author":[{"embeddable":true,"href":"https:\/\/www.radiolimari.cl\/index.php?rest_route=\/wp\/v2\/users\/2"}],"replies":[{"embeddable":true,"href":"https:\/\/www.radiolimari.cl\/index.php?rest_route=%2Fwp%2Fv2%2Fcomments&post=8692"}],"version-history":[{"count":1,"href":"https:\/\/www.radiolimari.cl\/index.php?rest_route=\/wp\/v2\/posts\/8692\/revisions"}],"predecessor-version":[{"id":8694,"href":"https:\/\/www.radiolimari.cl\/index.php?rest_route=\/wp\/v2\/posts\/8692\/revisions\/8694"}],"wp:featuredmedia":[{"embeddable":true,"href":"https:\/\/www.radiolimari.cl\/index.php?rest_route=\/wp\/v2\/media\/8693"}],"wp:attachment":[{"href":"https:\/\/www.radiolimari.cl\/index.php?rest_route=%2Fwp%2Fv2%2Fmedia&parent=8692"}],"wp:term":[{"taxonomy":"category","embeddable":true,"href":"https:\/\/www.radiolimari.cl\/index.php?rest_route=%2Fwp%2Fv2%2Fcategories&post=8692"},{"taxonomy":"post_tag","embeddable":true,"href":"https:\/\/www.radiolimari.cl\/index.php?rest_route=%2Fwp%2Fv2%2Ftags&post=8692"}],"curies":[{"name":"wp","href":"https:\/\/api.w.org\/{rel}","templated":true}]}}