{"id":8677,"date":"2023-03-23T17:56:57","date_gmt":"2023-03-23T17:56:57","guid":{"rendered":"https:\/\/www.radiolimari.cl\/?p=8677"},"modified":"2023-03-23T17:56:58","modified_gmt":"2023-03-23T17:56:58","slug":"invitan-a-vacunarse-contra-la-influenza-en-ovalle","status":"publish","type":"post","link":"https:\/\/www.radiolimari.cl\/?p=8677","title":{"rendered":"<strong>Invitan a vacunarse contra la Influenza en Ovalle<\/strong>"},"content":{"rendered":"\n<figure class=\"wp-block-image size-large\"><a href=\"https:\/\/www.radiolimari.cl\/wp-content\/uploads\/2023\/03\/Vacunacion-Influenza-.jpg\"><img fetchpriority=\"high\" decoding=\"async\" width=\"1024\" height=\"682\" src=\"https:\/\/www.radiolimari.cl\/wp-content\/uploads\/2023\/03\/Vacunacion-Influenza--1024x682.jpg\" alt=\"\" class=\"wp-image-8678\" srcset=\"https:\/\/www.radiolimari.cl\/wp-content\/uploads\/2023\/03\/Vacunacion-Influenza--1024x682.jpg 1024w, https:\/\/www.radiolimari.cl\/wp-content\/uploads\/2023\/03\/Vacunacion-Influenza--300x200.jpg 300w, https:\/\/www.radiolimari.cl\/wp-content\/uploads\/2023\/03\/Vacunacion-Influenza--768x512.jpg 768w, https:\/\/www.radiolimari.cl\/wp-content\/uploads\/2023\/03\/Vacunacion-Influenza-.jpg 1280w\" sizes=\"(max-width: 1024px) 100vw, 1024px\" \/><\/a><figcaption class=\"wp-element-caption\"><strong><em>El departamento de Salud Municipal habilit\u00f3 recintos, para que se ejecute esta campa\u00f1a, que se inici\u00f3 el pasado 15 de marzo, que busca proteger principalmente a los adultos mayores y enfermos cr\u00f3nicos de esta enfermedad, que en casos extremos, puede provocar la muerte.<\/em><\/strong> <\/figcaption><\/figure>\n\n\n\n<p>Se acerca el invierno y las enfermedades respiratorias y una de las que requiere de mayores cuidados y medidas preventivas es la Influenza. Es por esta raz\u00f3n, que el departamento de Salud Municipal de Ovalle destin\u00f3 equipos m\u00e9dicos para ejecutar la campa\u00f1a anual contra esta enfermedad, que se inici\u00f3 el pasado 15 de marzo, y que busca proteger, principalmente, a adultos mayores y enfermos cr\u00f3nicos, ya que son quienes pueden llegar a tener consecuencias fatales.<\/p>\n\n\n\n<p>La influenza en una enfermedad contagiosa causada por un virus, que se transmite por secreciones nasales, al toser o estornudar. En algunas personas puede provocar complicaciones graves como neumon\u00eda y bronquitis severa, llegando incluso a la muerte de los afectados.<\/p>\n\n\n\n<p>Hay que recalcar que este beneficio no es para toda la comunidad, puesto que se trabaja con un \u201cgrupo riesgo\u201d. La vacunaci\u00f3n se enfoca en los enfermos cr\u00f3nicos de entre los 11 y los 64 a\u00f1os de edad, embarazadas en cualquier etapa, personal de salud, personas de 65 a\u00f1os y m\u00e1s, y ni\u00f1os y ni\u00f1as desde los 6 meses y hasta quinto a\u00f1o b\u00e1sico. Adem\u00e1s, de la denominada \u201cEstrategia Capullo\u201d para lactantes prematuros de menos de 37 semanas y para familiares de lactantes inmunosuprimidos menores de 6 meses. A esto se suman, los trabajadores de la educaci\u00f3n preescolar y escolar hasta quinto a\u00f1o b\u00e1sico, cuidadores de adultos mayores y funcionarios de los Establecimientos de Larga Estad\u00eda para Adultos Mayores (ELEAM) y trabajadores de empresas av\u00edcolas y de criaderos de cerdos.<\/p>\n\n\n\n<p>En los CESFAM locales se vacunar\u00e1 de lunes a jueves de 9.00 a 16.00 horas y los viernes de 9.00 a 14.00 horas. Asimismo, se encuentra habilitado para estos efectos el Gimnasio La Bombonera de 9.00 a 14.00 horas y la extensi\u00f3n del Jorge Jord\u00e1n Domic, en las ex dependencias del jard\u00edn Ojitos del Futuro, ubicado en Josefina Dey S\/N, de lunes a jueves de 9.00 a 16.00 horas y los viernes de 9.00 a 14.00 horas, solamente para personas mayores de 12 a\u00f1os. &nbsp;<\/p>\n\n\n\n<p>Para estos efectos, tambi\u00e9n se habilit\u00f3 un stand frente a la plaza de armas, entre la Oficina de Correos de Chille y el Edificio P\u00fablico, de lunes a viernes de 9.00 a 13.00 horas.&nbsp;<\/p>\n\n\n\n<p>En este sentido, el alcalde suplente de Ovalle, Jonathan Acu\u00f1a Rojas hizo un llamado a quienes componen el p\u00fablico objetivo de la campa\u00f1a \u201ca protegerse de esta enfermedad y aprovechar esta oportunidad y asistir a los recintos de salud que se encuentran habilitados. Viene el periodo del invierno y debemos preocuparnos sobretodo de los adultos mayores, quienes son los m\u00e1s afectados\u201d.<\/p>\n\n\n\n<p>Al respecto, la jefa del departamento de Salud, \u00c1ngela Neira indic\u00f3 que el prop\u00f3sito principal \u201ces proteger a la comunidad de esta enfermedad, que si bien no es peligrosa en la mayor\u00eda de los casos, puede provocar da\u00f1os severos e incluso la muerte en algunas personas\u201d.&nbsp;&nbsp;<\/p>\n\n\n\n<p>La campa\u00f1a se inici\u00f3 el 15 de marzo y se prolongar\u00e1 hasta 17 de mayo o hasta que se cumpla la meta de vacunaci\u00f3n del 85% a nivel nacional.<\/p>\n","protected":false},"excerpt":{"rendered":"<p>Se acerca el invierno y las enfermedades respiratorias y una de las que requiere de mayores cuidados y medidas preventivas es la Influenza. Es por esta raz\u00f3n, que el departamento de Salud Municipal de Ovalle destin\u00f3 equipos m\u00e9dicos para ejecutar la campa\u00f1a anual contra esta enfermedad, que se inici\u00f3 el pasado 15 de marzo, y &#8230;<\/p>\n","protected":false},"author":2,"featured_media":8678,"comment_status":"open","ping_status":"open","sticky":false,"template":"","format":"standard","meta":{"footnotes":""},"categories":[5],"tags":[],"class_list":["post-8677","post","type-post","status-publish","format-standard","has-post-thumbnail","hentry","category-actualidad-limarina"],"_links":{"self":[{"href":"https:\/\/www.radiolimari.cl\/index.php?rest_route=\/wp\/v2\/posts\/8677","targetHints":{"allow":["GET"]}}],"collection":[{"href":"https:\/\/www.radiolimari.cl\/index.php?rest_route=\/wp\/v2\/posts"}],"about":[{"href":"https:\/\/www.radiolimari.cl\/index.php?rest_route=\/wp\/v2\/types\/post"}],"author":[{"embeddable":true,"href":"https:\/\/www.radiolimari.cl\/index.php?rest_route=\/wp\/v2\/users\/2"}],"replies":[{"embeddable":true,"href":"https:\/\/www.radiolimari.cl\/index.php?rest_route=%2Fwp%2Fv2%2Fcomments&post=8677"}],"version-history":[{"count":1,"href":"https:\/\/www.radiolimari.cl\/index.php?rest_route=\/wp\/v2\/posts\/8677\/revisions"}],"predecessor-version":[{"id":8679,"href":"https:\/\/www.radiolimari.cl\/index.php?rest_route=\/wp\/v2\/posts\/8677\/revisions\/8679"}],"wp:featuredmedia":[{"embeddable":true,"href":"https:\/\/www.radiolimari.cl\/index.php?rest_route=\/wp\/v2\/media\/8678"}],"wp:attachment":[{"href":"https:\/\/www.radiolimari.cl\/index.php?rest_route=%2Fwp%2Fv2%2Fmedia&parent=8677"}],"wp:term":[{"taxonomy":"category","embeddable":true,"href":"https:\/\/www.radiolimari.cl\/index.php?rest_route=%2Fwp%2Fv2%2Fcategories&post=8677"},{"taxonomy":"post_tag","embeddable":true,"href":"https:\/\/www.radiolimari.cl\/index.php?rest_route=%2Fwp%2Fv2%2Ftags&post=8677"}],"curies":[{"name":"wp","href":"https:\/\/api.w.org\/{rel}","templated":true}]}}