{"id":8664,"date":"2023-03-23T00:50:37","date_gmt":"2023-03-23T00:50:37","guid":{"rendered":"https:\/\/www.radiolimari.cl\/?p=8664"},"modified":"2023-03-23T00:50:38","modified_gmt":"2023-03-23T00:50:38","slug":"lanzamiento-de-licitacion-para-el-nuevo-hospital-de-illapel-reunio-a-5-empresas-interesadas","status":"publish","type":"post","link":"https:\/\/www.radiolimari.cl\/?p=8664","title":{"rendered":"<strong>Lanzamiento de licitaci\u00f3n para el nuevo Hospital de Illapel reuni\u00f3 a 5 empresas interesadas<\/strong>"},"content":{"rendered":"\n<figure class=\"wp-block-image size-full is-resized\"><a href=\"https:\/\/www.radiolimari.cl\/wp-content\/uploads\/2023\/03\/4.jpeg\"><img fetchpriority=\"high\" decoding=\"async\" src=\"https:\/\/www.radiolimari.cl\/wp-content\/uploads\/2023\/03\/4.jpeg\" alt=\"\" class=\"wp-image-8665\" width=\"383\" height=\"287\" srcset=\"https:\/\/www.radiolimari.cl\/wp-content\/uploads\/2023\/03\/4.jpeg 921w, https:\/\/www.radiolimari.cl\/wp-content\/uploads\/2023\/03\/4-300x226.jpeg 300w, https:\/\/www.radiolimari.cl\/wp-content\/uploads\/2023\/03\/4-768x578.jpeg 768w\" sizes=\"(max-width: 383px) 100vw, 383px\" \/><\/a><figcaption class=\"wp-element-caption\">\u00b7\u00a0\u00a0\u00a0\u00a0\u00a0\u00a0\u00a0 <strong><em>Autoridades regionales, locales, gremios y representantes de la comunidad tambi\u00e9n llegaron hasta el terreno donde se alzar\u00e1 el moderno establecimiento provincial, que contar\u00e1 con una superficie de m\u00e1s de 50 mil m\u00b2.<\/em><\/strong> <\/figcaption><\/figure>\n\n\n\n<p>Un paso m\u00e1s en la tan esperada normalizaci\u00f3n del Hospital de Illapel es lo que se vivi\u00f3 en la Provincia del Choapa. En el terreno de lo que ser\u00e1 el nuevo recinto asistencial, se reunieron las cinco empresas interesadas en su construcci\u00f3n, un proyecto que beneficiar\u00e1 a m\u00e1s de 96 mil personas de la regi\u00f3n y que contar\u00e1 con 135 camas de hospitalizaci\u00f3n, 6 pabellones de cirug\u00eda mayor, una Unidad de Parto Integral y 68 box de atenci\u00f3n.<\/p>\n\n\n\n<p>En el recorrido tambi\u00e9n estuvieron presentes autoridades regionales, locales, gremios, funcionarios de la salud y la comunidad organizada, quienes pudieron conocer en terreno las etapas del proceso de construcci\u00f3n y c\u00f3mo cambiar\u00e1 la atenci\u00f3n en salud con este moderno establecimiento provincial.<\/p>\n\n\n\n<p><strong><em>\u201cDefinitivamente cuando hablamos de un Gobierno que descentraliza, es que reconocemos que Santiago no es Chile y que La Serena y Coquimbo no son la Regi\u00f3n de Coquimbo por s\u00ed solos, por lo que la inversi\u00f3n debe tambi\u00e9n reflejar este esp\u00edritu descentralizador. La construcci\u00f3n de este hospital con fondos sectoriales significa que se est\u00e1 poniendo el acento en concretar un proyecto que se arrastra hace muchos a\u00f1os, hemos recogido esa posta y avanzado de la mano con los alcaldes del territorio, con las autoridades del parlamento, los consejeros regionales, y todas y todos trabajando juntos para poder concretar algo que la poblaci\u00f3n de la Provincia del Choapa se merece, como es el hospital provincial, donde podr\u00e1n ser atendidos en&nbsp; el territorio y resolver sus problemas de salud sin tener que viajar a la capital regional o a Santiago\u201d,<\/em><\/strong> se\u00f1al\u00f3 el Delegado Presidencial Regional, Rub\u00e9n Quezada.<\/p>\n\n\n\n<p>El Dr. Christian Vargas, Director del Servicio de Salud Coquimbo, tambi\u00e9n recorri\u00f3 el lugar, explicando que el nuevo recinto asistencial que se levantar\u00e1 en el territorio duplicar\u00e1 la superficie del actual Hospital de Illapel. <strong><em>\u201cEl principal cambio no es solo el impacto de este edificio de gran envergadura, sino que el salto es tremendamente cualitativo. Pasamos de 54 camas a 135, tendremos nuevas prestaciones como di\u00e1lisis o camas de salud mental, saltaremos de 2 pabellones a 6, lo que nos va a permitir avanzar a\u00fan m\u00e1s en las listas de espera quir\u00fargica. Adem\u00e1s, se incorporan nuevas prestaciones y las actuales van a tener mayor capacidad de resoluci\u00f3n. Esto no solo nos va a permitir atender a los habitantes del Choapa, sino que tambi\u00e9n resolver los problemas de salud de toda la provincia. Por lo tanto, damos un salto tremendamente cualitativo, donde alrededor del 85% o 90% de las necesidades en prestaciones de salud van a ser resueltas en este hospital\u201d<\/em><\/strong>, indic\u00f3.<\/p>\n\n\n\n<p>El proyecto tambi\u00e9n contempla la incorporaci\u00f3n de un helipuerto, para posibilitar el traslado de pacientes graves y la habilitaci\u00f3n de nuevas unidades como Salud Mental, Unidad de Di\u00e1lisis Ambulatoria y Medicina Alternativa, adem\u00e1s, se espera la apertura de nuevas especialidades como Neurolog\u00eda Adulto e Infantil.<\/p>\n\n\n\n<p><strong><em>\u201cEs una gran felicidad encontrarnos en el lugar donde se va a construir el futuro hospital, que es un anhelo largamente esperado por la comunidad. Es el terreno m\u00e1s adecuado que tenemos como ciudad para que se construya esta magna obra que es gigantesca y ha pasado a ser la m\u00e1s importante para el Choapa en este instante, en cuanto a inversiones e infraestructura\u201d,<\/em><\/strong> declar\u00f3 Julio Contreras, presidente del Consejo Consultivo del Hospital de Illapel.<\/p>\n\n\n\n<p>Mientras que la Seremi de Salud, Paola Salas, indic\u00f3 que el nuevo recinto <strong><em>\u201cmarca el punto de partida de un impacto en la ciudadan\u00eda real, de los requerimientos que han estado pendientes y que en nuestro Gobierno hemos querido dar respuesta r\u00e1pido, en el menor tiempo posible, y eso ha significado un trabajo muy colaborativo y coordinado, tanto en lo local como lo regional\u201d.<\/em><\/strong><\/p>\n\n\n\n<p>El alcalde de la comuna de Illapel, Dennis Cort\u00e9s, tambi\u00e9n destac\u00f3 este trabajo mancomunado. <strong><em>\u201cQuiero agradecer a todos. Sin duda este hospital no solo es m\u00e1s lindo, sino que va a permitir operar, tiene camas de salud mental, tiene di\u00e1lisis y muchas prestaciones que hoy en d\u00eda no tenemos, y con las que los illapelinos so\u00f1\u00e1bamos. Cuando este hospital est\u00e9 construido vamos a resolver los problemas de salud aqu\u00ed y ese es un tremendo salto en calidad de vida para cada uno de nuestros vecinos de la Provincia del Choapa\u201d, <\/em><\/strong>valor\u00f3.<\/p>\n\n\n\n<p><strong>PERSONAL DE SALUD DEL RECINTO AUMENTAR\u00c1 AL TRIPLE<\/strong><\/p>\n\n\n\n<p>Sin duda el nuevo establecimiento ser\u00e1 mucho m\u00e1s amplio que el actual, tanto en infraestructura como en superficie total, una diferencia que adem\u00e1s de notar la comunidad, tambi\u00e9n la ver\u00e1n reflejada diariamente los propios funcionarios y funcionarias del recinto, una dotaci\u00f3n que aumentar\u00e1 al triple. As\u00ed lo explic\u00f3 el director del Hospital de Illapel, Alejandro C\u00e9sped. <strong><em>\u201cNosotros tenemos planificado cerca de 850 personas trabajando en el hospital nuevo, actualmente la cifra es un poco m\u00e1s de 300. Este proceso comienza ahora para ir normalizando el recurso humano que nos falta. Nos quedan entre tres y cuatro a\u00f1os para hacer ese trabajo y eso est\u00e1 dentro de nuestras prioridades\u201d,<\/em><\/strong> manifest\u00f3.<\/p>\n\n\n\n<p>Darwin Ibacache, vicepresidente de la Comisi\u00f3n de Salud del Consejo Regional, sostuvo sentirse muy contento por la materializaci\u00f3n de un sue\u00f1o tan anhelado por los habitantes de la comuna. <strong><em>\u201cEste es un trabajo mancomunado de todo el consejo, aprovecho de agradecer a todos mis compa\u00f1eros presentes. Como lo hemos se\u00f1alado, ac\u00e1 hay muchas voluntades pol\u00edticas y un sinf\u00edn de situaciones que nos llevan a aportar casi un tercio de lo que es el presupuesto regional en una inversi\u00f3n como esta, cercana a los 19 mil millones\u201d,<\/em><\/strong> coment\u00f3.<\/p>\n\n\n\n<p>Finalmente la Delegada Presidencial de Choapa Nataly Carvajal resalt\u00f3 el compromiso del Gobierno del Presidente Gabriel Boric con la salud del Choapa <strong><em>\u201cLa salud de las vecinas y vecinos, la salud de los chilenos es una prioridad para este gobierno, y la descentralizaci\u00f3n tambi\u00e9n es un eje que nos ha regido y que nos ha mandatado nuestro Presidente de la Rep\u00fablica a realizar, y que se\u00f1al m\u00e1s concreta que este hito de inicio de licitaci\u00f3n para la construcci\u00f3n del hospital provincial de Choapa, un recinto que le dar\u00e1 dignidad a nuestros vecinos en salud, que dar\u00e1 un acceso m\u00e1s inmediato y oportuno, sabemos que minutos en temas de salud son cruciales,&nbsp; y es por eso que habiendo recogido todo el trabajo anterior y eso es un sello que caracteriza a nuestro gobierno y lo ha dicho claramente, nosotros caminamos sobre hombros de gigantes, toma el tema como ven\u00eda y lo concret\u00f3 como se ha hecho ac\u00e1, este gobierno ha hecho una inversi\u00f3n sectorial importante, las m\u00e1s importante de la regi\u00f3n\u201d<\/em><\/strong><\/p>\n\n\n\n<p><strong>ETAPAS DEL PROYECTO<\/strong><\/p>\n\n\n\n<p>Cabe destacar que el proyecto del nuevo Hospital de Illapel se encuentra en este momento a la espera de que las empresas que visitaron el terreno del nuevo hospital puedan optar a su licitaci\u00f3n a trav\u00e9s de Mercado P\u00fablico, proceso que culmina el 23 de mayo. Una vez finalizado, y tras evaluar a los oferentes, la Contralor\u00eda toma raz\u00f3n para adjudicar la licitaci\u00f3n de quien construir\u00e1 el moderno recinto illapelino, obra que debiese comenzar el a\u00f1o 2024.<\/p>\n","protected":false},"excerpt":{"rendered":"<p>Un paso m\u00e1s en la tan esperada normalizaci\u00f3n del Hospital de Illapel es lo que se vivi\u00f3 en la Provincia del Choapa. En el terreno de lo que ser\u00e1 el nuevo recinto asistencial, se reunieron las cinco empresas interesadas en su construcci\u00f3n, un proyecto que beneficiar\u00e1 a m\u00e1s de 96 mil personas de la regi\u00f3n &#8230;<\/p>\n","protected":false},"author":2,"featured_media":8665,"comment_status":"open","ping_status":"open","sticky":false,"template":"","format":"standard","meta":{"footnotes":""},"categories":[6],"tags":[],"class_list":["post-8664","post","type-post","status-publish","format-standard","has-post-thumbnail","hentry","category-regionales"],"_links":{"self":[{"href":"https:\/\/www.radiolimari.cl\/index.php?rest_route=\/wp\/v2\/posts\/8664","targetHints":{"allow":["GET"]}}],"collection":[{"href":"https:\/\/www.radiolimari.cl\/index.php?rest_route=\/wp\/v2\/posts"}],"about":[{"href":"https:\/\/www.radiolimari.cl\/index.php?rest_route=\/wp\/v2\/types\/post"}],"author":[{"embeddable":true,"href":"https:\/\/www.radiolimari.cl\/index.php?rest_route=\/wp\/v2\/users\/2"}],"replies":[{"embeddable":true,"href":"https:\/\/www.radiolimari.cl\/index.php?rest_route=%2Fwp%2Fv2%2Fcomments&post=8664"}],"version-history":[{"count":1,"href":"https:\/\/www.radiolimari.cl\/index.php?rest_route=\/wp\/v2\/posts\/8664\/revisions"}],"predecessor-version":[{"id":8666,"href":"https:\/\/www.radiolimari.cl\/index.php?rest_route=\/wp\/v2\/posts\/8664\/revisions\/8666"}],"wp:featuredmedia":[{"embeddable":true,"href":"https:\/\/www.radiolimari.cl\/index.php?rest_route=\/wp\/v2\/media\/8665"}],"wp:attachment":[{"href":"https:\/\/www.radiolimari.cl\/index.php?rest_route=%2Fwp%2Fv2%2Fmedia&parent=8664"}],"wp:term":[{"taxonomy":"category","embeddable":true,"href":"https:\/\/www.radiolimari.cl\/index.php?rest_route=%2Fwp%2Fv2%2Fcategories&post=8664"},{"taxonomy":"post_tag","embeddable":true,"href":"https:\/\/www.radiolimari.cl\/index.php?rest_route=%2Fwp%2Fv2%2Ftags&post=8664"}],"curies":[{"name":"wp","href":"https:\/\/api.w.org\/{rel}","templated":true}]}}