{"id":8661,"date":"2023-03-23T00:39:11","date_gmt":"2023-03-23T00:39:11","guid":{"rendered":"https:\/\/www.radiolimari.cl\/?p=8661"},"modified":"2023-03-23T00:39:13","modified_gmt":"2023-03-23T00:39:13","slug":"subsecretario-de-redes-asistenciales-anuncio-fecha-de-licitacion-del-proyecto-cesfam-el-palqui","status":"publish","type":"post","link":"https:\/\/www.radiolimari.cl\/?p=8661","title":{"rendered":"Subsecretario de Redes Asistenciales anunci\u00f3 fecha de licitaci\u00f3n del Proyecto CESFAM El Palqui"},"content":{"rendered":"\n<figure class=\"wp-block-image size-large\"><a href=\"https:\/\/www.radiolimari.cl\/wp-content\/uploads\/2023\/03\/WhatsApp-Image-2023-03-17-at-1.04.47-PM.jpeg\"><img fetchpriority=\"high\" decoding=\"async\" width=\"1024\" height=\"685\" src=\"https:\/\/www.radiolimari.cl\/wp-content\/uploads\/2023\/03\/WhatsApp-Image-2023-03-17-at-1.04.47-PM-1024x685.jpeg\" alt=\"\" class=\"wp-image-8662\" srcset=\"https:\/\/www.radiolimari.cl\/wp-content\/uploads\/2023\/03\/WhatsApp-Image-2023-03-17-at-1.04.47-PM-1024x685.jpeg 1024w, https:\/\/www.radiolimari.cl\/wp-content\/uploads\/2023\/03\/WhatsApp-Image-2023-03-17-at-1.04.47-PM-300x201.jpeg 300w, https:\/\/www.radiolimari.cl\/wp-content\/uploads\/2023\/03\/WhatsApp-Image-2023-03-17-at-1.04.47-PM-768x514.jpeg 768w, https:\/\/www.radiolimari.cl\/wp-content\/uploads\/2023\/03\/WhatsApp-Image-2023-03-17-at-1.04.47-PM-1536x1027.jpeg 1536w, https:\/\/www.radiolimari.cl\/wp-content\/uploads\/2023\/03\/WhatsApp-Image-2023-03-17-at-1.04.47-PM.jpeg 1600w\" sizes=\"(max-width: 1024px) 100vw, 1024px\" \/><\/a><\/figure>\n\n\n\n<p><strong><em>La obra estar\u00eda ad portas de comenzar el proceso de licitaci\u00f3n para su posterior ejecuci\u00f3n en el sector de El Palqui.<\/em><\/strong> <\/p>\n\n\n\n<p>Buenas noticias para la comunidad de El Palqui, la construcci\u00f3n del Centro de Salud Familiar CESFAM, \u2013esperado por los habitantes de este sector\u2013 ya ser\u00eda una realidad, puesto que dentro de unas semanas se abrir\u00e1 el proceso de licitaci\u00f3n del proyecto, lo cual es un gran avance y desarrollo para sus habitantes.<\/p>\n\n\n\n<p>El anuncio se supo la semana pasada tras una visita que realiz\u00f3 el alcalde de la comuna, Cristian Herrera Pe\u00f1a, a la Regi\u00f3n Metropolitana. Fue as\u00ed como este proyecto, que qued\u00f3 entrampado por casi cuatro a\u00f1os por complicaciones con su Resoluci\u00f3n Satisfactoria (RS), logra ver un escenario positivo.<\/p>\n\n\n\n<p>Hoy ya es posible comenzar con la licitaci\u00f3n y posterior ejecuci\u00f3n, tras observar los obst\u00e1culos en el megaproyecto, el alcalde en coordinaci\u00f3n con diversos personeros, tanto comunales como regionales, comenzaron una serie de gestiones y conversaciones con la Secretar\u00eda de Redes Asistenciales de la Regi\u00f3n Metropolitana para avanzar en dicho sue\u00f1o.<\/p>\n\n\n\n<p><strong>\u201cTuve una interesante reuni\u00f3n con el alcalde de Monte Patria y la diputada Carolina Tello, que fue muy importante para poder revisar el plan de desarrollo en salud de la comuna y tambi<\/strong><strong>\u00e9<\/strong><strong>n el estado de avance de la construcci\u00f3n del nuevo CESFAM que est\u00e1 en proceso de licitaci\u00f3n y que esperamos que de aqu\u00ed a algunos a\u00f1os podamos contar con esta infraestructura. Adem\u00e1s de eso, conversamos sobre los distintos desaf\u00edos que se tienen en la comuna, en particular, para seguir avanzando en mejorar la atenci\u00f3n de salud, sobre todo, potenciar la atenci\u00f3n de salud primaria, con enfoque en salud mental. As\u00ed que esperamos seguir avanzando y contribuyendo para desarrollar distintos proyectos y de esa manera entregar una mejor salud a todas y todos\u201d<\/strong>, se\u00f1al\u00f3 el Subsecretario de Redes Asistenciales, Fernando Araos tras la reuni\u00f3n con el equipo municipal.<\/p>\n\n\n\n<p>Pero este proyecto que est\u00e1 ad portas de ser concretado no se habr\u00eda logrado sin la ayuda pol\u00edtica de la diputada por el 5\u00b0 Distrito, Carolina Tello (PC), quien acompa\u00f1\u00f3 al alcalde de Monte Patria en las gestiones para agilizar su tramitaci\u00f3n. <strong>\u201cTodos esos servicios son super relevantes en la actualidad para la comuna de Monte Patria, primero, en la subsecretar\u00eda de Salud, donde pudimos tener la gran noticia de que se va a licitar ahora a fin de mes el CESFAM de El Palqui, lo cual es una necesidad y una urgencia para la localidad y estamos muy contentos por esa noticia\u201d<\/strong>, se\u00f1al\u00f3 la diputada del distrito 5.<\/p>\n\n\n\n<p>Para el alcalde, Cristian Herrera Pe\u00f1a, el esperado anuncio de la Subsecretar\u00eda de Redes Asistenciales es un gran avance en cuanto a los proyectos que su administraci\u00f3n quiere concretar en la comuna. <strong>\u201cVen\u00edamos a buscar una respuesta concreta con respecto al CESFAM de El Palqui. Hab\u00edamos estado hace un a\u00f1o en las mismas dependencias hablando con el subsecretario y nosotros nos hab\u00edamos comprometido a sacar el RS r\u00e1pido para poder entrar en financiamiento para este a\u00f1o 2023. Nosotros cumplimos desde noviembre del a\u00f1o pasado con la Resoluci\u00f3n Satisfactoria (RS)&nbsp; y esta visita se trat\u00f3 de saber para cu\u00e1ndo se va a licitar o se iniciar\u00e1 el proceso de licitaci\u00f3n\u201d<\/strong>, se\u00f1al\u00f3 la m\u00e1xima autoridad<strong>.<\/strong><\/p>\n\n\n\n<p>Adem\u00e1s, la m\u00e1xima cabecera comunal, precis\u00f3 que esta tit\u00e1nica labor de sacar la RS en tiempo r\u00e9cord, tambi\u00e9n es un logro como equipo municipal. \u201cLo que nos dice el subsecretario es que, a m\u00e1s tardar la primera semana de abril, lo cual es una tremenda noticia. vamos a tener ya en el mercado p\u00fablico para la licitaci\u00f3n de este CESFAM, si los tiempos dan o efectivamente tengamos las empresas que se adjudiquen podr\u00edamos iniciar la construcci\u00f3n en el mes de agosto. Creo que son tiempos concretos, porque los presupuestos est\u00e1n y nos vamos a la comuna con la alegr\u00eda de haber cumplido como municipalidad con el RS, a nivel local, a nivel regional y el ministerio tambi\u00e9n est\u00e1 cumpliendo y tienen los recursos y est\u00e1 realizando ese proceso de licitaci\u00f3n para respetar esta importante obra que es el CESFAM de El Palqui\u201d, indic\u00f3 el edil. <\/p>\n\n\n\n<p>La concreci\u00f3n de este proyecto que est\u00e1 avaluado en m\u00e1s de $7 mil millones, comprender\u00e1 la ejecuci\u00f3n de m\u00e1s de 2000 m2 de obra, con infraestructura e instalaciones de acuerdo a nuevos est\u00e1ndares del MINSAL, permitiendo de ese modo, generar una mejor atenci\u00f3n para los usuarios de esta localidad.<\/p>\n","protected":false},"excerpt":{"rendered":"<p>La obra estar\u00eda ad portas de comenzar el proceso de licitaci\u00f3n para su posterior ejecuci\u00f3n en el sector de El Palqui. Buenas noticias para la comunidad de El Palqui, la construcci\u00f3n del Centro de Salud Familiar CESFAM, \u2013esperado por los habitantes de este sector\u2013 ya ser\u00eda una realidad, puesto que dentro de unas semanas se &#8230;<\/p>\n","protected":false},"author":2,"featured_media":8662,"comment_status":"open","ping_status":"open","sticky":false,"template":"","format":"standard","meta":{"footnotes":""},"categories":[5],"tags":[],"class_list":["post-8661","post","type-post","status-publish","format-standard","has-post-thumbnail","hentry","category-actualidad-limarina"],"_links":{"self":[{"href":"https:\/\/www.radiolimari.cl\/index.php?rest_route=\/wp\/v2\/posts\/8661","targetHints":{"allow":["GET"]}}],"collection":[{"href":"https:\/\/www.radiolimari.cl\/index.php?rest_route=\/wp\/v2\/posts"}],"about":[{"href":"https:\/\/www.radiolimari.cl\/index.php?rest_route=\/wp\/v2\/types\/post"}],"author":[{"embeddable":true,"href":"https:\/\/www.radiolimari.cl\/index.php?rest_route=\/wp\/v2\/users\/2"}],"replies":[{"embeddable":true,"href":"https:\/\/www.radiolimari.cl\/index.php?rest_route=%2Fwp%2Fv2%2Fcomments&post=8661"}],"version-history":[{"count":1,"href":"https:\/\/www.radiolimari.cl\/index.php?rest_route=\/wp\/v2\/posts\/8661\/revisions"}],"predecessor-version":[{"id":8663,"href":"https:\/\/www.radiolimari.cl\/index.php?rest_route=\/wp\/v2\/posts\/8661\/revisions\/8663"}],"wp:featuredmedia":[{"embeddable":true,"href":"https:\/\/www.radiolimari.cl\/index.php?rest_route=\/wp\/v2\/media\/8662"}],"wp:attachment":[{"href":"https:\/\/www.radiolimari.cl\/index.php?rest_route=%2Fwp%2Fv2%2Fmedia&parent=8661"}],"wp:term":[{"taxonomy":"category","embeddable":true,"href":"https:\/\/www.radiolimari.cl\/index.php?rest_route=%2Fwp%2Fv2%2Fcategories&post=8661"},{"taxonomy":"post_tag","embeddable":true,"href":"https:\/\/www.radiolimari.cl\/index.php?rest_route=%2Fwp%2Fv2%2Ftags&post=8661"}],"curies":[{"name":"wp","href":"https:\/\/api.w.org\/{rel}","templated":true}]}}