{"id":8655,"date":"2023-03-22T00:03:27","date_gmt":"2023-03-22T00:03:27","guid":{"rendered":"https:\/\/www.radiolimari.cl\/?p=8655"},"modified":"2023-03-22T00:03:28","modified_gmt":"2023-03-22T00:03:28","slug":"senador-nunez-destaca-como-un-triunfo-de-los-trabajadores-y-las-trabajadoras-la-aprobacion-de-las-40-horas-en-el-senado","status":"publish","type":"post","link":"https:\/\/www.radiolimari.cl\/?p=8655","title":{"rendered":"Senador N\u00fa\u00f1ez destaca como \u201cun triunfo de los trabajadores y las trabajadoras\u00bb la aprobaci\u00f3n de las 40 horas en el senado."},"content":{"rendered":"\n<figure class=\"wp-block-image size-large\"><a href=\"https:\/\/www.radiolimari.cl\/wp-content\/uploads\/2023\/03\/40-horas.jpeg\"><img fetchpriority=\"high\" decoding=\"async\" width=\"1024\" height=\"768\" src=\"https:\/\/www.radiolimari.cl\/wp-content\/uploads\/2023\/03\/40-horas-1024x768.jpeg\" alt=\"\" class=\"wp-image-8656\" srcset=\"https:\/\/www.radiolimari.cl\/wp-content\/uploads\/2023\/03\/40-horas-1024x768.jpeg 1024w, https:\/\/www.radiolimari.cl\/wp-content\/uploads\/2023\/03\/40-horas-300x225.jpeg 300w, https:\/\/www.radiolimari.cl\/wp-content\/uploads\/2023\/03\/40-horas-768x576.jpeg 768w, https:\/\/www.radiolimari.cl\/wp-content\/uploads\/2023\/03\/40-horas-1536x1152.jpeg 1536w, https:\/\/www.radiolimari.cl\/wp-content\/uploads\/2023\/03\/40-horas.jpeg 1544w\" sizes=\"(max-width: 1024px) 100vw, 1024px\" \/><\/a><figcaption class=\"wp-element-caption\"><em>El parlamentario por la Regi\u00f3n de Coquimbo destac\u00f3 el liderazgo de la ministra del Trabajo y del Presidente Boric para lograr una votaci\u00f3n un\u00e1nime.<\/em> <\/figcaption><\/figure>\n\n\n\n<p>El Senador Daniel N\u00fa\u00f1ez valor\u00f3 la aprobaci\u00f3n del proyecto de 40 horas laborales a la semana, aprobado este martes por unanimidad en la Sala del Senado y que ahora pasar\u00e1 a tercer tr\u00e1mite en la C\u00e1mara Baja antes de convertirse en ley.<\/p>\n\n\n\n<p>La iniciativa que lleva m\u00e1s de 5 a\u00f1os en tr\u00e1mite luego de la presentaci\u00f3n de las entonces diputadas del Partido Comunista Camila Vallejo y Karol Cariola y del hoy senador N\u00fa\u00f1ez.<\/p>\n\n\n\n<p>El legislador por la Regi\u00f3n de Coquimbo record\u00f3 los inicios de esta idea, comentando que \u201ccuando se plante\u00f3 la idea, yo quiero ser bien sincero, parec\u00eda inviable, casi imposible, pero que tuvieron la valent\u00eda de asumir el problema que tenemos en Chile\u201d.<\/p>\n\n\n\n<p>Agreg\u00f3 que \u201csomos el pa\u00eds de la OCDE que tiene jornadas laborales m\u00e1s prolongadas y eso no es un m\u00e9rito, la tendencia es disminuir las jornadas laborales para mejorar la calidad de vida, y nuestro pa\u00eds en ese sentido estaba profundamente atrasasado\u201d.<\/p>\n\n\n\n<p>Finalmente N\u00fa\u00f1ez destac\u00f3 a los principales actores tras esta iniciativa; \u201cel saludo m\u00e1s profundo se lo quiero dar a los y las trabajadoras, a los dirigentes sindicales que hoy nos acompa\u00f1an y quiero ser aun m\u00e1s firme a los dirigentes de los coordinadores de las 40 horas.Si hay un elemento que permiti\u00f3 que esto avanzara es la lucha y la organizaci\u00f3n de los trabajadores y es su lucha lo que hoy permite que estemos ad portas de un tr\u00e1mite que esperamos que sea muy r\u00e1pido en la c\u00e1mara de diputados\u201d.<\/p>\n\n\n\n<p>Al mismo tiempo \u201cle quiero entregar un saludo tambi\u00e9n muy importante, que fue votado en forma un\u00e1nime en las comisiones y que fue posible gracias al liderazgo de la ministra Jeannette Jara, no es solo su m\u00e9rito, est\u00e1 cumpliendo un mandato del Presidente Gabriel Boricy este compromiso que tiene con su programa pero por sobre todo mejorar la calidad de vida de los trabajadores y trabajadoras\u201d, se\u00f1al\u00f3.<\/p>\n","protected":false},"excerpt":{"rendered":"<p>El Senador Daniel N\u00fa\u00f1ez valor\u00f3 la aprobaci\u00f3n del proyecto de 40 horas laborales a la semana, aprobado este martes por unanimidad en la Sala del Senado y que ahora pasar\u00e1 a tercer tr\u00e1mite en la C\u00e1mara Baja antes de convertirse en ley. La iniciativa que lleva m\u00e1s de 5 a\u00f1os en tr\u00e1mite luego de la &#8230;<\/p>\n","protected":false},"author":2,"featured_media":8656,"comment_status":"open","ping_status":"open","sticky":false,"template":"","format":"standard","meta":{"footnotes":""},"categories":[3],"tags":[],"class_list":["post-8655","post","type-post","status-publish","format-standard","has-post-thumbnail","hentry","category-actualidad"],"_links":{"self":[{"href":"https:\/\/www.radiolimari.cl\/index.php?rest_route=\/wp\/v2\/posts\/8655","targetHints":{"allow":["GET"]}}],"collection":[{"href":"https:\/\/www.radiolimari.cl\/index.php?rest_route=\/wp\/v2\/posts"}],"about":[{"href":"https:\/\/www.radiolimari.cl\/index.php?rest_route=\/wp\/v2\/types\/post"}],"author":[{"embeddable":true,"href":"https:\/\/www.radiolimari.cl\/index.php?rest_route=\/wp\/v2\/users\/2"}],"replies":[{"embeddable":true,"href":"https:\/\/www.radiolimari.cl\/index.php?rest_route=%2Fwp%2Fv2%2Fcomments&post=8655"}],"version-history":[{"count":1,"href":"https:\/\/www.radiolimari.cl\/index.php?rest_route=\/wp\/v2\/posts\/8655\/revisions"}],"predecessor-version":[{"id":8657,"href":"https:\/\/www.radiolimari.cl\/index.php?rest_route=\/wp\/v2\/posts\/8655\/revisions\/8657"}],"wp:featuredmedia":[{"embeddable":true,"href":"https:\/\/www.radiolimari.cl\/index.php?rest_route=\/wp\/v2\/media\/8656"}],"wp:attachment":[{"href":"https:\/\/www.radiolimari.cl\/index.php?rest_route=%2Fwp%2Fv2%2Fmedia&parent=8655"}],"wp:term":[{"taxonomy":"category","embeddable":true,"href":"https:\/\/www.radiolimari.cl\/index.php?rest_route=%2Fwp%2Fv2%2Fcategories&post=8655"},{"taxonomy":"post_tag","embeddable":true,"href":"https:\/\/www.radiolimari.cl\/index.php?rest_route=%2Fwp%2Fv2%2Ftags&post=8655"}],"curies":[{"name":"wp","href":"https:\/\/api.w.org\/{rel}","templated":true}]}}