{"id":8652,"date":"2023-03-21T18:47:05","date_gmt":"2023-03-21T18:47:05","guid":{"rendered":"https:\/\/www.radiolimari.cl\/?p=8652"},"modified":"2023-03-21T18:47:05","modified_gmt":"2023-03-21T18:47:05","slug":"municipio-de-ovalle-denuncia-intervencion-en-contenedores-de-basura-historica-en-ovalle","status":"publish","type":"post","link":"https:\/\/www.radiolimari.cl\/?p=8652","title":{"rendered":"Municipio de Ovalle denuncia intervenci\u00f3n en contenedores de basura hist\u00f3rica en Ovalle"},"content":{"rendered":"\n<figure class=\"wp-block-image size-large\"><a href=\"https:\/\/www.radiolimari.cl\/wp-content\/uploads\/2023\/03\/Contenedores-de-Basura-Historica-en-Ovalle-ok-2-scaled.jpg\"><img fetchpriority=\"high\" decoding=\"async\" width=\"1024\" height=\"768\" src=\"https:\/\/www.radiolimari.cl\/wp-content\/uploads\/2023\/03\/Contenedores-de-Basura-Historica-en-Ovalle-ok-2-1024x768.jpg\" alt=\"\" class=\"wp-image-8653\" srcset=\"https:\/\/www.radiolimari.cl\/wp-content\/uploads\/2023\/03\/Contenedores-de-Basura-Historica-en-Ovalle-ok-2-1024x768.jpg 1024w, https:\/\/www.radiolimari.cl\/wp-content\/uploads\/2023\/03\/Contenedores-de-Basura-Historica-en-Ovalle-ok-2-300x225.jpg 300w, https:\/\/www.radiolimari.cl\/wp-content\/uploads\/2023\/03\/Contenedores-de-Basura-Historica-en-Ovalle-ok-2-768x576.jpg 768w, https:\/\/www.radiolimari.cl\/wp-content\/uploads\/2023\/03\/Contenedores-de-Basura-Historica-en-Ovalle-ok-2-1536x1152.jpg 1536w, https:\/\/www.radiolimari.cl\/wp-content\/uploads\/2023\/03\/Contenedores-de-Basura-Historica-en-Ovalle-ok-2-2048x1536.jpg 2048w\" sizes=\"(max-width: 1024px) 100vw, 1024px\" \/><\/a><figcaption class=\"wp-element-caption\"><strong><em>El municipio de Ovalle, a trav\u00e9s del departamento de Aseo y Ornato, instal\u00f3 dep\u00f3sitos en el sector Costanera, con el fin de que los vecinos se deshagan de los llamados \u201ccachureos\u201d, pero, lamentablemente, diariamente son \u201csaqueados\u201d por personas inescrupulosas, quienes, adem\u00e1s, dejan los desperdicios en la v\u00eda p\u00fablica.<\/em><\/strong> <\/figcaption><\/figure>\n\n\n\n<p>Una desagradable situaci\u00f3n se vive a diario en los contenedores instalados por el municipio de Ovalle en la Avenida Circunvalaci\u00f3n, en las cercan\u00edas de Avenida Arizt\u00eda. Esto, producto de que personas inescrupulosas ingresan a estos dep\u00f3sitos, sustraen objetos dejados por los vecinos y dejan todos los desperdicios a su alrededor, generando verdaderos microbasurales.<\/p>\n\n\n\n<p>Estos individuos han sido sorprendidos en reiteradas ocasiones, generando molestia en la comunidad y al interior de la administraci\u00f3n comunal, puesto que a diario deben lidiar con su actuar, y en varias oportunidades han tenido que intervenir con el personal de Seguridad P\u00fablica, debido a que se oponen a salir del lugar, amenazando a los trabajadores encargados del retiro.<\/p>\n\n\n\n<p>\u201cLa situaci\u00f3n se ha tornado muy cr\u00edtica porque varias personas, principalmente indigentes, se han tomado estos contenedores sacando desde su interior cualquier tipo de material que pueden reciclar y dejando todo lo que no les sirve tirado. Adem\u00e1s, nos han generado conflictos cuando queremos operar nuestras m\u00e1quinas, para realizar el proceso de limpieza. Es una situaci\u00f3n muy desagradable que nos toca vivir a diario y en todos los puntos en que instalamos los contenedores de basura hist\u00f3rica\u201d indic\u00f3 el director del departamento de Aseo y Ornato, Marcelo Tabilo.<\/p>\n\n\n\n<p>Producto de este accionar, el municipio de Ovalle est\u00e1 evaluando nuevas medidas, porque se trata de un problema may\u00fasculo que genera focos de insalubridad y se desvirt\u00faa el objetivo de esta iniciativa, que busca evitar los microbasurales, principalmente, en los sectores eriazos de Ovalle. \u201cEstamos muy preocupados por lo que est\u00e1 sucediendo, porque estos dep\u00f3sitos se han convertido en una buena alternativa, para que los vecinos se deshagan de material en desuso, de artefactos el\u00e9ctricos en mal estado que han reducido sus \u00e1reas de recreaci\u00f3n en sus casas. Lamentablemente, se ha creado una situaci\u00f3n muy desagradable sobre todo con nuestros funcionarios encargados de retirar el contenido de estos dep\u00f3sitos, quienes han sido increpados en reiteradas ocasiones\u201d afirm\u00f3 el alcalde (S) de Ovalle, Jonathan Acu\u00f1a Rojas.<\/p>\n\n\n\n<p>Jos\u00e9 Rodr\u00edguez, es una de las personas que frecuenta el lugar y saca material de estos dep\u00f3sitos, pero asegura que se preocupa de no dejar desperdicios que puedan afectar a las dem\u00e1s personas. \u201cNosotros reciclamos fierros, chatarras y todo lo que encontramos y que sirve, pero no nos metemos con nadie. Soy extranjero, s\u00f3lo rescato algunas cosas, las vendemos y de esta forma generamos el sustento diario para poder sobrevivir, mientas esperamos nuestros documentos para poder trabajar como corresponde\u201d.<\/p>\n\n\n\n<p>Patricio Guzm\u00e1n, vecino de poblaci\u00f3n Carmelitana, valor\u00f3 esta iniciativa, porque \u201ces muy importante que se instalen estos contenedores, porque la mayor\u00eda de la gente no cuenta con los medios para trasladarse al vertedero, as\u00ed es que es muy positivo. Siento que es una muy buena gesti\u00f3n y que nos permite deshacernos de cosas que tenemos en nuestros patios y que ya no ocupamos y quiz\u00e1s se pueden reciclar\u201d. Asimismo, Israel Villegas sostuve que lo relevante es \u201capuntar al reciclaje y que nos existan problemas con la basura y evitar la contaminaci\u00f3n de algunos lugares. Me estoy cambiando de casa y esto gener\u00f3 mucho material, as\u00ed es que estos contenedores son una buena alternativa, para venir a depositar y deshacerse cosas que ya no utilizamos\u201d.<\/p>\n\n\n\n<p>Se espera que esta situaci\u00f3n se solucione en el corto plazo y evitemos la acumulaci\u00f3n de este tipo de residuos en diferentes puntos de la ciudad, sobretodo en quebradas y sitios eriazos, donde lamentablemente es com\u00fan este tipo de conductas.<\/p>\n","protected":false},"excerpt":{"rendered":"<p>Una desagradable situaci\u00f3n se vive a diario en los contenedores instalados por el municipio de Ovalle en la Avenida Circunvalaci\u00f3n, en las cercan\u00edas de Avenida Arizt\u00eda. Esto, producto de que personas inescrupulosas ingresan a estos dep\u00f3sitos, sustraen objetos dejados por los vecinos y dejan todos los desperdicios a su alrededor, generando verdaderos microbasurales. Estos individuos &#8230;<\/p>\n","protected":false},"author":2,"featured_media":8653,"comment_status":"open","ping_status":"open","sticky":false,"template":"","format":"standard","meta":{"footnotes":""},"categories":[5],"tags":[],"class_list":["post-8652","post","type-post","status-publish","format-standard","has-post-thumbnail","hentry","category-actualidad-limarina"],"_links":{"self":[{"href":"https:\/\/www.radiolimari.cl\/index.php?rest_route=\/wp\/v2\/posts\/8652","targetHints":{"allow":["GET"]}}],"collection":[{"href":"https:\/\/www.radiolimari.cl\/index.php?rest_route=\/wp\/v2\/posts"}],"about":[{"href":"https:\/\/www.radiolimari.cl\/index.php?rest_route=\/wp\/v2\/types\/post"}],"author":[{"embeddable":true,"href":"https:\/\/www.radiolimari.cl\/index.php?rest_route=\/wp\/v2\/users\/2"}],"replies":[{"embeddable":true,"href":"https:\/\/www.radiolimari.cl\/index.php?rest_route=%2Fwp%2Fv2%2Fcomments&post=8652"}],"version-history":[{"count":1,"href":"https:\/\/www.radiolimari.cl\/index.php?rest_route=\/wp\/v2\/posts\/8652\/revisions"}],"predecessor-version":[{"id":8654,"href":"https:\/\/www.radiolimari.cl\/index.php?rest_route=\/wp\/v2\/posts\/8652\/revisions\/8654"}],"wp:featuredmedia":[{"embeddable":true,"href":"https:\/\/www.radiolimari.cl\/index.php?rest_route=\/wp\/v2\/media\/8653"}],"wp:attachment":[{"href":"https:\/\/www.radiolimari.cl\/index.php?rest_route=%2Fwp%2Fv2%2Fmedia&parent=8652"}],"wp:term":[{"taxonomy":"category","embeddable":true,"href":"https:\/\/www.radiolimari.cl\/index.php?rest_route=%2Fwp%2Fv2%2Fcategories&post=8652"},{"taxonomy":"post_tag","embeddable":true,"href":"https:\/\/www.radiolimari.cl\/index.php?rest_route=%2Fwp%2Fv2%2Ftags&post=8652"}],"curies":[{"name":"wp","href":"https:\/\/api.w.org\/{rel}","templated":true}]}}