{"id":8649,"date":"2023-03-21T14:49:01","date_gmt":"2023-03-21T14:49:01","guid":{"rendered":"https:\/\/www.radiolimari.cl\/?p=8649"},"modified":"2023-03-21T14:49:02","modified_gmt":"2023-03-21T14:49:02","slug":"buscan-realizar-diagnostico-sobre-el-potencialde-hidrogeno-verde-en-la-region-de-coquimbo","status":"publish","type":"post","link":"https:\/\/www.radiolimari.cl\/?p=8649","title":{"rendered":"<strong>Buscan realizar diagn\u00f3stico sobre el potencial<br>de hidr\u00f3geno verde en la Regi\u00f3n de Coquimbo<\/strong>"},"content":{"rendered":"\n<figure class=\"wp-block-image size-large\"><a href=\"https:\/\/www.radiolimari.cl\/wp-content\/uploads\/2023\/03\/WhatsApp-Image-2023-03-16-at-10.01.06.jpeg\"><img fetchpriority=\"high\" decoding=\"async\" width=\"1024\" height=\"531\" src=\"https:\/\/www.radiolimari.cl\/wp-content\/uploads\/2023\/03\/WhatsApp-Image-2023-03-16-at-10.01.06-1024x531.jpeg\" alt=\"\" class=\"wp-image-8650\" srcset=\"https:\/\/www.radiolimari.cl\/wp-content\/uploads\/2023\/03\/WhatsApp-Image-2023-03-16-at-10.01.06-1024x531.jpeg 1024w, https:\/\/www.radiolimari.cl\/wp-content\/uploads\/2023\/03\/WhatsApp-Image-2023-03-16-at-10.01.06-300x155.jpeg 300w, https:\/\/www.radiolimari.cl\/wp-content\/uploads\/2023\/03\/WhatsApp-Image-2023-03-16-at-10.01.06-768x398.jpeg 768w, https:\/\/www.radiolimari.cl\/wp-content\/uploads\/2023\/03\/WhatsApp-Image-2023-03-16-at-10.01.06.jpeg 1449w\" sizes=\"(max-width: 1024px) 100vw, 1024px\" \/><\/a><figcaption class=\"wp-element-caption\"><strong><em>Seremi de Energ\u00eda, Mar\u00eda Castillo Rojas, enfatiz\u00f3 que la zona cuenta con las posibilidades para afianzar un desarrollo ligado a este combustible.<\/em><\/strong> <\/figcaption><\/figure>\n\n\n\n<p>El potencial de la Regi\u00f3n de Coquimbo en energ\u00edas renovables, con una cartera de proyectos con aprobaci\u00f3n ambiental por m\u00e1s de 2.100 MW de capacidad, junto con su diversificaci\u00f3n de actividades productivas, permiten establecer la posibilidad de estudiar el desarrollo de hidr\u00f3geno verde en la zona.<\/p>\n\n\n\n<p>Se trata de desplegar un diagn\u00f3stico en el que participe el sector p\u00fablico y el privado, sin dejar de lado a las comunidades, para afianzar oportunidades de generaci\u00f3n de hidr\u00f3geno verde, como combustible limpio para el transporte, con soluciones de bajas emisiones para la industria, el desarrollo de nuevos productos y servicios de alto nivel tecnol\u00f3gico, as\u00ed como la posibilidad de nuevos emprendimientos de base tecnol\u00f3gica y capital humano calificado.<\/p>\n\n\n\n<p>El potencial energ\u00e9tico es clave: la Regi\u00f3n de Coquimbo dispone de 162.752 MW para el desarrollo de generaci\u00f3n solar (fotovoltaica fija y de seguimiento), y opciones para generaci\u00f3n e\u00f3lica equivalentes a 2.622 MW.<\/p>\n\n\n\n<p>En tal sentido, la seremi de Energ\u00eda, Mar\u00eda Castillo Rojas, en el marco de una serie de articulaciones con los actores locales, lider\u00f3 una importante reuni\u00f3n con el Gobierno Regional y la Universidad de la Serena, con el objetivo de comenzar a trabajar un diagn\u00f3stico en hidr\u00f3geno verde en la Regi\u00f3n, con la finalidad de poder entregar informaci\u00f3n base para el desarrollo de esta industria.<\/p>\n\n\n\n<p>\u201cCreemos que la Regi\u00f3n tiene los recursos naturales suficientes para el desarrollo del hidr\u00f3geno verde. Si bien las regiones priorizadas son Antofagasta y Magallanes, no por eso debemos quedar fuera, pues creemos firmemente que esta industria tambi\u00e9n se puede materializar en la Regi\u00f3n porque tiene las potenciales para impulsar una demanda local y posteriormente poder exportar, ya sea hidr\u00f3geno o amoniaco verde\u201d.<\/p>\n\n\n\n<p>Durante la reuni\u00f3n, la Universidad de La Serena entreg\u00f3 pormenores de propuestas pilotos de hidr\u00f3geno verde mediante celdas de combustible, para electricidad, entre otras iniciativas, lo que es parte del trabajo de estudio asociado al futuro diagn\u00f3stico regional.<\/p>\n\n\n\n<p><strong>PLAN DE ACCI\u00d3N<\/strong><\/p>\n\n\n\n<p>En el marco de los avances del Ministerio de Energ\u00eda, actualmente est\u00e1 en ejecuci\u00f3n un Plan de Acci\u00f3n Hidr\u00f3geno Verde 2023- 2030, que busca establecer una hoja de ruta para impulsar esta industria conciliando el desarrollo econ\u00f3mico con el respeto por el medio ambiente, las regiones y las comunidades. Los espacios participativos ligados a la construcci\u00f3n del plan contemplan la participaci\u00f3n ciudadana amplia, un consejo consultivo y un comit\u00e9 estrat\u00e9gico, quienes abordar\u00e1n los desaf\u00edos y necesidades para el avance del hidr\u00f3geno verde siguiendo tres grandes l\u00edneas de acci\u00f3n: Inversiones e Institucionalidad; Sostenibilidad y Valor Local; e Infraestructura y Territorio.&nbsp;<\/p>\n\n\n\n<p>Este proceso comenz\u00f3 con la inscripci\u00f3n on line para una serie de encuentros virtuales y presenciales que se realizar\u00e1n en todas las regiones del pa\u00eds. La mayor parte de las mujeres y hombres inscritos son personas naturales y representantes de la sociedad civil, seguido de actores del sector privado, el sector p\u00fablico y la academia.<\/p>\n\n\n\n<p>El ministro de Energ\u00eda, Diego Pardow, destac\u00f3 la importancia del proceso de participaci\u00f3n ciudadana del Plan de Acci\u00f3n. \u201cLa industria del hidr\u00f3geno verde es una gran oportunidad para el desarrollo sostenible de nuestras regiones. La producci\u00f3n y demanda local habilitar\u00e1 econom\u00edas locales m\u00e1s complejas y diversas, sustituyendo los procesos productivos contaminantes y habilitando el ingreso de nuevas tecnolog\u00edas, en l\u00ednea con el proceso de transici\u00f3n socio ecol\u00f3gica justa que impulsamos. Celebro esta gran convocatoria e invitamos tambi\u00e9n a quienes no se inscribieron a sumarse en las audiencias y talleres\u201d.<\/p>\n\n\n\n<p>De acuerdo con el cronograma de trabajo, a fines de marzo se realizar\u00e1 la audiencia de inicio virtual con participantes de todas las regiones del pa\u00eds. Desde abril y hasta julio se concretar\u00e1n una serie de audiencias y talleres presenciales en las regiones de Antofagasta, Valpara\u00edso, Metropolitana, Biob\u00edo y Magallanes. Adem\u00e1s, se realizar\u00e1n talleres virtuales en el resto de las regiones del pa\u00eds.<\/p>\n","protected":false},"excerpt":{"rendered":"<p>El potencial de la Regi\u00f3n de Coquimbo en energ\u00edas renovables, con una cartera de proyectos con aprobaci\u00f3n ambiental por m\u00e1s de 2.100 MW de capacidad, junto con su diversificaci\u00f3n de actividades productivas, permiten establecer la posibilidad de estudiar el desarrollo de hidr\u00f3geno verde en la zona. Se trata de desplegar un diagn\u00f3stico en el que &#8230;<\/p>\n","protected":false},"author":2,"featured_media":8650,"comment_status":"open","ping_status":"open","sticky":false,"template":"","format":"standard","meta":{"footnotes":""},"categories":[6],"tags":[],"class_list":["post-8649","post","type-post","status-publish","format-standard","has-post-thumbnail","hentry","category-regionales"],"_links":{"self":[{"href":"https:\/\/www.radiolimari.cl\/index.php?rest_route=\/wp\/v2\/posts\/8649","targetHints":{"allow":["GET"]}}],"collection":[{"href":"https:\/\/www.radiolimari.cl\/index.php?rest_route=\/wp\/v2\/posts"}],"about":[{"href":"https:\/\/www.radiolimari.cl\/index.php?rest_route=\/wp\/v2\/types\/post"}],"author":[{"embeddable":true,"href":"https:\/\/www.radiolimari.cl\/index.php?rest_route=\/wp\/v2\/users\/2"}],"replies":[{"embeddable":true,"href":"https:\/\/www.radiolimari.cl\/index.php?rest_route=%2Fwp%2Fv2%2Fcomments&post=8649"}],"version-history":[{"count":1,"href":"https:\/\/www.radiolimari.cl\/index.php?rest_route=\/wp\/v2\/posts\/8649\/revisions"}],"predecessor-version":[{"id":8651,"href":"https:\/\/www.radiolimari.cl\/index.php?rest_route=\/wp\/v2\/posts\/8649\/revisions\/8651"}],"wp:featuredmedia":[{"embeddable":true,"href":"https:\/\/www.radiolimari.cl\/index.php?rest_route=\/wp\/v2\/media\/8650"}],"wp:attachment":[{"href":"https:\/\/www.radiolimari.cl\/index.php?rest_route=%2Fwp%2Fv2%2Fmedia&parent=8649"}],"wp:term":[{"taxonomy":"category","embeddable":true,"href":"https:\/\/www.radiolimari.cl\/index.php?rest_route=%2Fwp%2Fv2%2Fcategories&post=8649"},{"taxonomy":"post_tag","embeddable":true,"href":"https:\/\/www.radiolimari.cl\/index.php?rest_route=%2Fwp%2Fv2%2Ftags&post=8649"}],"curies":[{"name":"wp","href":"https:\/\/api.w.org\/{rel}","templated":true}]}}