{"id":8636,"date":"2023-03-20T14:01:22","date_gmt":"2023-03-20T14:01:22","guid":{"rendered":"https:\/\/www.radiolimari.cl\/?p=8636"},"modified":"2023-03-20T14:01:22","modified_gmt":"2023-03-20T14:01:22","slug":"empresa-de-ovalle-es-distinguida-con-el-sello-40-horas","status":"publish","type":"post","link":"https:\/\/www.radiolimari.cl\/?p=8636","title":{"rendered":"<strong>Empresa de Ovalle es distinguida con el \u201cSello 40 Horas\u201d<\/strong>"},"content":{"rendered":"\n<figure class=\"wp-block-image size-large\"><a href=\"https:\/\/www.radiolimari.cl\/wp-content\/uploads\/2023\/03\/Sello-40-hrs-Ovalle.jpeg\"><img fetchpriority=\"high\" decoding=\"async\" width=\"1024\" height=\"768\" src=\"https:\/\/www.radiolimari.cl\/wp-content\/uploads\/2023\/03\/Sello-40-hrs-Ovalle-1024x768.jpeg\" alt=\"\" class=\"wp-image-8637\" srcset=\"https:\/\/www.radiolimari.cl\/wp-content\/uploads\/2023\/03\/Sello-40-hrs-Ovalle-1024x768.jpeg 1024w, https:\/\/www.radiolimari.cl\/wp-content\/uploads\/2023\/03\/Sello-40-hrs-Ovalle-300x225.jpeg 300w, https:\/\/www.radiolimari.cl\/wp-content\/uploads\/2023\/03\/Sello-40-hrs-Ovalle-768x576.jpeg 768w, https:\/\/www.radiolimari.cl\/wp-content\/uploads\/2023\/03\/Sello-40-hrs-Ovalle.jpeg 1280w\" sizes=\"(max-width: 1024px) 100vw, 1024px\" \/><\/a><figcaption class=\"wp-element-caption\"><strong><em>Ya son 9 las empresas regionales certificadas por el Ministerio del Trabajo y que reciben esta distinci\u00f3n por acceder a jornadas laborales reducidas.<\/em><\/strong> <\/figcaption><\/figure>\n\n\n\n<p>La empresa ovallina de Asesor\u00edas Contable Suma Gesti\u00f3n LTDA se convirti\u00f3 en la primera empresa de la provincia de Limar\u00ed en recibir el \u201cSello 40 Horas\u201d, reconocimiento que entrega el Ministerio del Trabajo a las empresas que se han adaptado de forma anticipada a la reducci\u00f3n de la jornada laboral a 40 horas por semana o menos.<\/p>\n\n\n\n<p>La firma ubicada en el centro de la capital provincial redujo su jornada de mutuo acuerdo con sus trabajadores y trabajadoras, pasando de 45 horas semanales de trabajo a 40 horas.<\/p>\n\n\n\n<p>Sebasti\u00e1n Far\u00edas, trabajador de Suma Gesti\u00f3n, coment\u00f3 que \u201cel cambio de jornada ha sido muy satisfactorio ya que nos da tiempo para jornadas recreativas, cosas personales tambi\u00e9n. Creo que m\u00e1s empresas pueden hacer estos cambios, porque no es las horas que se trabajan sino que la calidad del trabajo que se hace\u201d.<\/p>\n\n\n\n<p>Mientras que M\u00f3nica Lagunas, representante legal de Suma Gesti\u00f3n, explic\u00f3 que \u201cllegamos a un acuerdo y que ellos mismos eligieron sus horarios. Todos optaron por tener la tarde libre el d\u00eda viernes y hemos visto que aumenta la productividad con trabajadores m\u00e1s felices y contentos\u201d.<\/p>\n\n\n\n<p>La distinci\u00f3n fue entregada por la Seremi del Trabajo, Claudia Santander, y el Delegado Presidencial de Limar\u00ed, Galo Luna, quienes destacaron la iniciativa tanto del empleador como de los trabajadores por el acuerdo logrado.<\/p>\n\n\n\n<p>En este sentido el Delegado Presidencial, Galo Luna, dijo que \u201cprimero que todo felicitar&nbsp; a la empresa Suma Gesti\u00f3n LTDA ya que es la primera empresa en la provincia que postul\u00f3 a este sello y su iniciativa nos tiene muy contentos. Esperamos que nuevas empresas se vayan sumando a este desaf\u00edo que es muy relevante, m\u00e1s hoy en d\u00eda que ya ha avanzado la discusi\u00f3n del proyecto de ley de 40 horas, que lleva m\u00e1s 5 a\u00f1os de discusi\u00f3n&nbsp; y esperamos que pronto se haga realidad. Creemos que el reducir la jornada laboral permite tener mejores relaciones laborales, que los trabajadores y trabajadoras aumenten su productividad y que puedan compartir con sus familias, algo tan necesario en estos tiempos\u201d.<\/p>\n\n\n\n<p>Por su parte la Seremi del Trabajo, Claudia Santander, coment\u00f3 los avances del proyecto de ley de reducci\u00f3n de jornada y coment\u00f3 que \u201cestamos muy contentos porque la Ministra del Trabajo nos confirm\u00f3 que le proyecto de ley,&nbsp; que se tramita en el Senado, ha sido aprobado en la Comisi\u00f3n de Hacienda. Por lo tanto pasa al \u00faltimo tramo m\u00e1s relevante que es la discusi\u00f3n en Sala, donde se espera que tambi\u00e9n sea aprobado para que podamos llegar con la mejor noticia para los trabajadores y trabajadoras el pr\u00f3ximo 1 de mayo con esta aprobaci\u00f3n de la rebaja de la jornada laboral a 40 horas\u201d.<\/p>\n\n\n\n<p>\u201cEste es un proyecto muy esperado por los trabajadores y trabajadoras de nuestro pa\u00eds por lo tanto sabemos que en la medida que esto se resuelva positivamente vamos a ir apuntando a aquel gran compromiso que ha asumido nuestro Gobierno, que es avanzar en trabajo decente generando esta compatibilidad entre la vida laboral y la vida personal para el bienestar de todos los trabajadores y trabajadoras de nuestro pa\u00eds\u201d, agreg\u00f3 la Seremi del Trabajo.<\/p>\n\n\n\n<p>En la regi\u00f3n de Coquimbo ya son 9 las empresas certificadas con el \u201cSello 40 Horas\u201d, donde Suma Gesti\u00f3n LTDA se suma a Importadora y Comercializadora Vargus, de La Serena, Parroquia Inmaculada Concepci\u00f3n de Vicu\u00f1a, Centro de Estudios Avanzados en Zonas \u00c1ridas (CEAZA), MAZ SPA, Prime Dent SPA, Asesor\u00edas Tributarias del Norte Ltda, Gastronom\u00eda Eva Winkler&nbsp; E.I.R.L. y Astudillo &amp; Urrutia LTDA.<\/p>\n\n\n\n<p><strong>Proyecto de Ley<\/strong><\/p>\n\n\n\n<p>El proyecto que reduce la jornada laboral de 45 a 40 horas semanales fue presentado originalmente en 2017 por la diputada Karol Cariola y la actual ministra de la Secretar\u00eda General de Gobierno, Camila Vallejo. En 2019 fue aprobado por la C\u00e1mara y pas\u00f3 al Senado, donde no registr\u00f3 movimiento hasta 2022, cuando el Gobierno del Presidente Gabriel Boric lo reactiv\u00f3 ingresando una serie de indicaciones.<\/p>\n\n\n\n<p>Esta \u00faltima semana la Comisi\u00f3n de Hacienda del Senado aprob\u00f3, por unanimidad, los art\u00edculos de su competencia del proyecto, relacionados con aspectos de responsabilidad fiscal. Con esto, la iniciativa fue despachada a la Sala de la C\u00e1mara Alta, donde ser\u00e1 sometido a votaci\u00f3n esta semana.<\/p>\n\n\n\n<p>Luego de aprobado por la Sala del Senado, la iniciativa regresar\u00e1 a la C\u00e1mara de Diputados para su tercer tr\u00e1mite constitucional. De cara a dicho avance, la ministra Jara sostendr\u00e1 conversaciones con diputados del oficialismo y la oposici\u00f3n para una tramitaci\u00f3n expedita en dicha Corporaci\u00f3n, con el prop\u00f3sito de tener aprobado el proyecto para el 1 de mayo, D\u00eda Internacional de las y los Trabajadores<\/p>\n","protected":false},"excerpt":{"rendered":"<p>La empresa ovallina de Asesor\u00edas Contable Suma Gesti\u00f3n LTDA se convirti\u00f3 en la primera empresa de la provincia de Limar\u00ed en recibir el \u201cSello 40 Horas\u201d, reconocimiento que entrega el Ministerio del Trabajo a las empresas que se han adaptado de forma anticipada a la reducci\u00f3n de la jornada laboral a 40 horas por semana &#8230;<\/p>\n","protected":false},"author":2,"featured_media":8637,"comment_status":"open","ping_status":"open","sticky":false,"template":"","format":"standard","meta":{"footnotes":""},"categories":[5],"tags":[],"class_list":["post-8636","post","type-post","status-publish","format-standard","has-post-thumbnail","hentry","category-actualidad-limarina"],"_links":{"self":[{"href":"https:\/\/www.radiolimari.cl\/index.php?rest_route=\/wp\/v2\/posts\/8636","targetHints":{"allow":["GET"]}}],"collection":[{"href":"https:\/\/www.radiolimari.cl\/index.php?rest_route=\/wp\/v2\/posts"}],"about":[{"href":"https:\/\/www.radiolimari.cl\/index.php?rest_route=\/wp\/v2\/types\/post"}],"author":[{"embeddable":true,"href":"https:\/\/www.radiolimari.cl\/index.php?rest_route=\/wp\/v2\/users\/2"}],"replies":[{"embeddable":true,"href":"https:\/\/www.radiolimari.cl\/index.php?rest_route=%2Fwp%2Fv2%2Fcomments&post=8636"}],"version-history":[{"count":1,"href":"https:\/\/www.radiolimari.cl\/index.php?rest_route=\/wp\/v2\/posts\/8636\/revisions"}],"predecessor-version":[{"id":8638,"href":"https:\/\/www.radiolimari.cl\/index.php?rest_route=\/wp\/v2\/posts\/8636\/revisions\/8638"}],"wp:featuredmedia":[{"embeddable":true,"href":"https:\/\/www.radiolimari.cl\/index.php?rest_route=\/wp\/v2\/media\/8637"}],"wp:attachment":[{"href":"https:\/\/www.radiolimari.cl\/index.php?rest_route=%2Fwp%2Fv2%2Fmedia&parent=8636"}],"wp:term":[{"taxonomy":"category","embeddable":true,"href":"https:\/\/www.radiolimari.cl\/index.php?rest_route=%2Fwp%2Fv2%2Fcategories&post=8636"},{"taxonomy":"post_tag","embeddable":true,"href":"https:\/\/www.radiolimari.cl\/index.php?rest_route=%2Fwp%2Fv2%2Ftags&post=8636"}],"curies":[{"name":"wp","href":"https:\/\/api.w.org\/{rel}","templated":true}]}}