{"id":8633,"date":"2023-03-19T17:15:38","date_gmt":"2023-03-19T17:15:38","guid":{"rendered":"https:\/\/www.radiolimari.cl\/?p=8633"},"modified":"2023-03-19T17:15:39","modified_gmt":"2023-03-19T17:15:39","slug":"juzgado-de-garantia-de-ovalle-ordena-la-prision-preventiva-de-imputada-por-parricidio-ocurrido-el-pasado-jueves","status":"publish","type":"post","link":"https:\/\/www.radiolimari.cl\/?p=8633","title":{"rendered":"Juzgado de Garant\u00eda de Ovalle ordena la prisi\u00f3n preventiva de imputada por parricidio ocurrido el pasado jueves"},"content":{"rendered":"\n<figure class=\"wp-block-image size-large\"><a href=\"https:\/\/www.radiolimari.cl\/wp-content\/uploads\/2023\/03\/Captura-de-pantalla-2023-03-19-122415.png\"><img fetchpriority=\"high\" decoding=\"async\" width=\"1024\" height=\"221\" src=\"https:\/\/www.radiolimari.cl\/wp-content\/uploads\/2023\/03\/Captura-de-pantalla-2023-03-19-122415-1024x221.png\" alt=\"\" class=\"wp-image-8634\" srcset=\"https:\/\/www.radiolimari.cl\/wp-content\/uploads\/2023\/03\/Captura-de-pantalla-2023-03-19-122415-1024x221.png 1024w, https:\/\/www.radiolimari.cl\/wp-content\/uploads\/2023\/03\/Captura-de-pantalla-2023-03-19-122415-300x65.png 300w, https:\/\/www.radiolimari.cl\/wp-content\/uploads\/2023\/03\/Captura-de-pantalla-2023-03-19-122415-768x166.png 768w, https:\/\/www.radiolimari.cl\/wp-content\/uploads\/2023\/03\/Captura-de-pantalla-2023-03-19-122415-1536x331.png 1536w, https:\/\/www.radiolimari.cl\/wp-content\/uploads\/2023\/03\/Captura-de-pantalla-2023-03-19-122415.png 1729w\" sizes=\"(max-width: 1024px) 100vw, 1024px\" \/><\/a><figcaption class=\"wp-element-caption\">El Juzgado de Garant\u00eda de Ovalle dej\u00f3 hoy \u2013domingo 19 de marzo\u2013 sujeta a la medida cautelar de prisi\u00f3n preventiva de A.D.C.V.O., imputada por el Ministerio P\u00fablico como autora del delito consumado de parricidio. Il\u00edcito perpetrado el jueves reci\u00e9n pasado, en la ciudad. <\/figcaption><\/figure>\n\n\n\n<p>En la audiencia de formalizaci\u00f3n, el magistrado Luis Mu\u00f1oz Caama\u00f1o orden\u00f3 el ingreso de A.D.C.V.O. al Centro de Detenci\u00f3n Preventiva de Ovalle, por considerar que la libertad de la imputada constituye un peligro para la seguridad de la sociedad. Adem\u00e1s fij\u00f3 en 120 d\u00edas el plazo de investigaci\u00f3n.<\/p>\n\n\n\n<p>Al resolver la privaci\u00f3n de libertad de la imputada, el magistrado Mu\u00f1oz Caama\u00f1o consider\u00f3 que: \u201cSe trata de un hecho que conlleva una alta pena. La pena que fija la ley en estos casos es presidio mayor en su grado m\u00e1ximo a presidio perpetuo calificado y, desde ese solo punto de vista, la libertad de la imputada parece peligrosa para la seguridad de la sociedad, sin obviar el hecho de que se trata de una persona de la tercera edad y las circunstancias especiales que ten\u00eda su hijo. Pero el acabar con la vida de una persona es de suyo un hecho atentatorio contra la seguridad de la sociedad\u201d.<\/p>\n\n\n\n<p>\u201cComo concurren todos los requisitos del art\u00edculo 140, el tribunal se siente en la obligaci\u00f3n de decretar la prisi\u00f3n preventiva, sin perjuicio de las particularidades que tiene este caso, como digo que son dram\u00e1ticas y tr\u00e1gicas, pero de decretar una soluci\u00f3n distinta podr\u00eda dar p\u00e1bulo a pensar que existen ciertas circunstancias en que podr\u00eda estar justificado quitar la vida a otra persona, y eso no se puede tolerar; por lo tanto, se va a decretar la prisi\u00f3n preventiva d\u00e1ndole orden de ingreso al Centro de Detenci\u00f3n Preventiva de Ovalle\u201d, orden\u00f3 el juez.<\/p>\n\n\n\n<p>Seg\u00fan el ente persecutor, aproximadamente a las 12.00 horas del jueves 16 de marzo de 2023, en un domicilio de la poblaci\u00f3n Fray Jorge, comuna de Ovalle, la imputada le suministr\u00f3 a su hijo G.A.F.V., quien padec\u00eda un trastorno siqui\u00e1trico, una sobredosis de medicamentos y luego lo maniat\u00f3 con un trozo de tela y le enroll\u00f3 la cabeza con cinta de embalaje, cubriendo la boca y nariz de la v\u00edctima, lo que le provoc\u00f3 la muerte por asfixia por aspiraci\u00f3n de contenido g\u00e1strico (v\u00f3mitos).<\/p>\n","protected":false},"excerpt":{"rendered":"<p>En la audiencia de formalizaci\u00f3n, el magistrado Luis Mu\u00f1oz Caama\u00f1o orden\u00f3 el ingreso de A.D.C.V.O. al Centro de Detenci\u00f3n Preventiva de Ovalle, por considerar que la libertad de la imputada constituye un peligro para la seguridad de la sociedad. Adem\u00e1s fij\u00f3 en 120 d\u00edas el plazo de investigaci\u00f3n. Al resolver la privaci\u00f3n de libertad de &#8230;<\/p>\n","protected":false},"author":2,"featured_media":8634,"comment_status":"open","ping_status":"open","sticky":false,"template":"","format":"standard","meta":{"footnotes":""},"categories":[5],"tags":[],"class_list":["post-8633","post","type-post","status-publish","format-standard","has-post-thumbnail","hentry","category-actualidad-limarina"],"_links":{"self":[{"href":"https:\/\/www.radiolimari.cl\/index.php?rest_route=\/wp\/v2\/posts\/8633","targetHints":{"allow":["GET"]}}],"collection":[{"href":"https:\/\/www.radiolimari.cl\/index.php?rest_route=\/wp\/v2\/posts"}],"about":[{"href":"https:\/\/www.radiolimari.cl\/index.php?rest_route=\/wp\/v2\/types\/post"}],"author":[{"embeddable":true,"href":"https:\/\/www.radiolimari.cl\/index.php?rest_route=\/wp\/v2\/users\/2"}],"replies":[{"embeddable":true,"href":"https:\/\/www.radiolimari.cl\/index.php?rest_route=%2Fwp%2Fv2%2Fcomments&post=8633"}],"version-history":[{"count":1,"href":"https:\/\/www.radiolimari.cl\/index.php?rest_route=\/wp\/v2\/posts\/8633\/revisions"}],"predecessor-version":[{"id":8635,"href":"https:\/\/www.radiolimari.cl\/index.php?rest_route=\/wp\/v2\/posts\/8633\/revisions\/8635"}],"wp:featuredmedia":[{"embeddable":true,"href":"https:\/\/www.radiolimari.cl\/index.php?rest_route=\/wp\/v2\/media\/8634"}],"wp:attachment":[{"href":"https:\/\/www.radiolimari.cl\/index.php?rest_route=%2Fwp%2Fv2%2Fmedia&parent=8633"}],"wp:term":[{"taxonomy":"category","embeddable":true,"href":"https:\/\/www.radiolimari.cl\/index.php?rest_route=%2Fwp%2Fv2%2Fcategories&post=8633"},{"taxonomy":"post_tag","embeddable":true,"href":"https:\/\/www.radiolimari.cl\/index.php?rest_route=%2Fwp%2Fv2%2Ftags&post=8633"}],"curies":[{"name":"wp","href":"https:\/\/api.w.org\/{rel}","templated":true}]}}