{"id":8615,"date":"2023-03-17T15:08:44","date_gmt":"2023-03-17T15:08:44","guid":{"rendered":"https:\/\/www.radiolimari.cl\/?p=8615"},"modified":"2023-03-17T15:08:44","modified_gmt":"2023-03-17T15:08:44","slug":"hoy-es-el-dia-mundial-del-sueno-como-evitar-trastornos-y-mal-dormir","status":"publish","type":"post","link":"https:\/\/www.radiolimari.cl\/?p=8615","title":{"rendered":"Hoy es el D\u00eda Mundial del Sue\u00f1o: C\u00f3mo evitar trastornos y mal dormir"},"content":{"rendered":"\n<figure class=\"wp-block-image size-large\"><a href=\"https:\/\/www.radiolimari.cl\/wp-content\/uploads\/2023\/03\/almohada-cama-scaled.jpg\"><img fetchpriority=\"high\" decoding=\"async\" width=\"1024\" height=\"683\" src=\"https:\/\/www.radiolimari.cl\/wp-content\/uploads\/2023\/03\/almohada-cama-1024x683.jpg\" alt=\"\" class=\"wp-image-8616\" srcset=\"https:\/\/www.radiolimari.cl\/wp-content\/uploads\/2023\/03\/almohada-cama-1024x683.jpg 1024w, https:\/\/www.radiolimari.cl\/wp-content\/uploads\/2023\/03\/almohada-cama-300x200.jpg 300w, https:\/\/www.radiolimari.cl\/wp-content\/uploads\/2023\/03\/almohada-cama-768x512.jpg 768w, https:\/\/www.radiolimari.cl\/wp-content\/uploads\/2023\/03\/almohada-cama-1536x1024.jpg 1536w, https:\/\/www.radiolimari.cl\/wp-content\/uploads\/2023\/03\/almohada-cama-2048x1365.jpg 2048w\" sizes=\"(max-width: 1024px) 100vw, 1024px\" \/><\/a><figcaption class=\"wp-element-caption\">El D\u00eda Mundial del Sue\u00f1o, es una fecha que permite reflexionar sobre la importancia del buen dormir para conservar una buena salud, a nivel f\u00edsico y mental.<\/figcaption><\/figure>\n\n\n\n<p>En paralelo, el pr\u00f3ximo s\u00e1bado 1 de abril&nbsp;comienza en la mayor parte de Chile, con la&nbsp;excepci\u00f3n de Magallanes y la Ant\u00e1rtica Chilena, el horario de invierno. Es decir, cuando el reloj marque las&nbsp;00:00 horas&nbsp;se deber\u00e1 retrasar el reloj una hora, cosa que las manillas apunten a las&nbsp;23:00 horas.<\/p>\n\n\n\n<p>Este evento trae consigo una serie de trastornos en los quehaceres de las familias, ya que la alteraci\u00f3n de la rutina, afecta directamente el bienestar de las personas.<\/p>\n\n\n\n<p>En este contexto, Roc\u00edo Amaya, psic\u00f3loga de Mutual de Seguridad, entrega algunas claves para enfrentar este proceso y hacer los ajustes necesarios.<\/p>\n\n\n\n<p><strong>\u00bfCu\u00e1nto deber\u00edamos dormir?<\/strong><\/p>\n\n\n\n<p>Las personas adultas deber\u00edan dormir entre 7 y 9 horas seg\u00fan lo que demande su propio cuerpo.<\/p>\n\n\n\n<p><strong>\u00bfQu\u00e9 consecuencias negativas trae consigo un mal dormir o dormir menos?<\/strong><\/p>\n\n\n\n<ul class=\"wp-block-list\">\n<li>Fatiga.<\/li>\n\n\n\n<li>Malestar general.<\/li>\n\n\n\n<li>Dificultad de concentraci\u00f3n o memoria.<\/li>\n\n\n\n<li>Alteraciones en el rendimiento.<\/li>\n\n\n\n<li>Disminuci\u00f3n en el estado de alerta.<\/li>\n\n\n\n<li>Problemas en la conducci\u00f3n de veh\u00edculos.<\/li>\n<\/ul>\n\n\n\n<p><strong>\u00bfC\u00f3mo puedo mejorar mi higiene del sue\u00f1o?<\/strong><\/p>\n\n\n\n<ul class=\"wp-block-list\">\n<li>No todas las personas necesitan las mismas horas de descanso, por lo que se recomienda ajustar la rutina a los requerimientos &nbsp;espec\u00edficos de cada uno.<\/li>\n\n\n\n<li>Mantener tu lugar de descanso limpio, fresco y c\u00f3modo.<\/li>\n\n\n\n<li>Evitar la automedicaci\u00f3n. Si siente que el mal dormir es un problema prolongado o que afecta su calidad de vida, consulte a un especialista.<\/li>\n\n\n\n<li>Evitar la sobrecarga de horas extras en el trabajo. Generar una rutina de sue\u00f1o que propicie el relajo.<\/li>\n\n\n\n<li>Desconectarse de los aparatos electr\u00f3nicos y preferir un libro.<\/li>\n\n\n\n<li>Cenar ligero antes de dormir, y evitar tomar l\u00edquidos hasta dos horas antes.<\/li>\n\n\n\n<li>Establecer horarios regulares, levantarse y acostarse a la misma hora para mantener en equilibrio los ritmos biol\u00f3gicos, y as\u00ed lograr mayor eficacia en el descanso y mejor rendimiento en las actividades diarias.<\/li>\n<\/ul>\n","protected":false},"excerpt":{"rendered":"<p>En paralelo, el pr\u00f3ximo s\u00e1bado 1 de abril&nbsp;comienza en la mayor parte de Chile, con la&nbsp;excepci\u00f3n de Magallanes y la Ant\u00e1rtica Chilena, el horario de invierno. Es decir, cuando el reloj marque las&nbsp;00:00 horas&nbsp;se deber\u00e1 retrasar el reloj una hora, cosa que las manillas apunten a las&nbsp;23:00 horas. Este evento trae consigo una serie de &#8230;<\/p>\n","protected":false},"author":2,"featured_media":8616,"comment_status":"open","ping_status":"open","sticky":false,"template":"","format":"standard","meta":{"footnotes":""},"categories":[3],"tags":[],"class_list":["post-8615","post","type-post","status-publish","format-standard","has-post-thumbnail","hentry","category-actualidad"],"_links":{"self":[{"href":"https:\/\/www.radiolimari.cl\/index.php?rest_route=\/wp\/v2\/posts\/8615","targetHints":{"allow":["GET"]}}],"collection":[{"href":"https:\/\/www.radiolimari.cl\/index.php?rest_route=\/wp\/v2\/posts"}],"about":[{"href":"https:\/\/www.radiolimari.cl\/index.php?rest_route=\/wp\/v2\/types\/post"}],"author":[{"embeddable":true,"href":"https:\/\/www.radiolimari.cl\/index.php?rest_route=\/wp\/v2\/users\/2"}],"replies":[{"embeddable":true,"href":"https:\/\/www.radiolimari.cl\/index.php?rest_route=%2Fwp%2Fv2%2Fcomments&post=8615"}],"version-history":[{"count":1,"href":"https:\/\/www.radiolimari.cl\/index.php?rest_route=\/wp\/v2\/posts\/8615\/revisions"}],"predecessor-version":[{"id":8617,"href":"https:\/\/www.radiolimari.cl\/index.php?rest_route=\/wp\/v2\/posts\/8615\/revisions\/8617"}],"wp:featuredmedia":[{"embeddable":true,"href":"https:\/\/www.radiolimari.cl\/index.php?rest_route=\/wp\/v2\/media\/8616"}],"wp:attachment":[{"href":"https:\/\/www.radiolimari.cl\/index.php?rest_route=%2Fwp%2Fv2%2Fmedia&parent=8615"}],"wp:term":[{"taxonomy":"category","embeddable":true,"href":"https:\/\/www.radiolimari.cl\/index.php?rest_route=%2Fwp%2Fv2%2Fcategories&post=8615"},{"taxonomy":"post_tag","embeddable":true,"href":"https:\/\/www.radiolimari.cl\/index.php?rest_route=%2Fwp%2Fv2%2Ftags&post=8615"}],"curies":[{"name":"wp","href":"https:\/\/api.w.org\/{rel}","templated":true}]}}