{"id":8602,"date":"2023-03-16T02:29:38","date_gmt":"2023-03-16T02:29:38","guid":{"rendered":"https:\/\/www.radiolimari.cl\/?p=8602"},"modified":"2023-03-16T02:29:38","modified_gmt":"2023-03-16T02:29:38","slug":"bomberas-y-bomberos-de-ovalle-que-ayudaron-en-incendios-forestales-en-el-sur-del-pais-fueron-homenajeados-por-municipio","status":"publish","type":"post","link":"https:\/\/www.radiolimari.cl\/?p=8602","title":{"rendered":"Bomberas y Bomberos de Ovalle que ayudaron en incendios forestales en el sur del pa\u00eds fueron homenajeados por Municipio"},"content":{"rendered":"\n<figure class=\"wp-block-image size-large\"><a href=\"https:\/\/www.radiolimari.cl\/wp-content\/uploads\/2023\/03\/Reconocimiento-a-Bomberos-de-Ovalle-4.jpg\"><img fetchpriority=\"high\" decoding=\"async\" width=\"1024\" height=\"683\" src=\"https:\/\/www.radiolimari.cl\/wp-content\/uploads\/2023\/03\/Reconocimiento-a-Bomberos-de-Ovalle-4-1024x683.jpg\" alt=\"\" class=\"wp-image-8603\" srcset=\"https:\/\/www.radiolimari.cl\/wp-content\/uploads\/2023\/03\/Reconocimiento-a-Bomberos-de-Ovalle-4-1024x683.jpg 1024w, https:\/\/www.radiolimari.cl\/wp-content\/uploads\/2023\/03\/Reconocimiento-a-Bomberos-de-Ovalle-4-300x200.jpg 300w, https:\/\/www.radiolimari.cl\/wp-content\/uploads\/2023\/03\/Reconocimiento-a-Bomberos-de-Ovalle-4-768x512.jpg 768w, https:\/\/www.radiolimari.cl\/wp-content\/uploads\/2023\/03\/Reconocimiento-a-Bomberos-de-Ovalle-4-1536x1024.jpg 1536w, https:\/\/www.radiolimari.cl\/wp-content\/uploads\/2023\/03\/Reconocimiento-a-Bomberos-de-Ovalle-4-2048x1365.jpg 2048w\" sizes=\"(max-width: 1024px) 100vw, 1024px\" \/><\/a><figcaption class=\"wp-element-caption\"><strong><em>El alcalde suplente de Ovalle, Jonathan Acu\u00f1a Rojas comparti\u00f3 un desayuno con voluntarios y voluntarias que estuvieron alrededor de dos semanas, en febrero pasado, combatiendo una de las peores tragedias ocurridas en Chile.<\/em><\/strong> <\/figcaption><\/figure>\n\n\n\n<p>M\u00e1s de 30 integrantes del Cuerpo de Bomberos de Ovalle recibieron un reconocimiento por parte del alcalde (S) Jonathan Acu\u00f1a Rojas, luego de apoyar en el combate de los incendios forestales ocurrido en el sur del pa\u00eds, que dej\u00f3 a miles de familias sin sus viviendas y pertenencias. Durante dos semanas los voluntarios se pusieron a disposici\u00f3n de la instituci\u00f3n bomberil y tuvieron la misi\u00f3n de enfrentar las llamas, desalojar zonas de riesgo y en ocasiones apoyar y consolar a las personas afectadas. &nbsp;<\/p>\n\n\n\n<p>Fueron dos grupos de voluntarios y voluntarias, quienes recorrieron las regiones de la Araucan\u00eda, El Maule y \u00d1uble entre el 4 y el 18 de febrero. \u201cFue una experiencia que nos engrandece como instituci\u00f3n, donde pusimos en pr\u00e1ctica todo lo que hemos aprendido en materia emergencia durante los a\u00f1os que hemos estado en el Cuerpo de Bomberos de Ovalle. Recorrimos largas distancias para poder ayudar a la comunidad, incluso asistimos a una localidad donde nosotros fuimos la primera respuesta, tras desatarse esta tragedia\u201d indic\u00f3 el Vicesuperintendente del Cuerpo de Bomberos de Ovalle, Francisco White Castillo.<\/p>\n\n\n\n<p>Lo positivo es que durante este periodo \u201cno hubo ning\u00fan voluntario lesionado, ni p\u00e9rdida de material, a pesar de que tuvimos la responsabilidad de resguardar viviendas y proteger a las familias que se encontraban en zonas de alto riesgo\u201d agreg\u00f3 White.<\/p>\n\n\n\n<p>En sentido, Carolina Cort\u00e9s, voluntaria del de la sexta compa\u00f1\u00eda del Cuerpo de Bomberos de Ovalle, afirm\u00f3 que fue una experiencia muy bonita. \u201cMe siento muy orgullosa de haber apoyado a muchas familias, y lo m\u00e1s importante es que cumplimos el objetivo de socorrer a muchas personas que la estaban pasando muy mal. Fue muy terrible para nosotros el hecho de ver a ni\u00f1os y adultos escapando de las llamas con sus pertenencias y mascotas, pero a pesar de todo volvimos con el coraz\u00f3n inflado y orgullosa de ser bombera, de hecho cuando nos vinimos toda la gente nos aplaud\u00eda como forma de agradecimiento\u201d.<\/p>\n\n\n\n<p>En este punto, Medelyn Lanas de la sexta compa\u00f1\u00eda mostr\u00f3 su satisfacci\u00f3n luego de integrar esta delegaci\u00f3n. \u201cEs la primera vez que me toca salir a combatir un incendio tan grande y siento que fue una experiencia muy enriquecedora porque aprend\u00ed bastante, a pesar de que el riesgo y el peligro que viv\u00edamos a diario era complejo, porque asist\u00edamos a lugares desconocidos, pues no sab\u00edamos las caracter\u00edsticas del terreno, ni a que nos \u00edbamos a enfrentar. Me afect\u00f3 el hecho de ver a familias llorando al momento de desalojar y muchas veces tuvimos que consolarlas\u201d.<\/p>\n\n\n\n<p>El Comandante del Cuerpo de Bomberos de Ovalle,&nbsp; Isidoro Ossand\u00f3n Vega afirm\u00f3 que en la instituci\u00f3n bomberil local \u201cnos sentimos orgullosos de nuestros voluntarios y voluntarias, porque hicieron un sacrificio enorme para estar durante dos semanas combatiendo los incendios forestales en el sur del pa\u00eds. Creo que esta contribuci\u00f3n, en primera instancia, enriquece a cada uno de los que estuvieron presentes ayudando a muchas familias en medio de esta tragedia\u201d.<\/p>\n\n\n\n<p>El alcalde (S) de Ovalle, Jonathan Acu\u00f1a Rojas agradeci\u00f3 el compromiso y el esfuerzo de estos m\u00e1s de 30 voluntarios y voluntarias del Cuerpo de Bomberos de Ovalle. \u201cCreo que es una instancia para resaltar esta noble labor y su participaci\u00f3n en los terribles incendios forestales que afectaron a cientos de familias en el sur de nuestro pa\u00eds. Quisimos entregarle un reconocimiento que va de la mano con un trabajo colaborativo con Bomberos, ya que estamos pr\u00f3ximos a someter a la aprobaci\u00f3n del Concejo Municipal un fondo para apalancar los recursos que ellos necesitan, para ejercer su labor e ir en ayuda de quienes son afectados por una emergencia\u201d.<\/p>\n\n\n\n<p>La autoridad comunal le entreg\u00f3 un reconocimiento y comparti\u00f3 un desayuno con quienes dejaron en alto el nombre de Ovalle.<\/p>\n","protected":false},"excerpt":{"rendered":"<p>M\u00e1s de 30 integrantes del Cuerpo de Bomberos de Ovalle recibieron un reconocimiento por parte del alcalde (S) Jonathan Acu\u00f1a Rojas, luego de apoyar en el combate de los incendios forestales ocurrido en el sur del pa\u00eds, que dej\u00f3 a miles de familias sin sus viviendas y pertenencias. Durante dos semanas los voluntarios se pusieron &#8230;<\/p>\n","protected":false},"author":2,"featured_media":8603,"comment_status":"open","ping_status":"open","sticky":false,"template":"","format":"standard","meta":{"footnotes":""},"categories":[5],"tags":[],"class_list":["post-8602","post","type-post","status-publish","format-standard","has-post-thumbnail","hentry","category-actualidad-limarina"],"_links":{"self":[{"href":"https:\/\/www.radiolimari.cl\/index.php?rest_route=\/wp\/v2\/posts\/8602","targetHints":{"allow":["GET"]}}],"collection":[{"href":"https:\/\/www.radiolimari.cl\/index.php?rest_route=\/wp\/v2\/posts"}],"about":[{"href":"https:\/\/www.radiolimari.cl\/index.php?rest_route=\/wp\/v2\/types\/post"}],"author":[{"embeddable":true,"href":"https:\/\/www.radiolimari.cl\/index.php?rest_route=\/wp\/v2\/users\/2"}],"replies":[{"embeddable":true,"href":"https:\/\/www.radiolimari.cl\/index.php?rest_route=%2Fwp%2Fv2%2Fcomments&post=8602"}],"version-history":[{"count":1,"href":"https:\/\/www.radiolimari.cl\/index.php?rest_route=\/wp\/v2\/posts\/8602\/revisions"}],"predecessor-version":[{"id":8604,"href":"https:\/\/www.radiolimari.cl\/index.php?rest_route=\/wp\/v2\/posts\/8602\/revisions\/8604"}],"wp:featuredmedia":[{"embeddable":true,"href":"https:\/\/www.radiolimari.cl\/index.php?rest_route=\/wp\/v2\/media\/8603"}],"wp:attachment":[{"href":"https:\/\/www.radiolimari.cl\/index.php?rest_route=%2Fwp%2Fv2%2Fmedia&parent=8602"}],"wp:term":[{"taxonomy":"category","embeddable":true,"href":"https:\/\/www.radiolimari.cl\/index.php?rest_route=%2Fwp%2Fv2%2Fcategories&post=8602"},{"taxonomy":"post_tag","embeddable":true,"href":"https:\/\/www.radiolimari.cl\/index.php?rest_route=%2Fwp%2Fv2%2Ftags&post=8602"}],"curies":[{"name":"wp","href":"https:\/\/api.w.org\/{rel}","templated":true}]}}