{"id":8584,"date":"2023-03-15T14:07:56","date_gmt":"2023-03-15T14:07:56","guid":{"rendered":"https:\/\/www.radiolimari.cl\/?p=8584"},"modified":"2023-03-15T14:07:57","modified_gmt":"2023-03-15T14:07:57","slug":"pdi-incauta-107-kilos-de-cannabis-en-el-valle-del-quilimari","status":"publish","type":"post","link":"https:\/\/www.radiolimari.cl\/?p=8584","title":{"rendered":"<strong>PDI INCAUTA 107 KILOS DE CANNABIS EN EL VALLE DEL QUILIMAR\u00cd<\/strong>"},"content":{"rendered":"\n<figure class=\"wp-block-image size-large\"><a href=\"https:\/\/www.radiolimari.cl\/wp-content\/uploads\/2023\/03\/WhatsApp-Image-2023-03-14-at-12.54.08.jpeg\"><img fetchpriority=\"high\" decoding=\"async\" width=\"1024\" height=\"768\" src=\"https:\/\/www.radiolimari.cl\/wp-content\/uploads\/2023\/03\/WhatsApp-Image-2023-03-14-at-12.54.08-1024x768.jpeg\" alt=\"\" class=\"wp-image-8585\" srcset=\"https:\/\/www.radiolimari.cl\/wp-content\/uploads\/2023\/03\/WhatsApp-Image-2023-03-14-at-12.54.08-1024x768.jpeg 1024w, https:\/\/www.radiolimari.cl\/wp-content\/uploads\/2023\/03\/WhatsApp-Image-2023-03-14-at-12.54.08-300x225.jpeg 300w, https:\/\/www.radiolimari.cl\/wp-content\/uploads\/2023\/03\/WhatsApp-Image-2023-03-14-at-12.54.08-768x576.jpeg 768w, https:\/\/www.radiolimari.cl\/wp-content\/uploads\/2023\/03\/WhatsApp-Image-2023-03-14-at-12.54.08.jpeg 1280w\" sizes=\"(max-width: 1024px) 100vw, 1024px\" \/><\/a><figcaption class=\"wp-element-caption\">En la diligencia realizada en conjunto con oficiales de Los Vilos, adem\u00e1s se ubic\u00f3 una pistola 9 mm, marca Bersa con un grabado de la Polic\u00eda Federal Argentina y munici\u00f3n calibre 12. <\/figcaption><\/figure>\n\n\n\n<p>La Brigada Antinarc\u00f3ticos y Contra el Crimen Organizado La Calera incaut\u00f3 107 kilos 800 gramos de cannabis en proceso de secado en un operativo realizado en el sector de Tilama, Valle del Quilimar\u00ed, Los Vilos.<\/p>\n\n\n\n<p><\/p>\n\n\n\n<p>Los antecedentes fueron informados a la Fiscal\u00eda de An\u00e1lisis Criminal y Focos Investigativos del Ministerio P\u00fablico, mientras se realizan coordinaciones a trav\u00e9s de OCN Interpol a fin de determinar el origen del arma y su ingreso al pa\u00eds.<\/p>\n\n\n\n<p>link video exhibici\u00f3n especies&nbsp;<a href=\"https:\/\/we.tl\/t-NVPFF5VQso\" target=\"_blank\" rel=\"noreferrer noopener\">https:\/\/we.tl\/t-NVPFF5VQso<\/a><\/p>\n","protected":false},"excerpt":{"rendered":"<p>La Brigada Antinarc\u00f3ticos y Contra el Crimen Organizado La Calera incaut\u00f3 107 kilos 800 gramos de cannabis en proceso de secado en un operativo realizado en el sector de Tilama, Valle del Quilimar\u00ed, Los Vilos. Los antecedentes fueron informados a la Fiscal\u00eda de An\u00e1lisis Criminal y Focos Investigativos del Ministerio P\u00fablico, mientras se realizan coordinaciones &#8230;<\/p>\n","protected":false},"author":2,"featured_media":8585,"comment_status":"open","ping_status":"open","sticky":false,"template":"","format":"standard","meta":{"footnotes":""},"categories":[6],"tags":[],"class_list":["post-8584","post","type-post","status-publish","format-standard","has-post-thumbnail","hentry","category-regionales"],"_links":{"self":[{"href":"https:\/\/www.radiolimari.cl\/index.php?rest_route=\/wp\/v2\/posts\/8584","targetHints":{"allow":["GET"]}}],"collection":[{"href":"https:\/\/www.radiolimari.cl\/index.php?rest_route=\/wp\/v2\/posts"}],"about":[{"href":"https:\/\/www.radiolimari.cl\/index.php?rest_route=\/wp\/v2\/types\/post"}],"author":[{"embeddable":true,"href":"https:\/\/www.radiolimari.cl\/index.php?rest_route=\/wp\/v2\/users\/2"}],"replies":[{"embeddable":true,"href":"https:\/\/www.radiolimari.cl\/index.php?rest_route=%2Fwp%2Fv2%2Fcomments&post=8584"}],"version-history":[{"count":1,"href":"https:\/\/www.radiolimari.cl\/index.php?rest_route=\/wp\/v2\/posts\/8584\/revisions"}],"predecessor-version":[{"id":8586,"href":"https:\/\/www.radiolimari.cl\/index.php?rest_route=\/wp\/v2\/posts\/8584\/revisions\/8586"}],"wp:featuredmedia":[{"embeddable":true,"href":"https:\/\/www.radiolimari.cl\/index.php?rest_route=\/wp\/v2\/media\/8585"}],"wp:attachment":[{"href":"https:\/\/www.radiolimari.cl\/index.php?rest_route=%2Fwp%2Fv2%2Fmedia&parent=8584"}],"wp:term":[{"taxonomy":"category","embeddable":true,"href":"https:\/\/www.radiolimari.cl\/index.php?rest_route=%2Fwp%2Fv2%2Fcategories&post=8584"},{"taxonomy":"post_tag","embeddable":true,"href":"https:\/\/www.radiolimari.cl\/index.php?rest_route=%2Fwp%2Fv2%2Ftags&post=8584"}],"curies":[{"name":"wp","href":"https:\/\/api.w.org\/{rel}","templated":true}]}}