{"id":8572,"date":"2023-03-09T18:47:32","date_gmt":"2023-03-09T18:47:32","guid":{"rendered":"https:\/\/www.radiolimari.cl\/?p=8572"},"modified":"2023-03-09T18:47:33","modified_gmt":"2023-03-09T18:47:33","slug":"en-ovalle-nueve-mujeres-recibieron-reconocimientos-en-la-conmemoracion-del-dia-internacional-de-la-mujer","status":"publish","type":"post","link":"https:\/\/www.radiolimari.cl\/?p=8572","title":{"rendered":"En Ovalle nueve mujeres recibieron reconocimientos en la conmemoraci\u00f3n del D\u00eda Internacional de la Mujer."},"content":{"rendered":"\n<figure class=\"wp-block-image size-large\"><a href=\"https:\/\/www.radiolimari.cl\/wp-content\/uploads\/2023\/03\/Conmemoracion-del-Dia-de-la-Mujer-en-Ovalle-2023-7-scaled.jpg\"><img fetchpriority=\"high\" decoding=\"async\" width=\"1024\" height=\"578\" src=\"https:\/\/www.radiolimari.cl\/wp-content\/uploads\/2023\/03\/Conmemoracion-del-Dia-de-la-Mujer-en-Ovalle-2023-7-1024x578.jpg\" alt=\"\" class=\"wp-image-8573\" srcset=\"https:\/\/www.radiolimari.cl\/wp-content\/uploads\/2023\/03\/Conmemoracion-del-Dia-de-la-Mujer-en-Ovalle-2023-7-1024x578.jpg 1024w, https:\/\/www.radiolimari.cl\/wp-content\/uploads\/2023\/03\/Conmemoracion-del-Dia-de-la-Mujer-en-Ovalle-2023-7-300x169.jpg 300w, https:\/\/www.radiolimari.cl\/wp-content\/uploads\/2023\/03\/Conmemoracion-del-Dia-de-la-Mujer-en-Ovalle-2023-7-768x433.jpg 768w, https:\/\/www.radiolimari.cl\/wp-content\/uploads\/2023\/03\/Conmemoracion-del-Dia-de-la-Mujer-en-Ovalle-2023-7-1536x866.jpg 1536w, https:\/\/www.radiolimari.cl\/wp-content\/uploads\/2023\/03\/Conmemoracion-del-Dia-de-la-Mujer-en-Ovalle-2023-7-2048x1155.jpg 2048w\" sizes=\"(max-width: 1024px) 100vw, 1024px\" \/><\/a><figcaption class=\"wp-element-caption\"><strong><em>El alcalde suplente de Ovalle, Jonathan Acu\u00f1a Rojas y los integrantes del Concejo Municipal entregaron distinciones a mujeres de la comuna, destacando su esfuerzo y compromiso con la comunidad local.<\/em><\/strong> <\/figcaption><\/figure>\n\n\n\n<p>Una jornada muy especial y llena de emociones se vivi\u00f3 en la plaza de armas, en la Conmemoraci\u00f3n del D\u00eda Internacional de la Mujer, evento que fue organizado por el municipio de Ovalle. En la oportunidad, el alcalde suplente Jonathan Acu\u00f1a Rojas y los concejales Gerald Castillo, Ricardo Rojas, Cristi\u00e1n Rojas, Carlos Ramos, Fanny Vega, Blas Araya y Nicol\u00e1s Aguirre hicieron un homenaje a nueve mujeres, con el fin de destacar su esfuerzo y contribuci\u00f3n con la comunidad local.<\/p>\n\n\n\n<p>En esta ocasi\u00f3n, recibieron estas distinciones y presentes, por parte de los integrantes del Concejo Municipal, Rosa Hidalgo Torrej\u00f3n (Blas Araya), Alicia Arias Acu\u00f1a (Carlos Ramos), Rosa Tabilo Mu\u00f1oz (Gerald Castillo), Mirca Contreras Araya (Ricardo Rojas), Eliana Echeverr\u00eda Saavedra (Cristian Rojas) y Mar\u00eda Jes\u00fas Mellado (Nicol\u00e1s Aguirre), a lo que se sum\u00f3 un homenaje p\u00f3stumo realizado por la concejala Fanny Vega a Karen Acevedo, profesora que fue asesinada hace unos meses en la capital limarina. En tanto, el alcalde suplente Jonathan Acu\u00f1a entreg\u00f3 este reconocimiento a Mercedes Gonz\u00e1lez y a Tamara Olivares.<\/p>\n\n\n\n<p>En el plano art\u00edstico, se present\u00f3 la Compa\u00f1\u00eda de Danzas Folcl\u00f3ricas Paihu\u00e9n, quienes hicieron un cuadro basado en nuestro baile nacional. Luego, fue el turno de la cantante y ganadora del programa Got Talent Chile de Mega, Juliana \u00c1ngel, quien encant\u00f3 al p\u00fablico local con los \u00e9xitos de la m\u00fasica ranchera. Posteriormente, se present\u00f3 la int\u00e9rprete ovallina Karime, quien hizo bailar a los asistentes con su m\u00fasica tropical ranchera, quien adem\u00e1s hizo un homenaje al grupo Los Gavilanes de la Frontera.<\/p>\n\n\n\n<p>El t\u00e9rmino de la jornada estuvo a cargo de la cantante nacional Carolina Soto, quien interpret\u00f3 sus canciones como \u201cAhora entend\u00ed\u201d, \u201cAura\u201d y \u201cTodo vuelve a cero\u201d, adem\u00e1s de un mix con baladas rom\u00e1nticas del recuerdo y un homenaje a la cantante espa\u00f1ola, Isabel Pantoja. &nbsp;&nbsp;&nbsp;<\/p>\n\n\n\n<p>En este sentido, el alcalde suplente de Ovalle, Jonathan Acu\u00f1a Rojas indic\u00f3 que fue una jornada muy especial \u201cporque resaltamos el rol de la mujer en nuestra comunidad. Muchas de ellas son parte esencial de nuestras organizaciones sociales, tanto en el sector urbano, como rural. Por eso quisimos realizar esta ceremonia y entregarles un reconocimiento a nueve mujeres destacadas de nuestra comuna por su esfuerzo y entrega, desde sus diferentes funciones y oficios\u201d.<\/p>\n","protected":false},"excerpt":{"rendered":"<p>Una jornada muy especial y llena de emociones se vivi\u00f3 en la plaza de armas, en la Conmemoraci\u00f3n del D\u00eda Internacional de la Mujer, evento que fue organizado por el municipio de Ovalle. En la oportunidad, el alcalde suplente Jonathan Acu\u00f1a Rojas y los concejales Gerald Castillo, Ricardo Rojas, Cristi\u00e1n Rojas, Carlos Ramos, Fanny Vega, &#8230;<\/p>\n","protected":false},"author":2,"featured_media":8573,"comment_status":"open","ping_status":"open","sticky":false,"template":"","format":"standard","meta":{"footnotes":""},"categories":[5],"tags":[],"class_list":["post-8572","post","type-post","status-publish","format-standard","has-post-thumbnail","hentry","category-actualidad-limarina"],"_links":{"self":[{"href":"https:\/\/www.radiolimari.cl\/index.php?rest_route=\/wp\/v2\/posts\/8572","targetHints":{"allow":["GET"]}}],"collection":[{"href":"https:\/\/www.radiolimari.cl\/index.php?rest_route=\/wp\/v2\/posts"}],"about":[{"href":"https:\/\/www.radiolimari.cl\/index.php?rest_route=\/wp\/v2\/types\/post"}],"author":[{"embeddable":true,"href":"https:\/\/www.radiolimari.cl\/index.php?rest_route=\/wp\/v2\/users\/2"}],"replies":[{"embeddable":true,"href":"https:\/\/www.radiolimari.cl\/index.php?rest_route=%2Fwp%2Fv2%2Fcomments&post=8572"}],"version-history":[{"count":1,"href":"https:\/\/www.radiolimari.cl\/index.php?rest_route=\/wp\/v2\/posts\/8572\/revisions"}],"predecessor-version":[{"id":8574,"href":"https:\/\/www.radiolimari.cl\/index.php?rest_route=\/wp\/v2\/posts\/8572\/revisions\/8574"}],"wp:featuredmedia":[{"embeddable":true,"href":"https:\/\/www.radiolimari.cl\/index.php?rest_route=\/wp\/v2\/media\/8573"}],"wp:attachment":[{"href":"https:\/\/www.radiolimari.cl\/index.php?rest_route=%2Fwp%2Fv2%2Fmedia&parent=8572"}],"wp:term":[{"taxonomy":"category","embeddable":true,"href":"https:\/\/www.radiolimari.cl\/index.php?rest_route=%2Fwp%2Fv2%2Fcategories&post=8572"},{"taxonomy":"post_tag","embeddable":true,"href":"https:\/\/www.radiolimari.cl\/index.php?rest_route=%2Fwp%2Fv2%2Ftags&post=8572"}],"curies":[{"name":"wp","href":"https:\/\/api.w.org\/{rel}","templated":true}]}}