{"id":8569,"date":"2023-03-09T14:14:02","date_gmt":"2023-03-09T14:14:02","guid":{"rendered":"https:\/\/www.radiolimari.cl\/?p=8569"},"modified":"2023-03-09T14:14:03","modified_gmt":"2023-03-09T14:14:03","slug":"en-combarbala-adolescentes-del-consejo-consultivo-comunal-visitan-juzgados-de-la-ciudad","status":"publish","type":"post","link":"https:\/\/www.radiolimari.cl\/?p=8569","title":{"rendered":"EN COMBARBAL\u00c1 ADOLESCENTES DEL CONSEJO CONSULTIVO COMUNAL VISITAN JUZGADOS DE LA CIUDAD"},"content":{"rendered":"\n<figure class=\"wp-block-image size-large\"><a href=\"https:\/\/www.radiolimari.cl\/wp-content\/uploads\/2023\/03\/03-03-nna-combarbala1.jpg\"><img fetchpriority=\"high\" decoding=\"async\" width=\"1024\" height=\"716\" src=\"https:\/\/www.radiolimari.cl\/wp-content\/uploads\/2023\/03\/03-03-nna-combarbala1-1024x716.jpg\" alt=\"\" class=\"wp-image-8570\" srcset=\"https:\/\/www.radiolimari.cl\/wp-content\/uploads\/2023\/03\/03-03-nna-combarbala1-1024x716.jpg 1024w, https:\/\/www.radiolimari.cl\/wp-content\/uploads\/2023\/03\/03-03-nna-combarbala1-300x210.jpg 300w, https:\/\/www.radiolimari.cl\/wp-content\/uploads\/2023\/03\/03-03-nna-combarbala1-768x537.jpg 768w, https:\/\/www.radiolimari.cl\/wp-content\/uploads\/2023\/03\/03-03-nna-combarbala1.jpg 1189w\" sizes=\"(max-width: 1024px) 100vw, 1024px\" \/><\/a><figcaption class=\"wp-element-caption\">El Juzgado de letras y Garant\u00eda de la ciudad de Combarbal\u00e1 recibieron en sus dependencias a integrantes del Consejo Consultivo comunal,\u00a0 instancia que est\u00e1 bajo el alero de la Oficinade protecci\u00f3n del municipio.<\/figcaption><\/figure>\n\n\n\n<p>Como una forma de efectivizar el derecho a ser o\u00eddo de los ni\u00f1os, ni\u00f1as y adolescentes (NNA) y fortalecer la organizaci\u00f3n que los representa en la comuna de Combarbal\u00e1, el Juzgado de letras y Garant\u00eda de la ciudad recibi\u00f3 en sus dependencias a miembros del Consejo Consultivo comunal,&nbsp; instancia que -bajo el alero de las Oficinas de protecci\u00f3n de las municipalidades- re\u00fane a ni\u00f1os y adolescentes de la comuna promoviendo su participaci\u00f3n en pol\u00edticas p\u00fablicas.<\/p>\n\n\n\n<p>En la oportunidad, el juez Luis Casas y las consejeras t\u00e9cnicas del tribunal explicaron a los adolescentes la funci\u00f3n del Poder Judicial y en un recorrido por las dependencias conocieron la labor que cada unidad realiza y c\u00f3mo se vincula el sistema judicial con la protecci\u00f3n de sus derechos.<\/p>\n\n\n\n<p>A la actividad se conect\u00f3 remotamente el presidente de la Corte de Apelaciones, Felipe Pulgar, quien junto con darles la bienvenida,&nbsp; inst\u00f3 a los NNA a dar a conocer su percepci\u00f3n sobre el sistema de justicia; en tanto que el magistrado Luis Casas destac\u00f3 la importancia de vincularse con ni\u00f1os y ni\u00f1as teniendo en cuenta siempre su inter\u00e9s superior.<\/p>\n\n\n\n<p>\u201cPara nuestro tribunal es relevante que ni\u00f1os, ni\u00f1as y adolescentes puedan conocer nuestra labor y de qu\u00e9 manera resguardamos el cumplimiento de sus derechos, considerando su autonom\u00eda progresiva, con un lenguaje cercano y con las puertas abiertas para escucharlos en cualquier momento\u201d, manifest\u00f3.&nbsp;<\/p>\n\n\n\n<p>Para la consejera t\u00e9cnica&nbsp; Mariana Olivares, \u201cla meta es lograr un modelo de justicia m\u00e1s amigable con los NNA y esto no es posible lograrlo sin ellos.&nbsp; La pol\u00edtica de efectivizaci\u00f3n de los derechos del ni\u00f1o del Poder Judicial nos invita a eso, y como juzgado estamos respondiendo al llamado\u201d, concluy\u00f3.<\/p>\n","protected":false},"excerpt":{"rendered":"<p>Como una forma de efectivizar el derecho a ser o\u00eddo de los ni\u00f1os, ni\u00f1as y adolescentes (NNA) y fortalecer la organizaci\u00f3n que los representa en la comuna de Combarbal\u00e1, el Juzgado de letras y Garant\u00eda de la ciudad recibi\u00f3 en sus dependencias a miembros del Consejo Consultivo comunal,&nbsp; instancia que -bajo el alero de las &#8230;<\/p>\n","protected":false},"author":2,"featured_media":8570,"comment_status":"open","ping_status":"open","sticky":false,"template":"","format":"standard","meta":{"footnotes":""},"categories":[5],"tags":[],"class_list":["post-8569","post","type-post","status-publish","format-standard","has-post-thumbnail","hentry","category-actualidad-limarina"],"_links":{"self":[{"href":"https:\/\/www.radiolimari.cl\/index.php?rest_route=\/wp\/v2\/posts\/8569","targetHints":{"allow":["GET"]}}],"collection":[{"href":"https:\/\/www.radiolimari.cl\/index.php?rest_route=\/wp\/v2\/posts"}],"about":[{"href":"https:\/\/www.radiolimari.cl\/index.php?rest_route=\/wp\/v2\/types\/post"}],"author":[{"embeddable":true,"href":"https:\/\/www.radiolimari.cl\/index.php?rest_route=\/wp\/v2\/users\/2"}],"replies":[{"embeddable":true,"href":"https:\/\/www.radiolimari.cl\/index.php?rest_route=%2Fwp%2Fv2%2Fcomments&post=8569"}],"version-history":[{"count":1,"href":"https:\/\/www.radiolimari.cl\/index.php?rest_route=\/wp\/v2\/posts\/8569\/revisions"}],"predecessor-version":[{"id":8571,"href":"https:\/\/www.radiolimari.cl\/index.php?rest_route=\/wp\/v2\/posts\/8569\/revisions\/8571"}],"wp:featuredmedia":[{"embeddable":true,"href":"https:\/\/www.radiolimari.cl\/index.php?rest_route=\/wp\/v2\/media\/8570"}],"wp:attachment":[{"href":"https:\/\/www.radiolimari.cl\/index.php?rest_route=%2Fwp%2Fv2%2Fmedia&parent=8569"}],"wp:term":[{"taxonomy":"category","embeddable":true,"href":"https:\/\/www.radiolimari.cl\/index.php?rest_route=%2Fwp%2Fv2%2Fcategories&post=8569"},{"taxonomy":"post_tag","embeddable":true,"href":"https:\/\/www.radiolimari.cl\/index.php?rest_route=%2Fwp%2Fv2%2Ftags&post=8569"}],"curies":[{"name":"wp","href":"https:\/\/api.w.org\/{rel}","templated":true}]}}