{"id":8566,"date":"2023-03-09T00:29:46","date_gmt":"2023-03-09T00:29:46","guid":{"rendered":"https:\/\/www.radiolimari.cl\/?p=8566"},"modified":"2023-03-09T00:29:46","modified_gmt":"2023-03-09T00:29:46","slug":"con-50-000-cupos-disponibles-y-17-nuevas-sedes-de-rendicion-comienza-la-inscripcion-a-la-paes-de-invierno-2023","status":"publish","type":"post","link":"https:\/\/www.radiolimari.cl\/?p=8566","title":{"rendered":"<strong>Con 50.000 cupos disponibles y 17 nuevas sedes de rendici\u00f3n comienza la inscripci\u00f3n a la PAES de Invierno 2023<\/strong>"},"content":{"rendered":"\n<figure class=\"wp-block-image size-large\"><a href=\"https:\/\/www.radiolimari.cl\/wp-content\/uploads\/2023\/03\/PAES.png\"><img fetchpriority=\"high\" decoding=\"async\" width=\"1024\" height=\"569\" src=\"https:\/\/www.radiolimari.cl\/wp-content\/uploads\/2023\/03\/PAES-1024x569.png\" alt=\"\" class=\"wp-image-8567\" srcset=\"https:\/\/www.radiolimari.cl\/wp-content\/uploads\/2023\/03\/PAES-1024x569.png 1024w, https:\/\/www.radiolimari.cl\/wp-content\/uploads\/2023\/03\/PAES-300x167.png 300w, https:\/\/www.radiolimari.cl\/wp-content\/uploads\/2023\/03\/PAES-768x427.png 768w, https:\/\/www.radiolimari.cl\/wp-content\/uploads\/2023\/03\/PAES-1536x853.png 1536w, https:\/\/www.radiolimari.cl\/wp-content\/uploads\/2023\/03\/PAES-2048x1138.png 2048w\" sizes=\"(max-width: 1024px) 100vw, 1024px\" \/><\/a><figcaption class=\"wp-element-caption\">\u00b7\u00a0\u00a0\u00a0\u00a0\u00a0\u00a0 <em>La prueba ser\u00e1 rendida el 19, 20 y 22 de junio, por personas que hayan egresado de Ense\u00f1anza Media. El plazo de inscripci\u00f3n es hasta el 21 de marzo, en las plataformas acceso.mineduc.cl y en demre.cl.<\/em><\/figcaption><\/figure>\n\n\n\n<p>La Subsecretar\u00eda de Educaci\u00f3n Superior, junto al DEMRE de la Universidad de Chile, abrieron hoy el per\u00edodo de inscripci\u00f3n para la aplicaci\u00f3n de la Prueba de Acceso a la Educaci\u00f3n Superior (PAES) de Invierno, el que se encontrar\u00e1 habilitado hasta el 21 de marzo, a las 13:00 horas, o hasta que se acaben los cupos disponibles.<\/p>\n\n\n\n<p>Para esta PAES de Invierno, cuyos resultados podr\u00e1n ser usados en el Proceso de Admisi\u00f3n 2024, se dispondr\u00e1 de 50.000 cupos de inscripci\u00f3n que podr\u00e1n ser utilizados por personas egresadas de la Ense\u00f1anza Media en Chile, que cuenten con Licencia de Ense\u00f1anza Media o Certificado Anual de Egreso de IV Medio, disponibles en l\u00ednea.<\/p>\n\n\n\n<p>La prueba se rendir\u00e1 el 19, 20 y 22 de junio, fechas en que habr\u00e1 45 sedes a nivel nacional, es decir, 17 sedes m\u00e1s que en comparaci\u00f3n a la PDT de Invierno 2022, lo que permitir\u00e1 una mayor cobertura territorial y facilitar\u00e1 el acceso de las y los inscritos a este proceso.<\/p>\n\n\n\n<p>Las y los postulantes deber\u00e1n inscribir las pruebas que consideren pertinentes para sus carreras de inter\u00e9s. Es importante destacar que no se podr\u00e1n rendir pruebas que no se hayan inscrito en este per\u00edodo, ni se pueden agregar pruebas en los locales de rendici\u00f3n.<\/p>\n\n\n\n<p>La <strong>subsecretaria de Educaci\u00f3n Superior, Ver\u00f3nica Figueroa Huencho,<\/strong> se\u00f1al\u00f3 que \u201cestamos muy contentas y contentos de dar inicio al proceso de inscripci\u00f3n para rendir la PAES de Invierno, que, por segundo a\u00f1o consecutivo, permitir\u00e1 a miles de estudiantes tener una oportunidad m\u00e1s para postular a la educaci\u00f3n superior. Por otro lado, tenemos el agrado de informar que, para esta rendici\u00f3n, contamos con 17 sedes nuevas, lo que va en l\u00ednea con el compromiso de esta Subsecretar\u00eda de abarcar una cantidad mayor de territorios y permitir que m\u00e1s estudiantes puedan inscribirse y rendir la prueba cerca de sus domicilios\u201d.<\/p>\n\n\n\n<p>Para este proceso, la PAES de Competencia Matem\u00e1tica 2 (M2) no tendr\u00e1 costo adicional para aquellas personas que inscriban la PAES de Competencia Matem\u00e1tica 1 (M1), y lo mismo viceversa. Para ello, las y los postulantes deben seleccionar manualmente ambas pruebas al momento de inscribirse; si alguna prueba queda sin inscribir, no podr\u00e1n rendirla el d\u00eda de su aplicaci\u00f3n.<\/p>\n\n\n\n<p>La <strong>directora del DEMRE, Leonor Varas, <\/strong>invit\u00f3 \u201ca quienes les interesa la ciencia, la matem\u00e1tica, la tecnolog\u00eda y la ingenier\u00eda, a que sumen y rindan la M2, para que prueben sus conocimientos y competencias m\u00e1s avanzadas, tomando en cuenta, adem\u00e1s, que esa prueba ser\u00e1 requisito obligatorio para un conjunto importante de carreras que usan de forma intensiva la matem\u00e1tica\u00bb.<\/p>\n\n\n\n<p>Cabe se\u00f1alar que existe una lista preliminar de carreras que obligatoriamente solicitan M2 en este Proceso de Admisi\u00f3n 2024 y que se puede consultar en acceso.mineduc.cl y demre.cl. Esta lista puede crecer, pues las universidades podr\u00e1n agregar carreras que exijan M2. Adem\u00e1s, todas las carreras que soliciten la PAES de Competencia Matem\u00e1tica 2 (M2) le dar\u00e1n a esta prueba una ponderaci\u00f3n m\u00ednima de un 5% como factor de selecci\u00f3n.<\/p>\n\n\n\n<p>La inscripci\u00f3n a la PAES de Invierno 2023 se puede realizar de forma online, desde cualquier computador o dispositivo m\u00f3vil, ingresando a la plataforma de inscripci\u00f3n disponible en acceso.mineduc.cl y en demre.cl.<\/p>\n\n\n\n<p><strong>Pr\u00f3ximas fechas importantes:<\/strong><\/p>\n\n\n\n<ul class=\"wp-block-list\">\n<li>Rendici\u00f3n PAES de Invierno: lunes 19, martes 20 y jueves 22 de junio 2023.<\/li>\n\n\n\n<li>Entrega de resultados PAES de invierno: viernes 21 de julio, a las 09:00 horas en acceso.mineduc.cl y demre.cl.<\/li>\n<\/ul>\n","protected":false},"excerpt":{"rendered":"<p>La Subsecretar\u00eda de Educaci\u00f3n Superior, junto al DEMRE de la Universidad de Chile, abrieron hoy el per\u00edodo de inscripci\u00f3n para la aplicaci\u00f3n de la Prueba de Acceso a la Educaci\u00f3n Superior (PAES) de Invierno, el que se encontrar\u00e1 habilitado hasta el 21 de marzo, a las 13:00 horas, o hasta que se acaben los cupos &#8230;<\/p>\n","protected":false},"author":2,"featured_media":8567,"comment_status":"open","ping_status":"open","sticky":false,"template":"","format":"standard","meta":{"footnotes":""},"categories":[3],"tags":[],"class_list":["post-8566","post","type-post","status-publish","format-standard","has-post-thumbnail","hentry","category-actualidad"],"_links":{"self":[{"href":"https:\/\/www.radiolimari.cl\/index.php?rest_route=\/wp\/v2\/posts\/8566","targetHints":{"allow":["GET"]}}],"collection":[{"href":"https:\/\/www.radiolimari.cl\/index.php?rest_route=\/wp\/v2\/posts"}],"about":[{"href":"https:\/\/www.radiolimari.cl\/index.php?rest_route=\/wp\/v2\/types\/post"}],"author":[{"embeddable":true,"href":"https:\/\/www.radiolimari.cl\/index.php?rest_route=\/wp\/v2\/users\/2"}],"replies":[{"embeddable":true,"href":"https:\/\/www.radiolimari.cl\/index.php?rest_route=%2Fwp%2Fv2%2Fcomments&post=8566"}],"version-history":[{"count":1,"href":"https:\/\/www.radiolimari.cl\/index.php?rest_route=\/wp\/v2\/posts\/8566\/revisions"}],"predecessor-version":[{"id":8568,"href":"https:\/\/www.radiolimari.cl\/index.php?rest_route=\/wp\/v2\/posts\/8566\/revisions\/8568"}],"wp:featuredmedia":[{"embeddable":true,"href":"https:\/\/www.radiolimari.cl\/index.php?rest_route=\/wp\/v2\/media\/8567"}],"wp:attachment":[{"href":"https:\/\/www.radiolimari.cl\/index.php?rest_route=%2Fwp%2Fv2%2Fmedia&parent=8566"}],"wp:term":[{"taxonomy":"category","embeddable":true,"href":"https:\/\/www.radiolimari.cl\/index.php?rest_route=%2Fwp%2Fv2%2Fcategories&post=8566"},{"taxonomy":"post_tag","embeddable":true,"href":"https:\/\/www.radiolimari.cl\/index.php?rest_route=%2Fwp%2Fv2%2Ftags&post=8566"}],"curies":[{"name":"wp","href":"https:\/\/api.w.org\/{rel}","templated":true}]}}