{"id":8563,"date":"2023-03-09T00:19:44","date_gmt":"2023-03-09T00:19:44","guid":{"rendered":"https:\/\/www.radiolimari.cl\/?p=8563"},"modified":"2023-03-09T00:19:45","modified_gmt":"2023-03-09T00:19:45","slug":"21-jovenes-de-la-comuna-de-monte-patria-comienzan-nueva-etapa-academica-en-hogar-universitario-limari","status":"publish","type":"post","link":"https:\/\/www.radiolimari.cl\/?p=8563","title":{"rendered":"<strong>21 j\u00f3venes de la comuna de Monte Patria comienzan nueva etapa acad\u00e9mica en Hogar Universitario Limar\u00ed<\/strong>"},"content":{"rendered":"\n<figure class=\"wp-block-image size-large\"><a href=\"https:\/\/www.radiolimari.cl\/wp-content\/uploads\/2023\/03\/ALCALDE_1-scaled.jpg\"><img fetchpriority=\"high\" decoding=\"async\" width=\"1024\" height=\"683\" src=\"https:\/\/www.radiolimari.cl\/wp-content\/uploads\/2023\/03\/ALCALDE_1-1024x683.jpg\" alt=\"\" class=\"wp-image-8564\" srcset=\"https:\/\/www.radiolimari.cl\/wp-content\/uploads\/2023\/03\/ALCALDE_1-1024x683.jpg 1024w, https:\/\/www.radiolimari.cl\/wp-content\/uploads\/2023\/03\/ALCALDE_1-300x200.jpg 300w, https:\/\/www.radiolimari.cl\/wp-content\/uploads\/2023\/03\/ALCALDE_1-768x512.jpg 768w, https:\/\/www.radiolimari.cl\/wp-content\/uploads\/2023\/03\/ALCALDE_1-1536x1024.jpg 1536w, https:\/\/www.radiolimari.cl\/wp-content\/uploads\/2023\/03\/ALCALDE_1-2048x1365.jpg 2048w\" sizes=\"(max-width: 1024px) 100vw, 1024px\" \/><\/a><figcaption class=\"wp-element-caption\">\u00a0<br><strong><em>Durante la jornada del viernes, el alcalde, Cristian Herrera Pe\u00f1a junto con diversas autoridades locales compartieron un desayuno con los estudiantes que obtuvieron el beneficio.<\/em><\/strong><\/figcaption><\/figure>\n\n\n\n<p>Entusiasmo, alegr\u00eda y nerviosismo por empezar una nueva etapa en sus vidas fueron las emociones de los 21 j\u00f3venes de la comuna que est\u00e1n pr\u00f3ximamente por trasladarse al Hogar Universitario Limar\u00ed, ubicado en la capital regional. El beneficio municipal consiste en aportar a los estudiantes con un lugar para que ellos puedan residir durante sus a\u00f1os de estudios superiores y as\u00ed reducir los costos de mantenci\u00f3n de los j\u00f3venes.<\/p>\n\n\n\n<p>El programa al que est\u00e1 adscrito la municipalidad de Monte Patria, ayudar\u00e1&nbsp; a un total de 41 estudiantes (renovantes y nuevos) de diversos puntos de la comuna este a\u00f1o. Y es en preciso punto que el trabajo en coordinaci\u00f3n entre la Direcci\u00f3n de Desarrollo Comunitario (DIDECO) y Departamento Social de la municipalidad de Monte Patria cumplieron el objetivo, mandatados por el alcalde Cristian Herrera de extender los cupos, logrando as\u00ed que m\u00e1s estudiantes pudieran acceder al beneficio.<\/p>\n\n\n\n<p>Para Michelle Herrera, Coordinadora del Departamento Social, el trabajo mancomunado fue de suma importancia para la concreci\u00f3n de nuevas metas este a\u00f1o. <strong>\u201cLa idea principal de otorgar estas ayudas en la comuna es, principalmente, para que contin\u00faen sus estudios y puedan realizar su carrera de estudios superiores, donde puedan sacar una profesi\u00f3n y puedan salir adelante en la vida\u201d<\/strong>, indic\u00f3.<\/p>\n\n\n\n<p>Pero este hogar no s\u00f3lo contempla un lugar para pernoctar, sino tambi\u00e9n un espacio seguro para quienes van en b\u00fasqueda de un mejor futuro. Es por ello que, en el hogar universitario, los estudiantes reciben adecuada alimentaci\u00f3n y atenciones que, muchas veces, no est\u00e1n disponibles de manera particular. <strong>\u201cEs muy importante que este beneficio se genere en la comuna, porque acabamos de ver tantos j\u00f3venes con la esperanza de cumplir sus proyectos de vida y sue\u00f1os a nivel familiar y personal. Hemos trabajado mancomunadamente con el D<\/strong><strong>epartamento Social y DIDECO ellos han entregado todo lo que son las herramientas como Hogar Universitario para tener a los ni\u00f1os en unas condiciones que corresponden y con el Departamento Social que realiza la selecci\u00f3n de estos j\u00f3venes.&nbsp;Es gran trabajo que realiza el municipio de monte patria porque este a\u00f1o se logr\u00f3 extender los cupos\u201d, <\/strong>precis\u00f3 Perla Zepeda, Directora del Hogar Universitario.<\/p>\n\n\n\n<p>La postulaci\u00f3n se renueva cada a\u00f1o, dependiendo de la situaci\u00f3n de vulnerabilidad social de cada familia postulante y que toma en consideraci\u00f3n diversos aspectos . <strong>\u201cEs muy bueno que esto pueda contribuir al sue\u00f1o de terminar una carrera profesional, al menos, estar ah\u00ed el tiempo necesario o que requieren los mismos estudios. Es una bonita experiencia, porque aprendes tanto de las personas que est\u00e1n a tu alrededor como de las personas que vas conociendo en el camino. Se experimentan otras realidades\u201d<\/strong>, mencion\u00f3 Zahir Mu\u00f1oz, estudiante renovante que cursa cuarto a\u00f1o de pedagog\u00eda en biolog\u00eda (ULS).<\/p>\n\n\n\n<p>Carolina Mu\u00f1oz, oriunda de El Palqui y madre de una de las seleccionadas sinti\u00f3 un alivi\u00f3 cuando le avisaron que su hija estaba dentro de los seleccionados para el hogar universitario. Y es que sus gastos, considerando los actuales precios de los arriendos, se reducir\u00e1n gracias a esta beca y expres\u00f3 \u201c<strong>estoy muy feliz de saber que mi hija obtuvo este beneficio, porque para mi, como madre, era importante. Estamos las dos contentas, porque mi hija va a lograr el objetivo de estudiar en la Universidad Santo Tom\u00e1<\/strong><strong>s.&nbsp;Me siento muy segura que vaya al hogar universitario, porque es importante que nuestros hijos est<\/strong><strong>\u00e9n seguros, sobre todo, en este aspecto para completar los estudios profesionales\u201d, <\/strong>indic\u00f3.<\/p>\n\n\n\n<p>Desde el municipio, el alcalde de Monte Patria, Cristian Herrera, esta ayuda municipal es una oportunidad para que los estudiantes realicen su sue\u00f1o de ser profesionales y as\u00ed contribuir con el desarrollo de las comunidades. <strong>\u201cComo nos comentaban reci<\/strong><strong>\u00e9n que, sin esta posibilidad, de tener un hogar con un costo muy bajo, sin esta oportunidad, ellos no podr\u00edan. Por eso mismo es un desayuno alegre y con la esperanza de que el rol que estamos cumpliendo desde el municipio nos va a entregar futuro, nuevos profesionales y t<\/strong><strong>\u00e9cnicos que vengan a aportar a nuestra comuna. Este a\u00f1o aumentamos los cupos que ten\u00edamos asignados como comuna donde estuvimos conversaciones con otras comunas para ver la posibilidad de aumentarlos y as\u00ed lo hicimos para tener nuevos espacios para desarrollarse\u201d, <\/strong>se\u00f1al\u00f3 el edil.<\/p>\n\n\n\n<p>El Hogar Universitario Limar\u00ed es una alternativa que beneficia desde hace d\u00e9cadas a los estudiantes en condiciones de socio vulnerabilidad de la comuna de Monte Patria.<\/p>\n","protected":false},"excerpt":{"rendered":"<p>Entusiasmo, alegr\u00eda y nerviosismo por empezar una nueva etapa en sus vidas fueron las emociones de los 21 j\u00f3venes de la comuna que est\u00e1n pr\u00f3ximamente por trasladarse al Hogar Universitario Limar\u00ed, ubicado en la capital regional. El beneficio municipal consiste en aportar a los estudiantes con un lugar para que ellos puedan residir durante sus &#8230;<\/p>\n","protected":false},"author":2,"featured_media":8564,"comment_status":"open","ping_status":"open","sticky":false,"template":"","format":"standard","meta":{"footnotes":""},"categories":[5],"tags":[],"class_list":["post-8563","post","type-post","status-publish","format-standard","has-post-thumbnail","hentry","category-actualidad-limarina"],"_links":{"self":[{"href":"https:\/\/www.radiolimari.cl\/index.php?rest_route=\/wp\/v2\/posts\/8563","targetHints":{"allow":["GET"]}}],"collection":[{"href":"https:\/\/www.radiolimari.cl\/index.php?rest_route=\/wp\/v2\/posts"}],"about":[{"href":"https:\/\/www.radiolimari.cl\/index.php?rest_route=\/wp\/v2\/types\/post"}],"author":[{"embeddable":true,"href":"https:\/\/www.radiolimari.cl\/index.php?rest_route=\/wp\/v2\/users\/2"}],"replies":[{"embeddable":true,"href":"https:\/\/www.radiolimari.cl\/index.php?rest_route=%2Fwp%2Fv2%2Fcomments&post=8563"}],"version-history":[{"count":1,"href":"https:\/\/www.radiolimari.cl\/index.php?rest_route=\/wp\/v2\/posts\/8563\/revisions"}],"predecessor-version":[{"id":8565,"href":"https:\/\/www.radiolimari.cl\/index.php?rest_route=\/wp\/v2\/posts\/8563\/revisions\/8565"}],"wp:featuredmedia":[{"embeddable":true,"href":"https:\/\/www.radiolimari.cl\/index.php?rest_route=\/wp\/v2\/media\/8564"}],"wp:attachment":[{"href":"https:\/\/www.radiolimari.cl\/index.php?rest_route=%2Fwp%2Fv2%2Fmedia&parent=8563"}],"wp:term":[{"taxonomy":"category","embeddable":true,"href":"https:\/\/www.radiolimari.cl\/index.php?rest_route=%2Fwp%2Fv2%2Fcategories&post=8563"},{"taxonomy":"post_tag","embeddable":true,"href":"https:\/\/www.radiolimari.cl\/index.php?rest_route=%2Fwp%2Fv2%2Ftags&post=8563"}],"curies":[{"name":"wp","href":"https:\/\/api.w.org\/{rel}","templated":true}]}}