{"id":8542,"date":"2023-03-06T16:47:49","date_gmt":"2023-03-06T16:47:49","guid":{"rendered":"https:\/\/www.radiolimari.cl\/?p=8542"},"modified":"2023-03-06T16:47:49","modified_gmt":"2023-03-06T16:47:49","slug":"autoridades-de-gobierno-explican-los-alcances-de-la-ley-tea-reafirmando-el-compromiso-con-la-inclusion","status":"publish","type":"post","link":"https:\/\/www.radiolimari.cl\/?p=8542","title":{"rendered":"<strong>Autoridades de Gobierno explican los alcances de la Ley TEA reafirmando el compromiso con la inclusi\u00f3n<\/strong>"},"content":{"rendered":"\n<figure class=\"wp-block-image size-large\"><a href=\"https:\/\/www.radiolimari.cl\/wp-content\/uploads\/2023\/03\/LEY-TEA-2.jpeg\"><img fetchpriority=\"high\" decoding=\"async\" width=\"1024\" height=\"768\" src=\"https:\/\/www.radiolimari.cl\/wp-content\/uploads\/2023\/03\/LEY-TEA-2-1024x768.jpeg\" alt=\"\" class=\"wp-image-8543\" srcset=\"https:\/\/www.radiolimari.cl\/wp-content\/uploads\/2023\/03\/LEY-TEA-2-1024x768.jpeg 1024w, https:\/\/www.radiolimari.cl\/wp-content\/uploads\/2023\/03\/LEY-TEA-2-300x225.jpeg 300w, https:\/\/www.radiolimari.cl\/wp-content\/uploads\/2023\/03\/LEY-TEA-2-768x576.jpeg 768w, https:\/\/www.radiolimari.cl\/wp-content\/uploads\/2023\/03\/LEY-TEA-2-1536x1152.jpeg 1536w, https:\/\/www.radiolimari.cl\/wp-content\/uploads\/2023\/03\/LEY-TEA-2.jpeg 1600w\" sizes=\"(max-width: 1024px) 100vw, 1024px\" \/><\/a><figcaption class=\"wp-element-caption\"><strong>La nueva normativa promueve un abordaje integral de personas con Trastorno del Espectro Autista (TEA) en el \u00e1mbito social, de la salud y de la educaci\u00f3n, junto con concientizar a la sociedad sobre esta tem\u00e1tica.<\/strong> <\/figcaption><\/figure>\n\n\n\n<p>En la comuna de Coquimbo, autoridades regionales y comunales llegaron hasta la Fundaci\u00f3n Semilla de Luz para dialogar sobre los alcances de la esperada Ley TEA tras su promulgaci\u00f3n. Una normativa que asegura el derecho a la igualdad de oportunidades y el resguardo la inclusi\u00f3n social de los ni\u00f1os, ni\u00f1as, adolescentes y adultos con Trastorno del Espectro Autista (TEA), eliminando cualquier forma de discriminaci\u00f3n.<\/p>\n\n\n\n<p>Al respecto, el Seremi de Desarrollo Social y Familia, Eduardo Alcayaga, destac\u00f3 que \u201cest\u00e1 a la vista toda la lucha que han dado las madres TEA. El d\u00eda de hoy hay que poner en relieve la incidencia que ellas tuvieron para que esta ley saliera adelante, han hecho un seguimiento, un trabajo constante y que ha llevado a que el Estado, a trav\u00e9s de nuestro Gobierno encabezado por el Presidente Gabriel Boric, lo haya asumido y se haya comprometido. Es una ley que va a tener una secuencia en el tiempo, dos a\u00f1os para ir monitoreando a trav\u00e9s de las propias organizaciones, a trav\u00e9s de un comit\u00e9, que va a ir evaluando la aplicaci\u00f3n y la eficacia de esta normativa\u201d.<\/p>\n\n\n\n<p>Por su parte, la Seremi de Gobierno, Paulina Mora, indic\u00f3 que \u201ces un gran paso, es un acto de reivindicaci\u00f3n, de visibilizaci\u00f3n, de justicia, para todas las ni\u00f1as ni\u00f1os, j\u00f3venes y adultos con TEA. Estamos en un centro, en una fundaci\u00f3n fabulosa, que lleva a\u00f1os trabajando, se constituyeron hace poquito como fundaci\u00f3n, apoyando a la comunidad de Coquimbo. Destacar que esta ley no hubiese sido posible sin la participaci\u00f3n de la sociedad civil, y en un trabajo mancomunado entre el Congreso, el Gobierno y las organizaciones, madres, padres, cuidadoras, cuidadores, familias y todas las personas con Trastorno del Espectro Autista\u201d.<\/p>\n\n\n\n<p>A su vez, Desiree Herrera, quien es la presidenta de la Agrupaci\u00f3n Neurodivergentes Coquimbo y directora de la Fundaci\u00f3n Semilla De Luz, valor\u00f3 que \u201cpor fin nuestros hijos van a tener una ley que los va a apoyar. Una ley que, como organizaciones civiles, nos viene a apoyar todo el trabajo que realizamos hace a\u00f1os, tanto entregando terapias fonoaudiol\u00f3gicas, terapeuta ocupacional o atenci\u00f3n psicol\u00f3gica. Sabemos que no es el fin con esta ley, sino que empezamos a trabajar desde el inicio, empezamos como desde cero a trabajar con educaci\u00f3n, con salud\u201d.<\/p>\n\n\n\n<p>En este sentido, la nueva normativa promueve un abordaje integral de las personas con TEA en el \u00e1mbito social, de la salud y de la educaci\u00f3n, junto con concientizar a la sociedad sobre esta tem\u00e1tica. Lo anterior, sin perjuicio de los dem\u00e1s derechos, beneficios o garant\u00edas contempladas en otros cuerpos legales o normativos y en los tratados internacionales ratificados por Chile, que se encuentren vigentes.<\/p>\n\n\n\n<p>En tanto, la Seremi de Educaci\u00f3n, Cecilia Ram\u00edrez, detall\u00f3 que \u201cya en el 2022 cuando asumimos como Gobierno, empezamos a trabajar en la regi\u00f3n con las distintas fundaciones, que atienden a personas con Trastorno del Espectro Autista, logramos avanzar y apoyar al Ministerio de Educaci\u00f3n en esta coordinaci\u00f3n entre la sociedad civil y el Estado, para poder hacer las \u00faltimas modificaciones y que la ley quedara de una manera m\u00e1s integral. Nuestra labor es asegurar el derecho a la educaci\u00f3n, la atenci\u00f3n de todas las ni\u00f1as, ni\u00f1os y adolescentes\u201d.&nbsp;&nbsp;&nbsp;<\/p>\n\n\n\n<p>El Seremi (s) de Salud, Tom\u00e1s Balaguer, explic\u00f3 que \u201cesta ley nos obliga a un tratamiento integral, y durante todo el curso de la vida, de las personas que tienen Trastorno del Espectro Autista, incluyendo todos los niveles de severidad. Aparte, tiene un importante componente de intersectorialidad, donde el Ministerio de Salud va a trabajar con otros ministerios, por ejemplo, con el Ministerio de Educaci\u00f3n en la detecci\u00f3n y derivaci\u00f3n oportuna de ni\u00f1as y ni\u00f1os que presenten TEA\u201d.<\/p>\n\n\n\n<p>Cabe destacar, que en la visita estuvieron presentes la Diputada, Carolina Tello, y el alcalde de la comuna de Coquimbo, Al\u00ed Manouchehri.&nbsp;<\/p>\n","protected":false},"excerpt":{"rendered":"<p>En la comuna de Coquimbo, autoridades regionales y comunales llegaron hasta la Fundaci\u00f3n Semilla de Luz para dialogar sobre los alcances de la esperada Ley TEA tras su promulgaci\u00f3n. Una normativa que asegura el derecho a la igualdad de oportunidades y el resguardo la inclusi\u00f3n social de los ni\u00f1os, ni\u00f1as, adolescentes y adultos con Trastorno &#8230;<\/p>\n","protected":false},"author":2,"featured_media":8543,"comment_status":"open","ping_status":"open","sticky":false,"template":"","format":"standard","meta":{"footnotes":""},"categories":[3],"tags":[],"class_list":["post-8542","post","type-post","status-publish","format-standard","has-post-thumbnail","hentry","category-actualidad"],"_links":{"self":[{"href":"https:\/\/www.radiolimari.cl\/index.php?rest_route=\/wp\/v2\/posts\/8542","targetHints":{"allow":["GET"]}}],"collection":[{"href":"https:\/\/www.radiolimari.cl\/index.php?rest_route=\/wp\/v2\/posts"}],"about":[{"href":"https:\/\/www.radiolimari.cl\/index.php?rest_route=\/wp\/v2\/types\/post"}],"author":[{"embeddable":true,"href":"https:\/\/www.radiolimari.cl\/index.php?rest_route=\/wp\/v2\/users\/2"}],"replies":[{"embeddable":true,"href":"https:\/\/www.radiolimari.cl\/index.php?rest_route=%2Fwp%2Fv2%2Fcomments&post=8542"}],"version-history":[{"count":1,"href":"https:\/\/www.radiolimari.cl\/index.php?rest_route=\/wp\/v2\/posts\/8542\/revisions"}],"predecessor-version":[{"id":8544,"href":"https:\/\/www.radiolimari.cl\/index.php?rest_route=\/wp\/v2\/posts\/8542\/revisions\/8544"}],"wp:featuredmedia":[{"embeddable":true,"href":"https:\/\/www.radiolimari.cl\/index.php?rest_route=\/wp\/v2\/media\/8543"}],"wp:attachment":[{"href":"https:\/\/www.radiolimari.cl\/index.php?rest_route=%2Fwp%2Fv2%2Fmedia&parent=8542"}],"wp:term":[{"taxonomy":"category","embeddable":true,"href":"https:\/\/www.radiolimari.cl\/index.php?rest_route=%2Fwp%2Fv2%2Fcategories&post=8542"},{"taxonomy":"post_tag","embeddable":true,"href":"https:\/\/www.radiolimari.cl\/index.php?rest_route=%2Fwp%2Fv2%2Ftags&post=8542"}],"curies":[{"name":"wp","href":"https:\/\/api.w.org\/{rel}","templated":true}]}}