{"id":8539,"date":"2023-03-06T16:07:32","date_gmt":"2023-03-06T16:07:32","guid":{"rendered":"https:\/\/www.radiolimari.cl\/?p=8539"},"modified":"2023-03-06T16:07:33","modified_gmt":"2023-03-06T16:07:33","slug":"remarcan-la-importancia-de-que-la-ciudadaniacomprometa-acciones-de-eficiencia-energetica","status":"publish","type":"post","link":"https:\/\/www.radiolimari.cl\/?p=8539","title":{"rendered":"<strong>Remarcan la importancia de que la ciudadan\u00eda<br>comprometa acciones de eficiencia energ\u00e9tica<\/strong><br>"},"content":{"rendered":"\n<figure class=\"wp-block-image size-full\"><a href=\"https:\/\/www.radiolimari.cl\/wp-content\/uploads\/2023\/03\/WhatsApp-Image-2023-03-03-at-17.03.54-1.jpeg\"><img fetchpriority=\"high\" decoding=\"async\" width=\"861\" height=\"789\" src=\"https:\/\/www.radiolimari.cl\/wp-content\/uploads\/2023\/03\/WhatsApp-Image-2023-03-03-at-17.03.54-1.jpeg\" alt=\"\" class=\"wp-image-8540\" srcset=\"https:\/\/www.radiolimari.cl\/wp-content\/uploads\/2023\/03\/WhatsApp-Image-2023-03-03-at-17.03.54-1.jpeg 861w, https:\/\/www.radiolimari.cl\/wp-content\/uploads\/2023\/03\/WhatsApp-Image-2023-03-03-at-17.03.54-1-300x275.jpeg 300w, https:\/\/www.radiolimari.cl\/wp-content\/uploads\/2023\/03\/WhatsApp-Image-2023-03-03-at-17.03.54-1-768x704.jpeg 768w\" sizes=\"(max-width: 861px) 100vw, 861px\" \/><\/a><figcaption class=\"wp-element-caption\"><strong><em>Esta efem\u00e9ride surge en 1998 cuando se comenz\u00f3 a crear conciencia en la necesidad de cuidar las fuentes de energ\u00eda.<\/em><\/strong> <\/figcaption><\/figure>\n\n\n\n<p>Esta fecha surge en 1998, tras la \u201cPrimera Conferencia Internacional de Eficiencia Energ\u00e9tica\u201d que se desarroll\u00f3 en Austria, como una medida frente al agotamiento de las fuentes de energ\u00eda f\u00f3siles a corto plazo.&nbsp;<\/p>\n\n\n\n<p>Es por esta raz\u00f3n que la SEREMI de Energ\u00eda realiz\u00f3 una intervenci\u00f3n en la Plaza de Armas de La Serena con el objetivo de que la ciudadan\u00eda tome conciencia de la importancia que representa cuidar los recursos energ\u00e9ticos y adoptar compromisos para disminuir el gasto de energ\u00eda sin dejar de realizar nuestras acciones cotidianas.&nbsp;<\/p>\n\n\n\n<p>La Seremi de Energ\u00eda, Mar\u00eda Castillo Rojas, enfatiz\u00f3 que \u201cen el D\u00eda Mundial de la Eficiencia Energ\u00e9tica estamos haciendo un importante llamado a toda la ciudadan\u00eda a hacer un uso eficiente de los recursos energ\u00e9ticos y a un uso racional de estos mismos. Nosotros en nuestra Agenda de Energ\u00eda tenemos incorporadas metas y acciones que fomentan el buen cuidado de la energ\u00eda tanto a nivel residencial, p\u00fablico y privado. Tenemos varios programas que se orientan al ahorro de la energ\u00eda, a la competitividad y de paso contribuir al cambio clim\u00e1tico\u201d.&nbsp;<\/p>\n\n\n\n<p>Desde el Ministerio de Energ\u00eda se ha enfatizado que la eficiencia energ\u00e9tica es la clave&nbsp;para impulsar la acci\u00f3n clim\u00e1tica y la productividad de nuestro pa\u00eds.&nbsp;En un proceso de descarbonizaci\u00f3n y transici\u00f3n, representa productividad.&nbsp;&nbsp;<\/p>\n\n\n\n<p>Nuestro pa\u00eds suscribi\u00f3 el compromiso de ser carbono-neutrales antes del 2050, ratificado con la promulgaci\u00f3n de la Ley Marco de Cambio Clim\u00e1tico.&nbsp;En ese compromiso, el rol de la energ\u00eda es clave, al ser el responsable de casi el 80% de las emisiones&nbsp;<\/p>\n\n\n\n<p>De todos los aspectos implicados en la transici\u00f3n energ\u00e9tica, como la promoci\u00f3n de energ\u00edas renovables, el despliegue de electromovilidad o el impulso decidido de la industria del hidr\u00f3geno verde, ninguno es tan importante como la eficiencia energ\u00e9tica.&nbsp;<\/p>\n\n\n\n<p>Actualmente existe una ley de Eficiencia Energ\u00e9tica que tiene dentro de sus pilares la obligatoriedad de la gesti\u00f3n de la energ\u00eda de los grandes consumidores.<strong>&nbsp;<\/strong>Dichas&nbsp;obligaciones de informaci\u00f3n y reporte son cruciales para lograr el uso racional que demanda el cambio clim\u00e1tico.&nbsp;<\/p>\n\n\n\n<p>Por parte,&nbsp;para la Agencia Internacional de Energ\u00eda (IEA), la eficiencia energ\u00e9tica es&nbsp;la piedra angular de la transici\u00f3n energ\u00e9tica a una matriz m\u00e1s sostenible. Junto con las energ\u00edas renovables, es la herramienta m\u00e1s efectiva en cuanto a reducci\u00f3n de los gases de efecto invernadero, favoreciendo el cuidado de los recursos naturales, potenciando la productividad y competitividad de la econom\u00eda y, adem\u00e1s, contribuyendo a mejorar la calidad de vida de las personas.&nbsp;&nbsp;<\/p>\n","protected":false},"excerpt":{"rendered":"<p>Esta fecha surge en 1998, tras la \u201cPrimera Conferencia Internacional de Eficiencia Energ\u00e9tica\u201d que se desarroll\u00f3 en Austria, como una medida frente al agotamiento de las fuentes de energ\u00eda f\u00f3siles a corto plazo.&nbsp; Es por esta raz\u00f3n que la SEREMI de Energ\u00eda realiz\u00f3 una intervenci\u00f3n en la Plaza de Armas de La Serena con el &#8230;<\/p>\n","protected":false},"author":2,"featured_media":8540,"comment_status":"open","ping_status":"open","sticky":false,"template":"","format":"standard","meta":{"footnotes":""},"categories":[6],"tags":[],"class_list":["post-8539","post","type-post","status-publish","format-standard","has-post-thumbnail","hentry","category-regionales"],"_links":{"self":[{"href":"https:\/\/www.radiolimari.cl\/index.php?rest_route=\/wp\/v2\/posts\/8539","targetHints":{"allow":["GET"]}}],"collection":[{"href":"https:\/\/www.radiolimari.cl\/index.php?rest_route=\/wp\/v2\/posts"}],"about":[{"href":"https:\/\/www.radiolimari.cl\/index.php?rest_route=\/wp\/v2\/types\/post"}],"author":[{"embeddable":true,"href":"https:\/\/www.radiolimari.cl\/index.php?rest_route=\/wp\/v2\/users\/2"}],"replies":[{"embeddable":true,"href":"https:\/\/www.radiolimari.cl\/index.php?rest_route=%2Fwp%2Fv2%2Fcomments&post=8539"}],"version-history":[{"count":1,"href":"https:\/\/www.radiolimari.cl\/index.php?rest_route=\/wp\/v2\/posts\/8539\/revisions"}],"predecessor-version":[{"id":8541,"href":"https:\/\/www.radiolimari.cl\/index.php?rest_route=\/wp\/v2\/posts\/8539\/revisions\/8541"}],"wp:featuredmedia":[{"embeddable":true,"href":"https:\/\/www.radiolimari.cl\/index.php?rest_route=\/wp\/v2\/media\/8540"}],"wp:attachment":[{"href":"https:\/\/www.radiolimari.cl\/index.php?rest_route=%2Fwp%2Fv2%2Fmedia&parent=8539"}],"wp:term":[{"taxonomy":"category","embeddable":true,"href":"https:\/\/www.radiolimari.cl\/index.php?rest_route=%2Fwp%2Fv2%2Fcategories&post=8539"},{"taxonomy":"post_tag","embeddable":true,"href":"https:\/\/www.radiolimari.cl\/index.php?rest_route=%2Fwp%2Fv2%2Ftags&post=8539"}],"curies":[{"name":"wp","href":"https:\/\/api.w.org\/{rel}","templated":true}]}}