{"id":8536,"date":"2023-03-06T15:21:28","date_gmt":"2023-03-06T15:21:28","guid":{"rendered":"https:\/\/www.radiolimari.cl\/?p=8536"},"modified":"2023-03-06T15:21:29","modified_gmt":"2023-03-06T15:21:29","slug":"en-illapel-se-dio-inicio-ano-escolar-comunal-junto-a-lanzamiento-del-programa-mejor-escuela","status":"publish","type":"post","link":"https:\/\/www.radiolimari.cl\/?p=8536","title":{"rendered":"EN ILLAPEL SE DI\u00d3 INICIO A\u00d1O ESCOLAR COMUNAL JUNTO A LANZAMIENTO DEL PROGRAMA MEJOR ESCUELA"},"content":{"rendered":"\n<figure class=\"wp-block-image size-large\"><a href=\"https:\/\/www.radiolimari.cl\/wp-content\/uploads\/2023\/03\/FOTO-2-scaled.jpg\"><img fetchpriority=\"high\" decoding=\"async\" width=\"1024\" height=\"575\" src=\"https:\/\/www.radiolimari.cl\/wp-content\/uploads\/2023\/03\/FOTO-2-1024x575.jpg\" alt=\"\" class=\"wp-image-8537\" srcset=\"https:\/\/www.radiolimari.cl\/wp-content\/uploads\/2023\/03\/FOTO-2-1024x575.jpg 1024w, https:\/\/www.radiolimari.cl\/wp-content\/uploads\/2023\/03\/FOTO-2-300x169.jpg 300w, https:\/\/www.radiolimari.cl\/wp-content\/uploads\/2023\/03\/FOTO-2-768x432.jpg 768w, https:\/\/www.radiolimari.cl\/wp-content\/uploads\/2023\/03\/FOTO-2-1536x863.jpg 1536w, https:\/\/www.radiolimari.cl\/wp-content\/uploads\/2023\/03\/FOTO-2-2048x1151.jpg 2048w\" sizes=\"(max-width: 1024px) 100vw, 1024px\" \/><\/a><figcaption class=\"wp-element-caption\">En dependencias del Liceo Bicentenario de Excelencia Domingo Ortiz de Rozas, se realiz\u00f3 el inicio del a\u00f1o escolar comunal 2023. <\/figcaption><\/figure>\n\n\n\n<p>La ceremonia cont\u00f3 con la presencia del alcalde de la comuna, Denis Cort\u00e9s Aguilera; el subsecretario de energ\u00eda, Julio Maturana; la Delegada Presidencial, Nataly Carvajal; Consejeros Regionales; concejales de la comuna; equipo directivo del Liceo; Directores de los establecimientos educacionales municipales, docentes y estudiantes del Liceo Bicentenario de Excelencia DOR.<\/p>\n\n\n\n<p>En la jornada, se realiz\u00f3 el lanzamiento del \u201cPrograma Mejor Escuela\u201d, cuya funci\u00f3n es mejorar el acondicionamiento t\u00e9rmico de cuatro colegios de la Regi\u00f3n de Coquimbo.<\/p>\n\n\n\n<p>El Liceo Bicentenario de Excelencia Domingo Ortiz de Rozas, ser\u00e1 uno de los 42 beneficiados por la iniciativa que busca subir los est\u00e1ndares de confort ambiental y hacer m\u00e1s eficiente el uso de energ\u00eda en establecimientos educacionales p\u00fablicos, enfocada en la climatizaci\u00f3n t\u00e9rmica, la incorporaci\u00f3n de energ\u00edas renovables y normalizaci\u00f3n el\u00e9ctrica, mejorando la calidad de educaci\u00f3n de m\u00e1s de 700 estudiantes.<\/p>\n\n\n\n<p>Intervenciones a considerar (en ajuste):<\/p>\n\n\n\n<p>\u00b7&nbsp;&nbsp;&nbsp;&nbsp;&nbsp;&nbsp;&nbsp;&nbsp;&nbsp;Conservaci\u00f3n de fachadas y reposici\u00f3n e incorporaci\u00f3n de aislaci\u00f3n t\u00e9rmica en pabellones.<\/p>\n\n\n\n<p>\u00b7&nbsp;&nbsp;&nbsp;&nbsp;&nbsp;&nbsp;&nbsp;&nbsp;&nbsp;Conservaci\u00f3n de superficies vidriadas.<\/p>\n\n\n\n<p>\u00b7&nbsp;&nbsp;&nbsp;&nbsp;&nbsp;&nbsp;&nbsp;&nbsp;&nbsp;Recambio de puertas.<\/p>\n","protected":false},"excerpt":{"rendered":"<p>La ceremonia cont\u00f3 con la presencia del alcalde de la comuna, Denis Cort\u00e9s Aguilera; el subsecretario de energ\u00eda, Julio Maturana; la Delegada Presidencial, Nataly Carvajal; Consejeros Regionales; concejales de la comuna; equipo directivo del Liceo; Directores de los establecimientos educacionales municipales, docentes y estudiantes del Liceo Bicentenario de Excelencia DOR. En la jornada, se realiz\u00f3 &#8230;<\/p>\n","protected":false},"author":2,"featured_media":8537,"comment_status":"open","ping_status":"open","sticky":false,"template":"","format":"standard","meta":{"footnotes":""},"categories":[6],"tags":[],"class_list":["post-8536","post","type-post","status-publish","format-standard","has-post-thumbnail","hentry","category-regionales"],"_links":{"self":[{"href":"https:\/\/www.radiolimari.cl\/index.php?rest_route=\/wp\/v2\/posts\/8536","targetHints":{"allow":["GET"]}}],"collection":[{"href":"https:\/\/www.radiolimari.cl\/index.php?rest_route=\/wp\/v2\/posts"}],"about":[{"href":"https:\/\/www.radiolimari.cl\/index.php?rest_route=\/wp\/v2\/types\/post"}],"author":[{"embeddable":true,"href":"https:\/\/www.radiolimari.cl\/index.php?rest_route=\/wp\/v2\/users\/2"}],"replies":[{"embeddable":true,"href":"https:\/\/www.radiolimari.cl\/index.php?rest_route=%2Fwp%2Fv2%2Fcomments&post=8536"}],"version-history":[{"count":1,"href":"https:\/\/www.radiolimari.cl\/index.php?rest_route=\/wp\/v2\/posts\/8536\/revisions"}],"predecessor-version":[{"id":8538,"href":"https:\/\/www.radiolimari.cl\/index.php?rest_route=\/wp\/v2\/posts\/8536\/revisions\/8538"}],"wp:featuredmedia":[{"embeddable":true,"href":"https:\/\/www.radiolimari.cl\/index.php?rest_route=\/wp\/v2\/media\/8537"}],"wp:attachment":[{"href":"https:\/\/www.radiolimari.cl\/index.php?rest_route=%2Fwp%2Fv2%2Fmedia&parent=8536"}],"wp:term":[{"taxonomy":"category","embeddable":true,"href":"https:\/\/www.radiolimari.cl\/index.php?rest_route=%2Fwp%2Fv2%2Fcategories&post=8536"},{"taxonomy":"post_tag","embeddable":true,"href":"https:\/\/www.radiolimari.cl\/index.php?rest_route=%2Fwp%2Fv2%2Ftags&post=8536"}],"curies":[{"name":"wp","href":"https:\/\/api.w.org\/{rel}","templated":true}]}}