{"id":8533,"date":"2023-03-06T14:36:38","date_gmt":"2023-03-06T14:36:38","guid":{"rendered":"https:\/\/www.radiolimari.cl\/?p=8533"},"modified":"2023-03-06T14:36:39","modified_gmt":"2023-03-06T14:36:39","slug":"en-ovalle-los-jaivas-encantan-a-la-provincia-del-limari-con-su-show-en-el-cierre-de-la-fiesta-de-la-vendimia","status":"publish","type":"post","link":"https:\/\/www.radiolimari.cl\/?p=8533","title":{"rendered":"En Ovalle Los Jaivas encantan a la provincia del Limar\u00ed con su show en el cierre de la Fiesta de la Vendimia"},"content":{"rendered":"\n<figure class=\"wp-block-image size-large\"><a href=\"https:\/\/www.radiolimari.cl\/wp-content\/uploads\/2023\/03\/Los-Jaivas-scaled.jpg\"><img fetchpriority=\"high\" decoding=\"async\" width=\"1024\" height=\"683\" src=\"https:\/\/www.radiolimari.cl\/wp-content\/uploads\/2023\/03\/Los-Jaivas-1024x683.jpg\" alt=\"\" class=\"wp-image-8534\" srcset=\"https:\/\/www.radiolimari.cl\/wp-content\/uploads\/2023\/03\/Los-Jaivas-1024x683.jpg 1024w, https:\/\/www.radiolimari.cl\/wp-content\/uploads\/2023\/03\/Los-Jaivas-300x200.jpg 300w, https:\/\/www.radiolimari.cl\/wp-content\/uploads\/2023\/03\/Los-Jaivas-768x512.jpg 768w, https:\/\/www.radiolimari.cl\/wp-content\/uploads\/2023\/03\/Los-Jaivas-1536x1024.jpg 1536w, https:\/\/www.radiolimari.cl\/wp-content\/uploads\/2023\/03\/Los-Jaivas-2048x1365.jpg 2048w\" sizes=\"(max-width: 1024px) 100vw, 1024px\" \/><\/a><figcaption class=\"wp-element-caption\">El gran cierre cont\u00f3 con artistas locales y la banda hist\u00f3rica que acaba de ganar su Gaviota de Platino en el Festival de Vi\u00f1a del Mar. <\/figcaption><\/figure>\n\n\n\n<p>El evento de la noche del domingo cont\u00f3 con m\u00e1s de 40 mil asistentes, logrando as\u00ed un aproximado de 75.000 personas en ambos d\u00edas de la XVI edici\u00f3n de la Fiesta de la Vendimia.<\/p>\n\n\n\n<p>La celebraci\u00f3n organizada por el Municipio de Ovalle, a trav\u00e9s del Departamento de Fomento Productivo y Turismo, tuvo una gran aceptaci\u00f3n por parte de la comunidad tanto ovallina, como de otras comunas del Limar\u00ed.<\/p>\n\n\n\n<p>El alcalde de Ovalle, Jonathan Acu\u00f1a: \u201cHemos vivido jornadas bastante intensas, tuvimos una afluencia de p\u00fablico sobre lo esperado y se not\u00f3 que no hab\u00edamos realizado la fiesta por dos a\u00f1os. Esta fiesta es para venir en familia, hay refuerzo de Carabineros para que todos y todas puedan transitar con seguridad, disfrutar de la gastronom\u00eda de los shows con espacios liberados y est\u00e1 el cierre de oro que hay en el escenario principal\u201d.<\/p>\n\n\n\n<p>Por su parte, Eric Castro, Encargado de Fomento Productivo y Turismo enfatiz\u00f3 en otra visi\u00f3n de este tipo de actividades locales: \u201cPara nosotros es muy importante fomentar estos eventos, porque de otra forma no es una fiesta, esto tiene un trasfondo que es la producci\u00f3n local y como nos hacemos cargo de poder potenciar, guiar y a la vez fomentar la industria que no est\u00e1 pasando por buenos momentos. Tambi\u00e9n queremos desarrollar e impulsar una econom\u00eda m\u00e1s sustentable, entendiendo que tenemos una gran sequ\u00eda que no debemos olvidar y por ende tenemos que ser responsables con nuestros recursos naturales que lamentablemente son muy escasos\u201d.<\/p>\n\n\n\n<p><strong>Candidatas del evento<\/strong><\/p>\n\n\n\n<p>Durante la tarde del domingo, las cuatro candidatas oficiales para obtener el puesto de Embajadora de la Fiesta de la Vendimia, pudieron acercarse m\u00e1s al p\u00fablico y efectuaron el pisado de uva. En la misma l\u00ednea, entregaron sus saludos individuales para pasar a la ronda nocturna de preguntas.<\/p>\n\n\n\n<p><strong>Show central<\/strong><\/p>\n\n\n\n<p>El escenario central comenz\u00f3 con la fiesta musical de \u201cRadio City Band\u201d que pueden encontrar en Instagram como @radiocitybanda, seguidos por la banda \u201cLa M\u00e1xima\u201d (@banda_la_maxima en Instagram).<\/p>\n\n\n\n<p>El cierre oficial del evento estuvo a cargo de \u201cLos Jaivas\u201d, quienes celebraron en Ovalle sus 60 a\u00f1os de historia, luego de ser galardonados con la Gaviota de Platino en el Festival de Vi\u00f1a del Mar.<\/p>\n\n\n\n<p>De esta manera, la Ilustre Municipalidad de Ovalle contin\u00faa trabajando para ofrecer una amplia gama de actividades en temporada estival, logrando alta audiencia y shows de calidad para su comunidad.<\/p>\n","protected":false},"excerpt":{"rendered":"<p>El evento de la noche del domingo cont\u00f3 con m\u00e1s de 40 mil asistentes, logrando as\u00ed un aproximado de 75.000 personas en ambos d\u00edas de la XVI edici\u00f3n de la Fiesta de la Vendimia. La celebraci\u00f3n organizada por el Municipio de Ovalle, a trav\u00e9s del Departamento de Fomento Productivo y Turismo, tuvo una gran aceptaci\u00f3n &#8230;<\/p>\n","protected":false},"author":2,"featured_media":8534,"comment_status":"open","ping_status":"open","sticky":false,"template":"","format":"standard","meta":{"footnotes":""},"categories":[3],"tags":[],"class_list":["post-8533","post","type-post","status-publish","format-standard","has-post-thumbnail","hentry","category-actualidad"],"_links":{"self":[{"href":"https:\/\/www.radiolimari.cl\/index.php?rest_route=\/wp\/v2\/posts\/8533","targetHints":{"allow":["GET"]}}],"collection":[{"href":"https:\/\/www.radiolimari.cl\/index.php?rest_route=\/wp\/v2\/posts"}],"about":[{"href":"https:\/\/www.radiolimari.cl\/index.php?rest_route=\/wp\/v2\/types\/post"}],"author":[{"embeddable":true,"href":"https:\/\/www.radiolimari.cl\/index.php?rest_route=\/wp\/v2\/users\/2"}],"replies":[{"embeddable":true,"href":"https:\/\/www.radiolimari.cl\/index.php?rest_route=%2Fwp%2Fv2%2Fcomments&post=8533"}],"version-history":[{"count":1,"href":"https:\/\/www.radiolimari.cl\/index.php?rest_route=\/wp\/v2\/posts\/8533\/revisions"}],"predecessor-version":[{"id":8535,"href":"https:\/\/www.radiolimari.cl\/index.php?rest_route=\/wp\/v2\/posts\/8533\/revisions\/8535"}],"wp:featuredmedia":[{"embeddable":true,"href":"https:\/\/www.radiolimari.cl\/index.php?rest_route=\/wp\/v2\/media\/8534"}],"wp:attachment":[{"href":"https:\/\/www.radiolimari.cl\/index.php?rest_route=%2Fwp%2Fv2%2Fmedia&parent=8533"}],"wp:term":[{"taxonomy":"category","embeddable":true,"href":"https:\/\/www.radiolimari.cl\/index.php?rest_route=%2Fwp%2Fv2%2Fcategories&post=8533"},{"taxonomy":"post_tag","embeddable":true,"href":"https:\/\/www.radiolimari.cl\/index.php?rest_route=%2Fwp%2Fv2%2Ftags&post=8533"}],"curies":[{"name":"wp","href":"https:\/\/api.w.org\/{rel}","templated":true}]}}