{"id":8530,"date":"2023-03-04T00:57:53","date_gmt":"2023-03-04T00:57:53","guid":{"rendered":"https:\/\/www.radiolimari.cl\/?p=8530"},"modified":"2023-03-04T00:57:54","modified_gmt":"2023-03-04T00:57:54","slug":"programa-mejor-escuela-destinara-cerca-de-mil-millones-de-pesos-en-el-mejoramiento-del-confort-termico-y-mayor-eficiencia-energetica-en-colegios-de-vicuna-combarbala-canela-e-illapel","status":"publish","type":"post","link":"https:\/\/www.radiolimari.cl\/?p=8530","title":{"rendered":"Programa Mejor Escuela destinar\u00e1 cerca de mil millones de pesos en el mejoramiento del confort t\u00e9rmico y mayor eficiencia energ\u00e9tica en colegios de Vicu\u00f1a, Combarbal\u00e1, Canela e Illapel"},"content":{"rendered":"\n<figure class=\"wp-block-image size-large\"><a href=\"https:\/\/www.radiolimari.cl\/wp-content\/uploads\/2023\/03\/f1-scaled.jpg\"><img fetchpriority=\"high\" decoding=\"async\" width=\"1024\" height=\"575\" src=\"https:\/\/www.radiolimari.cl\/wp-content\/uploads\/2023\/03\/f1-1024x575.jpg\" alt=\"\" class=\"wp-image-8531\" srcset=\"https:\/\/www.radiolimari.cl\/wp-content\/uploads\/2023\/03\/f1-1024x575.jpg 1024w, https:\/\/www.radiolimari.cl\/wp-content\/uploads\/2023\/03\/f1-300x168.jpg 300w, https:\/\/www.radiolimari.cl\/wp-content\/uploads\/2023\/03\/f1-768x431.jpg 768w, https:\/\/www.radiolimari.cl\/wp-content\/uploads\/2023\/03\/f1-1536x863.jpg 1536w, https:\/\/www.radiolimari.cl\/wp-content\/uploads\/2023\/03\/f1-2048x1150.jpg 2048w\" sizes=\"(max-width: 1024px) 100vw, 1024px\" \/><\/a><figcaption class=\"wp-element-caption\">El acto de lanzamiento regional cont\u00f3 con la presencia del ministro (s) de Energ\u00eda, Julio Maturana,\u00a0 <\/figcaption><\/figure>\n\n\n\n<p>Mejorar la calidad de vida de los estudiantes y optimizar el funcionamiento de las escuelas en base a la incorporaci\u00f3n de energ\u00edas renovables, la eficiencia energ\u00e9tica y el acondicionamiento t\u00e9rmico, son los objetivos del plan de Mejoramiento Energ\u00e9tico para Escuelas P\u00fablicas Mejor Escuela.&nbsp;&nbsp;&nbsp;<\/p>\n\n\n\n<p>Dicha iniciativa beneficiar\u00e1 a cuatro establecimientos educacionales de la Regi\u00f3n de Coquimbo, para lo cual se destinar\u00e1n cerca de mil millones de pesos. Los recintos que contar\u00e1n con mejoramiento de las condiciones de salas de clases en cuanto a aislaci\u00f3n t\u00e9rmica, recambio de muros, techumbre y pisos, recambio de ventanas y de iluminaci\u00f3n, son la Escuela Arturo P\u00e9rez Canto de Combarbal\u00e1, la Escuela Juan Antonio R\u00edos de Canela, la escuela Neftal\u00ed Reyes de Vicu\u00f1a y el liceo Domingo Ortiz de Rozas de Illapel, donde est\u00e1 considerado el presupuesto m\u00e1s alto.&nbsp;<\/p>\n\n\n\n<p>El acto de lanzamiento e inicio de este plan se realiz\u00f3 en el liceo Domingo Ortiz de Rozas de Illapel, en el marco tambi\u00e9n del inicio del a\u00f1o escolar en la comuna, donde el ministro (s) de Energ\u00eda, Julio Maturana, indic\u00f3 que para \u201cel Ministerio de Energ\u00eda esta es una etapa clave que tiene que ver con la descentralizaci\u00f3n energ\u00e9tica. Cuando hablamos de tener m\u00e1s energ\u00eda renovable como en esta regi\u00f3n debemos pensar en c\u00f3mo esto tiene una bajada hacia los territorios \u2026 y precisamente este esfuerzo tiene que ver con aquello, con que las personas palpen los beneficios de la energ\u00eda. Este esfuerzo tiene que ver en c\u00f3mo llevamos el acondicionamiento t\u00e9rmico a donde se necesita. Este programa va a mejorar la calidad de vida de los estudiantes a trav\u00e9s de la energ\u00eda, que los recursos vayan a las comunas donde se necesitan. Este colegio es emblem\u00e1tico, tiene muchos estudiantes, es una comuna que no hab\u00eda tenido una inversi\u00f3n de este tipo y cumpl\u00eda las condiciones para dar un salto en lo que tiene que ver con la energ\u00eda\u201d.&nbsp;<\/p>\n\n\n\n<p>Por su parte, el alcalde de Illapel, Denis Cort\u00e9s, indic\u00f3 que \u201cqueremos agradecer al subsecretario de Energ\u00eda y a todo el Ministerio por confiar en Illapel por confiar en nuestra regi\u00f3n y a trav\u00e9s de este programa mejorar la calidad de vida y el aprendizaje de nuestros estudiantes. La educaci\u00f3n p\u00fablica es importante y fundamental no solo en lo pedag\u00f3gico y en las condiciones habilitantes de nuestros establecimientos&nbsp;&nbsp;educacionales. Estos casi 500 millones de pesos nos va a permitir mejorar la aislaci\u00f3n t\u00e9rmica y las condiciones adecuadas en invierno o tambi\u00e9n cuando es verano, por tanto, mejorar la infraestructura para que los procesos de aprendizaje sean los m\u00e1s adecuados\u201d.&nbsp;<\/p>\n\n\n\n<p>Otro de los ejes de esta iniciativa impulsada por el Gobierno a trav\u00e9s del Ministerio de Energ\u00eda, es mejorar las condiciones de acceso a los servicios energ\u00e9ticos, as\u00ed como la calidad del suministro y de las fuentes de energ\u00eda que utilizan las escuelas, y que esto \u00faltimo pueda tener un impacto en la realidad de los establecimientos donde cuya funci\u00f3n no es s\u00f3lo educativa, sino que se constituyen como espacios multifuncionales, sirviendo como lugar de encuentro social para el desarrollo de reuniones, actividades recreativas y deportivas. &nbsp;<\/p>\n\n\n\n<p>Mejor Escuela beneficiar\u00e1 a m\u00e1s de 15 mil estudiantes de distintas comunas de Chile y a m\u00e1s de 53 mil personas de las comunidades educativas. Adem\u00e1s, permitir\u00e1 la creaci\u00f3n de 1.000 nuevos puestos de trabajo. Son 100 escuelas a lo largo de todo el pa\u00eds. 60 son establecimientos rurales.&nbsp;<\/p>\n","protected":false},"excerpt":{"rendered":"<p>Mejorar la calidad de vida de los estudiantes y optimizar el funcionamiento de las escuelas en base a la incorporaci\u00f3n de energ\u00edas renovables, la eficiencia energ\u00e9tica y el acondicionamiento t\u00e9rmico, son los objetivos del plan de Mejoramiento Energ\u00e9tico para Escuelas P\u00fablicas Mejor Escuela.&nbsp;&nbsp;&nbsp; Dicha iniciativa beneficiar\u00e1 a cuatro establecimientos educacionales de la Regi\u00f3n de Coquimbo, &#8230;<\/p>\n","protected":false},"author":2,"featured_media":8531,"comment_status":"open","ping_status":"open","sticky":false,"template":"","format":"standard","meta":{"footnotes":""},"categories":[6],"tags":[],"class_list":["post-8530","post","type-post","status-publish","format-standard","has-post-thumbnail","hentry","category-regionales"],"_links":{"self":[{"href":"https:\/\/www.radiolimari.cl\/index.php?rest_route=\/wp\/v2\/posts\/8530","targetHints":{"allow":["GET"]}}],"collection":[{"href":"https:\/\/www.radiolimari.cl\/index.php?rest_route=\/wp\/v2\/posts"}],"about":[{"href":"https:\/\/www.radiolimari.cl\/index.php?rest_route=\/wp\/v2\/types\/post"}],"author":[{"embeddable":true,"href":"https:\/\/www.radiolimari.cl\/index.php?rest_route=\/wp\/v2\/users\/2"}],"replies":[{"embeddable":true,"href":"https:\/\/www.radiolimari.cl\/index.php?rest_route=%2Fwp%2Fv2%2Fcomments&post=8530"}],"version-history":[{"count":1,"href":"https:\/\/www.radiolimari.cl\/index.php?rest_route=\/wp\/v2\/posts\/8530\/revisions"}],"predecessor-version":[{"id":8532,"href":"https:\/\/www.radiolimari.cl\/index.php?rest_route=\/wp\/v2\/posts\/8530\/revisions\/8532"}],"wp:featuredmedia":[{"embeddable":true,"href":"https:\/\/www.radiolimari.cl\/index.php?rest_route=\/wp\/v2\/media\/8531"}],"wp:attachment":[{"href":"https:\/\/www.radiolimari.cl\/index.php?rest_route=%2Fwp%2Fv2%2Fmedia&parent=8530"}],"wp:term":[{"taxonomy":"category","embeddable":true,"href":"https:\/\/www.radiolimari.cl\/index.php?rest_route=%2Fwp%2Fv2%2Fcategories&post=8530"},{"taxonomy":"post_tag","embeddable":true,"href":"https:\/\/www.radiolimari.cl\/index.php?rest_route=%2Fwp%2Fv2%2Ftags&post=8530"}],"curies":[{"name":"wp","href":"https:\/\/api.w.org\/{rel}","templated":true}]}}