{"id":8524,"date":"2023-03-03T20:40:03","date_gmt":"2023-03-03T20:40:03","guid":{"rendered":"https:\/\/www.radiolimari.cl\/?p=8524"},"modified":"2023-03-03T20:40:04","modified_gmt":"2023-03-03T20:40:04","slug":"en-ovalle-se-inicio-el-programa-mas-adultos-mayores-autovalentes","status":"publish","type":"post","link":"https:\/\/www.radiolimari.cl\/?p=8524","title":{"rendered":"En Ovalle se inici\u00f3 el programa M\u00e1s Adultos Mayores Autovalentes."},"content":{"rendered":"\n<figure class=\"wp-block-image size-large\"><a href=\"https:\/\/www.radiolimari.cl\/wp-content\/uploads\/2023\/03\/Mas-Adultos-Mayores-Autovalentes-1-scaled.jpg\"><img fetchpriority=\"high\" decoding=\"async\" width=\"1024\" height=\"768\" src=\"https:\/\/www.radiolimari.cl\/wp-content\/uploads\/2023\/03\/Mas-Adultos-Mayores-Autovalentes-1-1024x768.jpg\" alt=\"\" class=\"wp-image-8525\" srcset=\"https:\/\/www.radiolimari.cl\/wp-content\/uploads\/2023\/03\/Mas-Adultos-Mayores-Autovalentes-1-1024x768.jpg 1024w, https:\/\/www.radiolimari.cl\/wp-content\/uploads\/2023\/03\/Mas-Adultos-Mayores-Autovalentes-1-300x225.jpg 300w, https:\/\/www.radiolimari.cl\/wp-content\/uploads\/2023\/03\/Mas-Adultos-Mayores-Autovalentes-1-768x576.jpg 768w, https:\/\/www.radiolimari.cl\/wp-content\/uploads\/2023\/03\/Mas-Adultos-Mayores-Autovalentes-1-1536x1152.jpg 1536w, https:\/\/www.radiolimari.cl\/wp-content\/uploads\/2023\/03\/Mas-Adultos-Mayores-Autovalentes-1-2048x1536.jpg 2048w\" sizes=\"(max-width: 1024px) 100vw, 1024px\" \/><\/a><figcaption class=\"wp-element-caption\"><strong><em>Se trata de un programa del ministerio de Desarrollo Social ejecutado por el municipio de Ovalle, a trav\u00e9s de la Oficina del Adulto Mayor, y el departamento de Salud, que busca mantener activos a los integrantes de la tercera edad, a trav\u00e9s de trabajos que potencien su parte f\u00edsica y cognitiva.<\/em><\/strong> <\/figcaption><\/figure>\n\n\n\n<p>El programa M\u00e1s Adultos Mayores Autovalentes es una de las iniciativas m\u00e1s valoradas por la tercera edad, porque les permite potenciar su capacidad cognitiva y su parte motora. Tiene una duraci\u00f3n de un semestre y est\u00e1 enfocado en personas mayores de 60 a\u00f1os que pertenezcan a FONASA y que est\u00e9n inscritos en un centro de salud.<\/p>\n\n\n\n<p>El objetivo principal de la iniciativa, impulsada por el ministerio de Desarrollo Social y ejecutada por el municipio de Ovalle, a trav\u00e9s de la Oficina del Adulto Mayor y el departamento de Salud, es mantener la independencia de los integrantes de este grupo etario, su funcionalidad, mediante ejercicios motores y cognitivos, y talleres de autocuidado y vida saludable.<\/p>\n\n\n\n<p>La primera jornada del 2023, se llev\u00f3 a cabo en el Sal\u00f3n Auditorium Municipal, y consisti\u00f3 en una charla informativa y vocacional, para quienes quieran participar en esta temporada.<\/p>\n\n\n\n<p>El alcalde (S) de Ovalle, Jonathan Acu\u00f1a Rojas sostuvo que es \u201cmuy importante potenciar el trabajo con nuestros adultos mayores y continuar ejecutando este programa que es esencial para su bienestar, porque trabajan en temas motores y cognitivos, a trav\u00e9s de actividades entretenidas y de recreaci\u00f3n, lo que claramente mejora su calidad de vida\u201d<\/p>\n\n\n\n<p>En este sentido, el encargado de la Oficina del Adulto Mayor del municipio de Ovalle, John Alfaro indic\u00f3 que el prop\u00f3sito es \u201ctrabajar con el programa M\u00e1s Adultos Mayores Autovalentes en tres \u00e1reas, ejercicios, estimulaci\u00f3n y autocuidado y la idea es llegar a una mayor poblaci\u00f3n de adultos mayores. Hoy tuvimos la primera charla motivacional y el 30 de marzo tenemos la primera jornada de actividades e iniciativas enfocadas en la salud mental\u201d.<\/p>\n\n\n\n<p>Una de las aristas del programa es el tema cognitivo. \u201cNosotros trabajamos en la estimulaci\u00f3n cognitiva, a trav\u00e9s de diferentes metodolog\u00edas, como juegos, actividades en papel y l\u00fadicas que beneficien al adulto mayor y disminuyan la p\u00e9rdida de memoria, ya que con la edad es un tema que se va agudizando. Con estas charlas nosotros le informaremos y educaremos con respecto a algunos temas relacionados con su rango etario\u201d sostuvo la terapeuta ocupacional del programa M\u00e1s Adultos Mayores Autovalentes, Camila Figueroa.<\/p>\n\n\n\n<p>En lo que referente a la parte motora, el kinesi\u00f3logo del Cesfam Marcos Macuada Franco Guerrero detall\u00f3 que en una jornada de trabajo \u201crealizamos media hora de ejercicios enfocados hacia una patolog\u00eda en particular, por ejemplo a trav\u00e9s de ejercicios de fortalecimiento de rodillas, para prevenir o tratar alg\u00fan tipo de sintomatolog\u00eda de la artrosis de rodilla y en este periodo de tiempo hacemos 4 o 5 ejercicios focalizados de esta articulaci\u00f3n y eso va a ayudar a quienes tengan problemas de este tipo\u201d.&nbsp;&nbsp;<\/p>\n\n\n\n<p>Una de las participantes de la primera jornada fue Iris Retamal, &nbsp;presidenta del Club de Adultos Mayores Padre Hurtado, quien agradeci\u00f3 esta oportunidad. \u201cHa sido una muy buena iniciativa porque muchas personas tienen problemas con su salud mental, y estos talleres nos ayudan mucho para mantenernos activos y entretenidos\u201d. Asimismo, Ana Mar\u00eda Valdivia, presidenta del Club de Adultos Mayores Patricio Angotzi mostr\u00f3 su satisfacci\u00f3n y afirm\u00f3 que \u201cme encanta participar de estas jornadas y creo que todas las socias de mi club se van a motivar para ser parte de las actividades, porque son un apoyo muy importante para nuestro diario vivir\u201d.<\/p>\n\n\n\n<p>Durante el 2021 participaron 971 usuarios, 811 mujeres y 160 hombres, quienes fueron parte de talleres de Estimulaci\u00f3n Motora, Estimulaci\u00f3n Cognitiva, Autocuidado y Estilos de Vida Saludable.<\/p>\n","protected":false},"excerpt":{"rendered":"<p>El programa M\u00e1s Adultos Mayores Autovalentes es una de las iniciativas m\u00e1s valoradas por la tercera edad, porque les permite potenciar su capacidad cognitiva y su parte motora. Tiene una duraci\u00f3n de un semestre y est\u00e1 enfocado en personas mayores de 60 a\u00f1os que pertenezcan a FONASA y que est\u00e9n inscritos en un centro de &#8230;<\/p>\n","protected":false},"author":2,"featured_media":8525,"comment_status":"open","ping_status":"open","sticky":false,"template":"","format":"standard","meta":{"footnotes":""},"categories":[5],"tags":[],"class_list":["post-8524","post","type-post","status-publish","format-standard","has-post-thumbnail","hentry","category-actualidad-limarina"],"_links":{"self":[{"href":"https:\/\/www.radiolimari.cl\/index.php?rest_route=\/wp\/v2\/posts\/8524","targetHints":{"allow":["GET"]}}],"collection":[{"href":"https:\/\/www.radiolimari.cl\/index.php?rest_route=\/wp\/v2\/posts"}],"about":[{"href":"https:\/\/www.radiolimari.cl\/index.php?rest_route=\/wp\/v2\/types\/post"}],"author":[{"embeddable":true,"href":"https:\/\/www.radiolimari.cl\/index.php?rest_route=\/wp\/v2\/users\/2"}],"replies":[{"embeddable":true,"href":"https:\/\/www.radiolimari.cl\/index.php?rest_route=%2Fwp%2Fv2%2Fcomments&post=8524"}],"version-history":[{"count":1,"href":"https:\/\/www.radiolimari.cl\/index.php?rest_route=\/wp\/v2\/posts\/8524\/revisions"}],"predecessor-version":[{"id":8526,"href":"https:\/\/www.radiolimari.cl\/index.php?rest_route=\/wp\/v2\/posts\/8524\/revisions\/8526"}],"wp:featuredmedia":[{"embeddable":true,"href":"https:\/\/www.radiolimari.cl\/index.php?rest_route=\/wp\/v2\/media\/8525"}],"wp:attachment":[{"href":"https:\/\/www.radiolimari.cl\/index.php?rest_route=%2Fwp%2Fv2%2Fmedia&parent=8524"}],"wp:term":[{"taxonomy":"category","embeddable":true,"href":"https:\/\/www.radiolimari.cl\/index.php?rest_route=%2Fwp%2Fv2%2Fcategories&post=8524"},{"taxonomy":"post_tag","embeddable":true,"href":"https:\/\/www.radiolimari.cl\/index.php?rest_route=%2Fwp%2Fv2%2Ftags&post=8524"}],"curies":[{"name":"wp","href":"https:\/\/api.w.org\/{rel}","templated":true}]}}