{"id":8521,"date":"2023-03-02T20:15:36","date_gmt":"2023-03-02T20:15:36","guid":{"rendered":"https:\/\/www.radiolimari.cl\/?p=8521"},"modified":"2023-03-02T20:15:36","modified_gmt":"2023-03-02T20:15:36","slug":"en-ovalle-queman-campana-de-reciclaje-de-botellas-de-vidrio","status":"publish","type":"post","link":"https:\/\/www.radiolimari.cl\/?p=8521","title":{"rendered":"En Ovalle Queman campana de reciclaje de botellas de vidrio."},"content":{"rendered":"\n<figure class=\"wp-block-image size-large\"><a href=\"https:\/\/www.radiolimari.cl\/wp-content\/uploads\/2023\/03\/Campana-de-reciclaje-quemada-en-Ovalle.png\"><img fetchpriority=\"high\" decoding=\"async\" width=\"1024\" height=\"768\" src=\"https:\/\/www.radiolimari.cl\/wp-content\/uploads\/2023\/03\/Campana-de-reciclaje-quemada-en-Ovalle-1024x768.png\" alt=\"\" class=\"wp-image-8522\" srcset=\"https:\/\/www.radiolimari.cl\/wp-content\/uploads\/2023\/03\/Campana-de-reciclaje-quemada-en-Ovalle-1024x768.png 1024w, https:\/\/www.radiolimari.cl\/wp-content\/uploads\/2023\/03\/Campana-de-reciclaje-quemada-en-Ovalle-300x225.png 300w, https:\/\/www.radiolimari.cl\/wp-content\/uploads\/2023\/03\/Campana-de-reciclaje-quemada-en-Ovalle-768x576.png 768w, https:\/\/www.radiolimari.cl\/wp-content\/uploads\/2023\/03\/Campana-de-reciclaje-quemada-en-Ovalle.png 1280w\" sizes=\"(max-width: 1024px) 100vw, 1024px\" \/><\/a><figcaption class=\"wp-element-caption\"><strong><em>El repudiable episodio se produjo en la Villa El Libertador, en la parte alta de la capital limarina, donde desconocidos prendieron fuego a uno de estos elementos que dispuso el municipio local, para el reciclaje de botellas de vidrio, para contribuir con la labor social de Coaniquem. <\/em><\/strong><\/figcaption><\/figure>\n\n\n\n<p>Repudio caus\u00f3 en la comunidad ovallina el destrozo de unas de las campanas de reciclaje de botellas de vidrio en la Villa El Libertador, en la parte alta de Ovalle. Estos elementos fueron instalados por el municipio local, a trav\u00e9s del departamento de Medio Ambiente, para la acumulaci\u00f3n de este material y de esta forma contribuir con la labor social de la Corporaci\u00f3n de Ayuda al Ni\u00f1o Quemado (COANIQUEM).<\/p>\n\n\n\n<p>El lamentable hecho ocurri\u00f3, seg\u00fan testigos, alrededor de las 07.00 horas en la intersecci\u00f3n de las calles Tarapac\u00e1 y Las Heras, donde desconocidos prendieron fuego a este equipamiento comunitario, lo que provoc\u00f3 su destrozo total quedando todo el material esparcido en la v\u00eda p\u00fablica.&nbsp;<\/p>\n\n\n\n<p>Este acto de vandalismo \u201cno s\u00f3lo perjudica la campa\u00f1a de reciclaje de envases de vidrio que el municipio tiene con la Corporaci\u00f3n de Ayuda al Ni\u00f1o Quemado (COANIQUEM) y que permite que este tipo de residuos no lleguen a vertedero, sino que tambi\u00e9n a los recursos que se obtienen gracias a este proceso en Casa Abierta, que es el centro de acogida de dicha corporaci\u00f3n, el cual tiene como objetivo dar atenci\u00f3n de forma gratuita para ni\u00f1os y ni\u00f1as que se encuentren en rehabilitaci\u00f3n\u201d sostuvo el alcalde (S) de Ovalle, Jonathan Acu\u00f1a Rojas.<\/p>\n\n\n\n<p>En este sentido, el encargado del departamento de Medio Ambiente del municipio de Ovalle, Eduardo Pizarro indic\u00f3 que \u201ces lamentable el hecho de que personas hayan quemado equipamiento comunitario que permite la promoci\u00f3n de la separaci\u00f3n en origen de residuos s\u00f3lidos domiciliarios\u00bb. Cabe se\u00f1alar que este perjuicio provoca que la poblaci\u00f3n Villa El Libertador y los sectores aleda\u00f1os queden sin equipamiento mientras \u00e9ste se logra reponer, afectando las labores del municipio en cuanto a promover y aumentar las toneladas de vidrio que se acumula mensualmente.<\/p>\n\n\n\n<p>Desde el municipio de Ovalle hicieron un llamado a la comunidad a&nbsp;denunciar a quienes da\u00f1en o roben estos dep\u00f3sitos, \u201cporque este tipo de acciones no se pueden permitir, porque afectan la importante labor de reciclaje que est\u00e1 impulsando nuestro municipio, a trav\u00e9s del Departamento de Medio Ambiente\u201d recalc\u00f3 Acu\u00f1a.<\/p>\n\n\n\n<p><br>En caso de ser testigos de robo, de da\u00f1o o cualquier atentado contra el mobiliario para recolecci\u00f3n de residuos potencialmente valorizables, como envases de PET o de vidrio, las personas pueden denunciar al 53 2 455 993, al 133 de Carabineros o al 132 del Cuerpo de Bomberos de Ovalle, en caso de incendio. &nbsp;<\/p>\n","protected":false},"excerpt":{"rendered":"<p>Repudio caus\u00f3 en la comunidad ovallina el destrozo de unas de las campanas de reciclaje de botellas de vidrio en la Villa El Libertador, en la parte alta de Ovalle. Estos elementos fueron instalados por el municipio local, a trav\u00e9s del departamento de Medio Ambiente, para la acumulaci\u00f3n de este material y de esta forma &#8230;<\/p>\n","protected":false},"author":2,"featured_media":8522,"comment_status":"open","ping_status":"open","sticky":false,"template":"","format":"standard","meta":{"footnotes":""},"categories":[5],"tags":[],"class_list":["post-8521","post","type-post","status-publish","format-standard","has-post-thumbnail","hentry","category-actualidad-limarina"],"_links":{"self":[{"href":"https:\/\/www.radiolimari.cl\/index.php?rest_route=\/wp\/v2\/posts\/8521","targetHints":{"allow":["GET"]}}],"collection":[{"href":"https:\/\/www.radiolimari.cl\/index.php?rest_route=\/wp\/v2\/posts"}],"about":[{"href":"https:\/\/www.radiolimari.cl\/index.php?rest_route=\/wp\/v2\/types\/post"}],"author":[{"embeddable":true,"href":"https:\/\/www.radiolimari.cl\/index.php?rest_route=\/wp\/v2\/users\/2"}],"replies":[{"embeddable":true,"href":"https:\/\/www.radiolimari.cl\/index.php?rest_route=%2Fwp%2Fv2%2Fcomments&post=8521"}],"version-history":[{"count":1,"href":"https:\/\/www.radiolimari.cl\/index.php?rest_route=\/wp\/v2\/posts\/8521\/revisions"}],"predecessor-version":[{"id":8523,"href":"https:\/\/www.radiolimari.cl\/index.php?rest_route=\/wp\/v2\/posts\/8521\/revisions\/8523"}],"wp:featuredmedia":[{"embeddable":true,"href":"https:\/\/www.radiolimari.cl\/index.php?rest_route=\/wp\/v2\/media\/8522"}],"wp:attachment":[{"href":"https:\/\/www.radiolimari.cl\/index.php?rest_route=%2Fwp%2Fv2%2Fmedia&parent=8521"}],"wp:term":[{"taxonomy":"category","embeddable":true,"href":"https:\/\/www.radiolimari.cl\/index.php?rest_route=%2Fwp%2Fv2%2Fcategories&post=8521"},{"taxonomy":"post_tag","embeddable":true,"href":"https:\/\/www.radiolimari.cl\/index.php?rest_route=%2Fwp%2Fv2%2Ftags&post=8521"}],"curies":[{"name":"wp","href":"https:\/\/api.w.org\/{rel}","templated":true}]}}