{"id":8518,"date":"2023-02-28T22:04:27","date_gmt":"2023-02-28T22:04:27","guid":{"rendered":"https:\/\/www.radiolimari.cl\/?p=8518"},"modified":"2023-02-28T22:04:27","modified_gmt":"2023-02-28T22:04:27","slug":"culmina-el-exitoso-carnaval-de-cerrillos-de-rapel-en-la-comuna-de-monte-patria","status":"publish","type":"post","link":"https:\/\/www.radiolimari.cl\/?p=8518","title":{"rendered":"<strong>Culmina el exitoso Carnaval de Cerrillos de Rapel en la comuna de Monte Patria<\/strong>"},"content":{"rendered":"\n<figure class=\"wp-block-image size-large is-resized\"><a href=\"https:\/\/www.radiolimari.cl\/wp-content\/uploads\/2023\/02\/WhatsApp-Image-2023-02-28-at-5.10.11-PM-1.jpeg\"><img fetchpriority=\"high\" decoding=\"async\" src=\"https:\/\/www.radiolimari.cl\/wp-content\/uploads\/2023\/02\/WhatsApp-Image-2023-02-28-at-5.10.11-PM-1-1024x768.jpeg\" alt=\"\" class=\"wp-image-8519\" width=\"393\" height=\"294\" srcset=\"https:\/\/www.radiolimari.cl\/wp-content\/uploads\/2023\/02\/WhatsApp-Image-2023-02-28-at-5.10.11-PM-1-1024x768.jpeg 1024w, https:\/\/www.radiolimari.cl\/wp-content\/uploads\/2023\/02\/WhatsApp-Image-2023-02-28-at-5.10.11-PM-1-300x225.jpeg 300w, https:\/\/www.radiolimari.cl\/wp-content\/uploads\/2023\/02\/WhatsApp-Image-2023-02-28-at-5.10.11-PM-1-768x576.jpeg 768w, https:\/\/www.radiolimari.cl\/wp-content\/uploads\/2023\/02\/WhatsApp-Image-2023-02-28-at-5.10.11-PM-1.jpeg 1280w\" sizes=\"(max-width: 393px) 100vw, 393px\" \/><\/a><figcaption class=\"wp-element-caption\"><strong><em>Tras dos a\u00f1os en receso de actividades, la comunidad volvi\u00f3 a reunirse para competir por alianzas y disfrutar del tradicional carnaval durante dos semanas.<\/em><\/strong> <\/figcaption><\/figure>\n\n\n\n<p>M\u00fasica, entretenidas competencias y un sano momento de dispersi\u00f3n disfrutaron los habitantes de Cerrillos de Rapel en el marco de la celebraci\u00f3n de su carnaval de verano que finaliz\u00f3 con la coronaci\u00f3n de la reina y rey feo el pasado viernes. La actividad, que se realiz\u00f3 en la sede de rayuela de la localidad, comenz\u00f3 a eso de las 20.00 horas convocando a un gran n\u00famero de personas que apoyaron a sus candidatos preferidos en la competencia final.<\/p>\n\n\n\n<p>Este carnaval, organizado por la junta de vecinos en coordinaci\u00f3n con el Club Deportivo de dicha localidad, volvi\u00f3 tras dos a\u00f1os de receso debido a las circunstancias sanitarias, tom\u00e1ndose nuevamente el protagonismo este verano. Esto emocion\u00f3 a sus habitantes, puesto que volvieron a retomar aspectos de su cultura local y que forman parte de la identidad de la sociedad civil.<\/p>\n\n\n\n<p>Al respecto, el presidente de la junta de vecinos del sector, Renato Valderrama, destac\u00f3 la nueva posibilidad de reunirse en comunidad. <strong>\u201cDurante este tiempo que nos toc\u00f3 vivir la pandemia, no pudimos realizar este carnaval por dos a\u00f1os consecutivos y este a\u00f1o fue un \u00e9xito total el retorno. Todas las noches en que se realiz\u00f3 esta actividad, llegaron muchas personas y estamos muy contentos, porque la gente vino a disfrutar y pasarlo bien. Este carnaval fue muy importante, porque reuni\u00f3 a la junta de vecinos con la academia de f\u00fatbol. Dentro de las actividades que tenemos para esta noche, se sabr\u00e1 qui\u00e9n ser\u00e1 la reina de Cerrillos de Rapel y para finalizar, tendremos la presentaci\u00f3n del grupo La Previa\u201d<\/strong>, destac\u00f3.<\/p>\n\n\n\n<p>Pero esta actividad no solo convoc\u00f3 a la comunidad de Cerillos de Rapel, sino tambi\u00e9n a personas de sectores aleda\u00f1os que vieron en este carnaval un buen panorama de fin de semana para distraerse junto a sus familias. As\u00ed lo se\u00f1al\u00f3, Alex Tapia, que fue a disfrutar de las entretenidas noches de carnaval. <strong>\u201cEs muy bonito que R\u00edo Rapel realice estas actividades, sobre todo, para las familias que vienen de otros lugares. Entonces, nosotros vinimos a disfrutar de una noche especial ac\u00e1 en Cerrillos de Rapel. Es importante tambi<\/strong><strong>\u00e9n que la gente se motive en estas actividades de verano porque re\u00fane a la familia y sirve como un medio de entretenci\u00f3n\u201d<\/strong>, indic\u00f3.<\/p>\n\n\n\n<p>Adem\u00e1s de los sketches y competencias varias que se realizaron durante la jornada, la coronaci\u00f3n de la reina y rey feo del carnaval fue otro de los platos fuertes de la noche. En esta ocasi\u00f3n, Carola Alfaro, se coron\u00f3 como la reina del carnaval. <strong>\u201c<\/strong><strong>Para m\u00ed significa mucho, debido a que la invitaci\u00f3n que hicieron la junta de vecinos fue para trabajar todos unidos y para tener, adem\u00e1s, un apoyo para la academia como elemento motivador para alejarlos de la droga, de la calle, etc. Esto nos ayudar\u00e1 mucho porque vamos a tener m\u00e1s integrantes. Estoy muy feliz de ser merecedora de este gran reconocimiento de la comunidad\u201d<\/strong>, se\u00f1al\u00f3.<\/p>\n\n\n\n<p>La municipalidad de Monte Patria, tampoco quiso estar ausente de esta&nbsp;&nbsp; actividad preparada por la comunidad y a trav\u00e9s de las palabras de su Alcaldesa (S), Olga Barraza, agradeci\u00f3 la invitaci\u00f3n. <strong>\u201cEstamos muy agradecidos de la invitaci\u00f3n de la junta de vecinos de Cerrillos de Rapel que estas dos semanas estuvieron realizando actividades para este carnaval. Empez\u00f3 a salir la gente nuevamente, luego de la pandemia, donde mucho tiempo las personas estuvieron encerradas, as\u00ed que estamos contentos de lo que est\u00e1 pasando en este lugar. Estamos contentos, porque se disfrut\u00f3 mucho de las actividades que realizaron esta noche y que tambi<\/strong><strong>\u00e9n que nos hicieran part\u00ed<\/strong><strong>cipes\u201d, <\/strong>precis\u00f3.<\/p>\n\n\n\n<p>As\u00ed finaliz\u00f3 el carnaval de Cerrillos de Rapel, una festividad que ya es parte de la cultura local y que este verano volvi\u00f3 recargado de actividades tras estar en receso producto de la pandemia. Esta iniciativa local atrajo nuevamente a cientos de personas para deleitarse con m\u00fasica, competencias y compartir un espacio en comunidad.<\/p>\n","protected":false},"excerpt":{"rendered":"<p>M\u00fasica, entretenidas competencias y un sano momento de dispersi\u00f3n disfrutaron los habitantes de Cerrillos de Rapel en el marco de la celebraci\u00f3n de su carnaval de verano que finaliz\u00f3 con la coronaci\u00f3n de la reina y rey feo el pasado viernes. La actividad, que se realiz\u00f3 en la sede de rayuela de la localidad, comenz\u00f3 &#8230;<\/p>\n","protected":false},"author":2,"featured_media":8519,"comment_status":"open","ping_status":"open","sticky":false,"template":"","format":"standard","meta":{"footnotes":""},"categories":[5],"tags":[],"class_list":["post-8518","post","type-post","status-publish","format-standard","has-post-thumbnail","hentry","category-actualidad-limarina"],"_links":{"self":[{"href":"https:\/\/www.radiolimari.cl\/index.php?rest_route=\/wp\/v2\/posts\/8518","targetHints":{"allow":["GET"]}}],"collection":[{"href":"https:\/\/www.radiolimari.cl\/index.php?rest_route=\/wp\/v2\/posts"}],"about":[{"href":"https:\/\/www.radiolimari.cl\/index.php?rest_route=\/wp\/v2\/types\/post"}],"author":[{"embeddable":true,"href":"https:\/\/www.radiolimari.cl\/index.php?rest_route=\/wp\/v2\/users\/2"}],"replies":[{"embeddable":true,"href":"https:\/\/www.radiolimari.cl\/index.php?rest_route=%2Fwp%2Fv2%2Fcomments&post=8518"}],"version-history":[{"count":1,"href":"https:\/\/www.radiolimari.cl\/index.php?rest_route=\/wp\/v2\/posts\/8518\/revisions"}],"predecessor-version":[{"id":8520,"href":"https:\/\/www.radiolimari.cl\/index.php?rest_route=\/wp\/v2\/posts\/8518\/revisions\/8520"}],"wp:featuredmedia":[{"embeddable":true,"href":"https:\/\/www.radiolimari.cl\/index.php?rest_route=\/wp\/v2\/media\/8519"}],"wp:attachment":[{"href":"https:\/\/www.radiolimari.cl\/index.php?rest_route=%2Fwp%2Fv2%2Fmedia&parent=8518"}],"wp:term":[{"taxonomy":"category","embeddable":true,"href":"https:\/\/www.radiolimari.cl\/index.php?rest_route=%2Fwp%2Fv2%2Fcategories&post=8518"},{"taxonomy":"post_tag","embeddable":true,"href":"https:\/\/www.radiolimari.cl\/index.php?rest_route=%2Fwp%2Fv2%2Ftags&post=8518"}],"curies":[{"name":"wp","href":"https:\/\/api.w.org\/{rel}","templated":true}]}}