{"id":8511,"date":"2023-02-28T12:56:39","date_gmt":"2023-02-28T12:56:39","guid":{"rendered":"https:\/\/www.radiolimari.cl\/?p=8511"},"modified":"2023-02-28T13:07:31","modified_gmt":"2023-02-28T13:07:31","slug":"con-variadas-actividades-y-un-gran-evento-de-cierre-con-el-recital-de-americo-y-nuestro-tradicional-clasico-nocturno-finaliza-un-exitoso-y-variado-verano-2023-en-combarbala","status":"publish","type":"post","link":"https:\/\/www.radiolimari.cl\/?p=8511","title":{"rendered":"Con variadas actividades y un gran evento de cierre, con el recital de Am\u00e9rico y el tradicional Cl\u00e1sico Nocturno, finaliza un exitoso y variado verano 2023 en Combarbal\u00e1."},"content":{"rendered":"\n<figure class=\"wp-block-image size-large\"><a href=\"https:\/\/www.radiolimari.cl\/wp-content\/uploads\/2023\/02\/332861961_1408732763270850_7599861552719410193_n.jpg\"><img fetchpriority=\"high\" decoding=\"async\" width=\"1024\" height=\"576\" src=\"https:\/\/www.radiolimari.cl\/wp-content\/uploads\/2023\/02\/332861961_1408732763270850_7599861552719410193_n-1024x576.jpg\" alt=\"\" class=\"wp-image-8512\" srcset=\"https:\/\/www.radiolimari.cl\/wp-content\/uploads\/2023\/02\/332861961_1408732763270850_7599861552719410193_n-1024x576.jpg 1024w, https:\/\/www.radiolimari.cl\/wp-content\/uploads\/2023\/02\/332861961_1408732763270850_7599861552719410193_n-300x169.jpg 300w, https:\/\/www.radiolimari.cl\/wp-content\/uploads\/2023\/02\/332861961_1408732763270850_7599861552719410193_n-768x432.jpg 768w, https:\/\/www.radiolimari.cl\/wp-content\/uploads\/2023\/02\/332861961_1408732763270850_7599861552719410193_n-1536x864.jpg 1536w, https:\/\/www.radiolimari.cl\/wp-content\/uploads\/2023\/02\/332861961_1408732763270850_7599861552719410193_n.jpg 2048w\" sizes=\"(max-width: 1024px) 100vw, 1024px\" \/><\/a><figcaption class=\"wp-element-caption\">A lo largo y ancho de nuestra comuna, diversos festivales y encuentros deportivos,&nbsp; subvencionados por la Municipalidad de Combarbal\u00e1.<\/figcaption><\/figure>\n\n\n\n<p>Con una agenda muy completa de actividades, que contempl\u00f3 tanto eventos masivos como por ejemplo los boulevares realizados en nuestra plaza de armas, en los meses de enero y febrero, presentaci\u00f3n de obras teatrales interactivas , como lo es \u201cAlas de Fuego\u201d, que maravill\u00f3 a los asistentes por su incre\u00edble puesta en escena, o la \u201cExpo Combarbal\u00e1\u201d realizada a principios del mes de Febrero, (que adem\u00e1s de tener shows para toda la familia, tambi\u00e9n dio la oportunidad a los emprendedores de la comuna para ofrecer sus productos), y actividades m\u00e1s peque\u00f1as pero no menos importantes, como fueron las lotas y mateadas del adulto mayor, actividades que tuvieron un impacto positivo en nuestra poblaci\u00f3n, adem\u00e1s del \u00e1mbito deportivo, d\u00f3nde se realizaron corridas familiares y masterclass de Zumba, Ligas de B\u00e1squetbol, Cuadrangular de F\u00fatbol femenino, se disfruto de este verano 2023 en Combarbal\u00e1.<\/p>\n\n\n\n<p>&nbsp;&nbsp;&nbsp;&nbsp;&nbsp;&nbsp;&nbsp;&nbsp;&nbsp;&nbsp; El broche de oro, fue el concierto otorgado por el artista nacional Am\u00e9rico&nbsp; y teloneado por un emergente cantante Ignacio Araneda, ocasi\u00f3n en que, en la Explanada de la Nueva Escuela Am\u00e9rica, se reunieron m\u00e1s de 2.000 personas a corear los \u00e9xitos del cantante nacional. Al respecto, Marcelo Olivares, Combarbalino oriundo de Manquehua, se\u00f1al\u00f3: \u201dFelicito a quienes organizan estos eventos masivos en nuestro Combarbal\u00e1 , ya que con ello tambi\u00e9n se apoya a los negocios locales y se promueve el turismo, no solo para Combarbal\u00e1 Urbano sino&nbsp;&nbsp;&nbsp; para la comuna completa, ya que se ofrecen entretenidos panoramas para los turistas que nos visitan durante la temporada veraniega\u201d.<\/p>\n\n\n\n<p>&nbsp;&nbsp;&nbsp;&nbsp;&nbsp;&nbsp;&nbsp;&nbsp;&nbsp;&nbsp; El Alcalde de Combarbal\u00e1 Pedro Castillo se\u00f1al\u00f3: \u201cLa presentaci\u00f3n de este gran artista nacional (Am\u00e9rico), nos llena de alegr\u00eda, de que un artista de su calidad y su talla haya podido estar presente en nuestra comuna , y que viene a cerrar un verano que ha sido tremendamente positivo lleno de actividades, pensado en distintos p\u00fablicos; por que esto no se trata solamente de ir a un nicho , sino que se trata de buscar la mayor amplitud de actividades deportivas, culturales, recreativas entre otras, lo que en este verano se ha logrado con creces\u201d.<\/p>\n\n\n\n<p>&nbsp;&nbsp;&nbsp;&nbsp;&nbsp;&nbsp;&nbsp;&nbsp;&nbsp;&nbsp; Junto con las actividades organizadas,&nbsp; tambi\u00e9n se desarrollaron a lo largo y ancho de nuestra comuna, diversos festivales y encuentros deportivos,&nbsp; subvencionados por la Municipalidad de Combarbal\u00e1, lo que genero diversos panoramas tanto para los habitantes como turistas que visitaron nuestra comuna, en la temporada estival.<\/p>\n","protected":false},"excerpt":{"rendered":"<p>Con una agenda muy completa de actividades, que contempl\u00f3 tanto eventos masivos como por ejemplo los boulevares realizados en nuestra plaza de armas, en los meses de enero y febrero, presentaci\u00f3n de obras teatrales interactivas , como lo es \u201cAlas de Fuego\u201d, que maravill\u00f3 a los asistentes por su incre\u00edble puesta en escena, o la &#8230;<\/p>\n","protected":false},"author":2,"featured_media":8512,"comment_status":"open","ping_status":"open","sticky":false,"template":"","format":"standard","meta":{"footnotes":""},"categories":[5],"tags":[],"class_list":["post-8511","post","type-post","status-publish","format-standard","has-post-thumbnail","hentry","category-actualidad-limarina"],"_links":{"self":[{"href":"https:\/\/www.radiolimari.cl\/index.php?rest_route=\/wp\/v2\/posts\/8511","targetHints":{"allow":["GET"]}}],"collection":[{"href":"https:\/\/www.radiolimari.cl\/index.php?rest_route=\/wp\/v2\/posts"}],"about":[{"href":"https:\/\/www.radiolimari.cl\/index.php?rest_route=\/wp\/v2\/types\/post"}],"author":[{"embeddable":true,"href":"https:\/\/www.radiolimari.cl\/index.php?rest_route=\/wp\/v2\/users\/2"}],"replies":[{"embeddable":true,"href":"https:\/\/www.radiolimari.cl\/index.php?rest_route=%2Fwp%2Fv2%2Fcomments&post=8511"}],"version-history":[{"count":2,"href":"https:\/\/www.radiolimari.cl\/index.php?rest_route=\/wp\/v2\/posts\/8511\/revisions"}],"predecessor-version":[{"id":8514,"href":"https:\/\/www.radiolimari.cl\/index.php?rest_route=\/wp\/v2\/posts\/8511\/revisions\/8514"}],"wp:featuredmedia":[{"embeddable":true,"href":"https:\/\/www.radiolimari.cl\/index.php?rest_route=\/wp\/v2\/media\/8512"}],"wp:attachment":[{"href":"https:\/\/www.radiolimari.cl\/index.php?rest_route=%2Fwp%2Fv2%2Fmedia&parent=8511"}],"wp:term":[{"taxonomy":"category","embeddable":true,"href":"https:\/\/www.radiolimari.cl\/index.php?rest_route=%2Fwp%2Fv2%2Fcategories&post=8511"},{"taxonomy":"post_tag","embeddable":true,"href":"https:\/\/www.radiolimari.cl\/index.php?rest_route=%2Fwp%2Fv2%2Ftags&post=8511"}],"curies":[{"name":"wp","href":"https:\/\/api.w.org\/{rel}","templated":true}]}}