{"id":8505,"date":"2023-02-27T20:13:47","date_gmt":"2023-02-27T20:13:47","guid":{"rendered":"https:\/\/www.radiolimari.cl\/?p=8505"},"modified":"2023-02-27T20:13:48","modified_gmt":"2023-02-27T20:13:48","slug":"tasa-de-desocupacion-registra-octavo-descenso-consecutivo-y-se-situa-en-86-en-el-periodo-noviembre-2022-enero-2023","status":"publish","type":"post","link":"https:\/\/www.radiolimari.cl\/?p=8505","title":{"rendered":"<strong>Tasa de Desocupaci\u00f3n registra octavo descenso consecutivo y se sit\u00faa en 8,6% en el periodo noviembre 2022-enero 2023<\/strong>"},"content":{"rendered":"\n<figure class=\"wp-block-image size-full is-resized\"><a href=\"https:\/\/www.radiolimari.cl\/wp-content\/uploads\/2023\/02\/Foto-Referencia-1.jpg\"><img fetchpriority=\"high\" decoding=\"async\" src=\"https:\/\/www.radiolimari.cl\/wp-content\/uploads\/2023\/02\/Foto-Referencia-1.jpg\" alt=\"\" class=\"wp-image-8506\" width=\"399\" height=\"252\" srcset=\"https:\/\/www.radiolimari.cl\/wp-content\/uploads\/2023\/02\/Foto-Referencia-1.jpg 660w, https:\/\/www.radiolimari.cl\/wp-content\/uploads\/2023\/02\/Foto-Referencia-1-300x190.jpg 300w\" sizes=\"(max-width: 399px) 100vw, 399px\" \/><\/a><figcaption class=\"wp-element-caption\"><strong><em>Agricultura, Educaci\u00f3n y Miner\u00eda son las actividades que m\u00e1s incidieron en la creaci\u00f3n de nuevos empleos.<\/em><\/strong><\/figcaption><\/figure>\n\n\n\n<p>Un descenso anual de 0,3 puntos porcentuales registr\u00f3 la Tasa de Desocupaci\u00f3n regional ubic\u00e1ndose en 8,6%, presentando la octava disminuci\u00f3n consecutiva. Seg\u00fan lo informado por el Instituto Nacional de Estad\u00edsticas (INE) las personas ocupadas aumentaron en un 8,4% con 28.640 puestos de trabajo recuperados en un a\u00f1o.<\/p>\n\n\n\n<p>El delegado presidencial Rub\u00e9n Quezada, destac\u00f3 las cifras positivas y la creaci\u00f3n de nuevos empleos en la regi\u00f3n y dijo que \u201cdesde el Gobierno estamos muy contestos con los resultados del \u00faltimo <del>bolet<\/del>bolet\u00edn de empleo. El trabajo que se est\u00e1 realizando en conjunto con el sector p\u00fablico y privado est\u00e1 dando frutos, ya son 8 meses consecutivos que hemos presentado una baja en el desempleo, donde lo recibimos en el primer lugar nacional y hoy estamos con cifras positivas\u201d.<\/p>\n\n\n\n<p>\u201cQueremos invitarlos a todos y todas a seguir disminuyendo, a continuar dinamizando la econom\u00eda para poder continuar teniendo estos buenos resultados y seguir avanzando como pa\u00eds\u201d, complement\u00f3 el delegado presidencial.<\/p>\n\n\n\n<p>Por su parte la Seremi del Trabajo, Claudia Santander, destac\u00f3 la recuperaci\u00f3n de los empleos perdidos en comparaci\u00f3n al momento m\u00e1s duro de la pandemia y declar\u00f3 que \u201cefectivamente se han recuperado m\u00e1s del 84% de los puestos de trabajo perdidos en la regi\u00f3n. Recordamos que fueron alrededor de 93 mil empleos los que se vieron perjudicado y hoy tenemos la noticia de haber recuperado el 84% de los trabajos perdidos de los cuales el 88% corresponde a hombres y un 77% a mujeres\u201d.<\/p>\n\n\n\n<p>Dentro de las noticias positivas la autoridad laboral detall\u00f3 las actividades econ\u00f3micas que m\u00e1s aportaron al empleo como Agricultura, Educaci\u00f3n y Miner\u00eda, y explic\u00f3 que \u201cla agricultura ha tenido una recuperaci\u00f3n relevante con un aumento en la ocupaci\u00f3n de un 20%, alcanzando los 33.529 empleos en ese sector, gracias a pol\u00edticas que se implementaron con mucha fuerza en este rubro que es tan relevante en la regi\u00f3n de Coquimbo\u201d.<\/p>\n\n\n\n<p>En este sentido la Seremi de Econom\u00eda enfatiz\u00f3 en la agenda de productividad del Gobierno y coment\u00f3 que &nbsp;\u201cdebemos tomar con optimismo y mesura la positiva cifra de personas ocupadas en la regi\u00f3n, pues es una muy buena noticia que sectores que impulsan la econom\u00eda regional est\u00e9n liderando la recuperaci\u00f3n de empleos. Aquello va en concordancia con la Agenda de Productividad presentada por nuestro Gobierno en enero pasado y liderada por los Ministerios de Trabajo y Econom\u00eda, que tiene entre sus pilares, el fortalecimiento de la asociatividad con actores locales para atender sus necesidades en materia de empleabilidad, as\u00ed como el refuerzo a la oferta program\u00e1tica de Sercotec, Fosis y Sence, para incentivar la creaci\u00f3n y consolidaci\u00f3n de empresas de menor tama\u00f1o, la capacitaci\u00f3n y la educaci\u00f3n previsional\u201d.<\/p>\n\n\n\n<p>\u201cAdem\u00e1s, en consideraci\u00f3n del aumento en la informalidad laboral, esta Agenda se ha planteado como objetivo, el combate a este fen\u00f3meno, mediante el redise\u00f1o de subsidios al Empleo, con especial foco en mujeres y j\u00f3venes\u201d, agreg\u00f3 la Seremi de Econom\u00eda.<\/p>\n\n\n\n<p>Respecto a los desaf\u00edos en la reactivaci\u00f3n econ\u00f3mica y el empleo la Seremi del Trabajo puntualiz\u00f3 en potenciar el empleo femenino y las diferentes \u00e1reas de la matriz productiva regional y dijo que \u201cdesde el Gobierno los esfuerzos apuntan a fortalecer diferentes rubros como la Construcci\u00f3n, la Industria Manufacturera y continuar potenciando la Agricultura. Adem\u00e1s, tenemos el gran desaf\u00edo de recuperar el empleo para las mujeres y particularmente porque la tasa de Desocupaci\u00f3n femenina supera el 9%. Por lo tanto, tenemos que asumir el tremendo desaf\u00edo de seguir abriendo de espacios de ocupaci\u00f3n para mujeres y para ello estamos trabajando en el plan de maestros y maestras para la construcci\u00f3n para que se incorporen m\u00e1s mujeres a este rubro y tambi\u00e9n en otros \u00e1mbitos con oportunidades dignas para desarrollarse\u201d.<\/p>\n\n\n\n<p>\u201cPor eso que junto con las pol\u00edticas nacionales que se est\u00e1n impulsado a nivel nacional, tambi\u00e9n se pueda implementar en el m\u00e1s breve plazo el programa ProEmpleo, porque ese programa entrega oportunidades fundamentalmente para las mujeres que muchas veces trabajan por media o jornada completa conciliando la vida familiar y la laboral. En este sentido el programa 2022, que estaba por la Subsecretar\u00eda del Trabajo, contin\u00faa estando abierta esa posibilidad. Por lo tanto, esperamos que el Gobierno Regional tenga la disposici\u00f3n de canalizarlo, ya sea por la Subsecretar\u00eda o con el plan que tengan considerado, pero es urgente implementar el programa Proempleo y la disposici\u00f3n tanto del Ministerio como de la Subsecretar\u00eda del Trabajo est\u00e1 para colaborar en ello\u201d, enfatiz\u00f3 Claudia Santander.<\/p>\n","protected":false},"excerpt":{"rendered":"<p>Un descenso anual de 0,3 puntos porcentuales registr\u00f3 la Tasa de Desocupaci\u00f3n regional ubic\u00e1ndose en 8,6%, presentando la octava disminuci\u00f3n consecutiva. Seg\u00fan lo informado por el Instituto Nacional de Estad\u00edsticas (INE) las personas ocupadas aumentaron en un 8,4% con 28.640 puestos de trabajo recuperados en un a\u00f1o. El delegado presidencial Rub\u00e9n Quezada, destac\u00f3 las cifras &#8230;<\/p>\n","protected":false},"author":2,"featured_media":8506,"comment_status":"open","ping_status":"open","sticky":false,"template":"","format":"standard","meta":{"footnotes":""},"categories":[6],"tags":[],"class_list":["post-8505","post","type-post","status-publish","format-standard","has-post-thumbnail","hentry","category-regionales"],"_links":{"self":[{"href":"https:\/\/www.radiolimari.cl\/index.php?rest_route=\/wp\/v2\/posts\/8505","targetHints":{"allow":["GET"]}}],"collection":[{"href":"https:\/\/www.radiolimari.cl\/index.php?rest_route=\/wp\/v2\/posts"}],"about":[{"href":"https:\/\/www.radiolimari.cl\/index.php?rest_route=\/wp\/v2\/types\/post"}],"author":[{"embeddable":true,"href":"https:\/\/www.radiolimari.cl\/index.php?rest_route=\/wp\/v2\/users\/2"}],"replies":[{"embeddable":true,"href":"https:\/\/www.radiolimari.cl\/index.php?rest_route=%2Fwp%2Fv2%2Fcomments&post=8505"}],"version-history":[{"count":1,"href":"https:\/\/www.radiolimari.cl\/index.php?rest_route=\/wp\/v2\/posts\/8505\/revisions"}],"predecessor-version":[{"id":8507,"href":"https:\/\/www.radiolimari.cl\/index.php?rest_route=\/wp\/v2\/posts\/8505\/revisions\/8507"}],"wp:featuredmedia":[{"embeddable":true,"href":"https:\/\/www.radiolimari.cl\/index.php?rest_route=\/wp\/v2\/media\/8506"}],"wp:attachment":[{"href":"https:\/\/www.radiolimari.cl\/index.php?rest_route=%2Fwp%2Fv2%2Fmedia&parent=8505"}],"wp:term":[{"taxonomy":"category","embeddable":true,"href":"https:\/\/www.radiolimari.cl\/index.php?rest_route=%2Fwp%2Fv2%2Fcategories&post=8505"},{"taxonomy":"post_tag","embeddable":true,"href":"https:\/\/www.radiolimari.cl\/index.php?rest_route=%2Fwp%2Fv2%2Ftags&post=8505"}],"curies":[{"name":"wp","href":"https:\/\/api.w.org\/{rel}","templated":true}]}}