{"id":8502,"date":"2023-02-27T20:04:28","date_gmt":"2023-02-27T20:04:28","guid":{"rendered":"https:\/\/www.radiolimari.cl\/?p=8502"},"modified":"2023-02-27T20:04:28","modified_gmt":"2023-02-27T20:04:28","slug":"asumen-nuevos-directores-en-establecimientos-educacionales-de-ovalle","status":"publish","type":"post","link":"https:\/\/www.radiolimari.cl\/?p=8502","title":{"rendered":"<strong>Asumen nuevos directores en establecimientos educacionales de Ovalle<\/strong>"},"content":{"rendered":"\n<figure class=\"wp-block-image size-large\"><a href=\"https:\/\/www.radiolimari.cl\/wp-content\/uploads\/2023\/02\/Directora-de-Escuela-de-Union-Campesina.jpg\"><img fetchpriority=\"high\" decoding=\"async\" width=\"1024\" height=\"683\" src=\"https:\/\/www.radiolimari.cl\/wp-content\/uploads\/2023\/02\/Directora-de-Escuela-de-Union-Campesina-1024x683.jpg\" alt=\"\" class=\"wp-image-8503\" srcset=\"https:\/\/www.radiolimari.cl\/wp-content\/uploads\/2023\/02\/Directora-de-Escuela-de-Union-Campesina-1024x683.jpg 1024w, https:\/\/www.radiolimari.cl\/wp-content\/uploads\/2023\/02\/Directora-de-Escuela-de-Union-Campesina-300x200.jpg 300w, https:\/\/www.radiolimari.cl\/wp-content\/uploads\/2023\/02\/Directora-de-Escuela-de-Union-Campesina-768x512.jpg 768w, https:\/\/www.radiolimari.cl\/wp-content\/uploads\/2023\/02\/Directora-de-Escuela-de-Union-Campesina-1536x1024.jpg 1536w, https:\/\/www.radiolimari.cl\/wp-content\/uploads\/2023\/02\/Directora-de-Escuela-de-Union-Campesina-2048x1365.jpg 2048w\" sizes=\"(max-width: 1024px) 100vw, 1024px\" \/><\/a><figcaption class=\"wp-element-caption\"><strong><em>Los seis profesionales se integran a sus nuevas labores a partir de hoy con la misi\u00f3n de gestionar eficazmente los procesos de ense\u00f1anza y aprendizaje en sus respectivas comunidades educativas. <\/em><\/strong><\/figcaption><\/figure>\n\n\n\n<p>Fortalecer la calidad de la educaci\u00f3n, dar respuesta a los est\u00e1ndares educativos y cumplir con la normativa vigente, son parte de los desaf\u00edos y objetivos del concurso de Alta Direcci\u00f3n P\u00fablica que realiz\u00f3 el Departamento de Educaci\u00f3n Municipal de Ovalle en conjunto con el Servicio Civil, y que permiti\u00f3 elegir nuevas directoras y directores para seis establecimientos educacionales de la comuna.<\/p>\n\n\n\n<p>Se trata de Mario Jorquera Araya, quien asume la direcci\u00f3n del Liceo Bicentenario Polit\u00e9cnico, Rosa Flores Robles, quien dirigir\u00e1 la escuela Padre Joseph Stegmeir de Sotaqui y Marco Gajardo Alvarado comandar\u00e1 la gesti\u00f3n en el Colegio Ra\u00fal Silva Henr\u00edquez. Asimismo, Juan Ya\u00f1ez Alegr\u00eda asumi\u00f3 este desaf\u00edo en el Colegio de Administraci\u00f3n y Comercio El Ingenio, Marcela Sessarego Guardia en la escuela de Uni\u00f3n Campesina y Carolina Behrens Vald\u00e9s en el Colegio Yungay.<\/p>\n\n\n\n<p>Los docentes seleccionados sostuvieron una reuni\u00f3n protocolar con el alcalde (S) de Ovalle Jonathan Acu\u00f1a Rojas, en la que adem\u00e1s de conocerse y compartir, recibieron lineamientos generales del trabajo que iniciar\u00e1n en sus respectivas comunidades educativas, entre los que se encuentra el gestionar eficazmente los procesos de ense\u00f1anza y aprendizaje, generando un liderazgo pedag\u00f3gico frente a la comunidad escolar, que se refleje en una mejora progresiva de los aprendizajes de las y los estudiantes.<\/p>\n\n\n\n<p>Cada director firma un convenio de desempe\u00f1o, instrumento de gesti\u00f3n en el que se fijan objetivos estrat\u00e9gicos, el que es revisado, evaluado y retroalimentado anualmente, as\u00ed como tambi\u00e9n al t\u00e9rmino de su periodo de cinco a\u00f1os.<\/p>\n\n\n\n<p>En este sentido, el alcalde (S) de Ovalle, Jonathan Acu\u00f1a Rojas indic\u00f3 que es muy grato \u201cdarle la bienvenida a estos seis nuevos directores que asumen por Alta Direcci\u00f3n P\u00fablica y que tienen el tremendo desaf\u00edo de liderar cada uno de sus establecimientos, tanto en el sector urbano, como rural. Nuestra directrices van enfocadas a sacar el mayor potencial de los recintos educacionales, a generar espacios para los ni\u00f1os e ir trabajando de la mano con las comunidades educativas\u201d.<\/p>\n\n\n\n<p>En el caso del Colegio Ra\u00fal Silva Henr\u00edquez, la responsabilidad recay\u00f3 en Marco Gajardo Alvarado, quien tendr\u00e1 la responsabilidad de liderar el establecimiento t\u00e9cnico-profesional. Su motivaci\u00f3n se centra \u201cen el hecho de conocer el establecimiento desde un inicio. Adem\u00e1s, me toc\u00f3 participar en su creaci\u00f3n y estuve trabajando en un \u00e1rea de proyectos donde tuve mucho v\u00ednculo con el Colegio Ra\u00fal Silva Henr\u00edquez y he visto como desde ese periodo ha ido evolucionando y desde ahora espero ser un aporte en el progreso de cada uno de los procesos de desarrollo\u201d.<\/p>\n\n\n\n<p>Por su parte, Juan Jos\u00e9 Ya\u00f1ez, quien se convirti\u00f3 en el nuevo director del Colegio de Administraci\u00f3n y Comercio El Ingenio afirm\u00f3 que es un enorme desaf\u00edo \u201csobretodo porque asumo en un establecimiento que tiene todos los niveles educativos y cuenta con formaci\u00f3n en el \u00e1rea comercial y eso me motiv\u00f3 a ser parte de este recinto educacional. Mi \u00e9nfasis apunta a tener una buena convivencia escolar, con las relaciones horizontales que se establecen entre los apoderados y los estamentos del establecimiento y los elementos de planificaci\u00f3n estrat\u00e9gica para el buen funcionamiento\u201d. En tanto, Carolina Behrens quien asumi\u00f3 su segundo periodo como directora del Colegio Yungay mostr\u00f3 su felicidad \u201cpuesto que seguir\u00e9 en esta senda de la educaci\u00f3n especial, que es vocaci\u00f3n, por lo tanto asumo este desaf\u00edo de muy buena manera\u201d.<\/p>\n","protected":false},"excerpt":{"rendered":"<p>Fortalecer la calidad de la educaci\u00f3n, dar respuesta a los est\u00e1ndares educativos y cumplir con la normativa vigente, son parte de los desaf\u00edos y objetivos del concurso de Alta Direcci\u00f3n P\u00fablica que realiz\u00f3 el Departamento de Educaci\u00f3n Municipal de Ovalle en conjunto con el Servicio Civil, y que permiti\u00f3 elegir nuevas directoras y directores para &#8230;<\/p>\n","protected":false},"author":2,"featured_media":8503,"comment_status":"open","ping_status":"open","sticky":false,"template":"","format":"standard","meta":{"footnotes":""},"categories":[5],"tags":[],"class_list":["post-8502","post","type-post","status-publish","format-standard","has-post-thumbnail","hentry","category-actualidad-limarina"],"_links":{"self":[{"href":"https:\/\/www.radiolimari.cl\/index.php?rest_route=\/wp\/v2\/posts\/8502","targetHints":{"allow":["GET"]}}],"collection":[{"href":"https:\/\/www.radiolimari.cl\/index.php?rest_route=\/wp\/v2\/posts"}],"about":[{"href":"https:\/\/www.radiolimari.cl\/index.php?rest_route=\/wp\/v2\/types\/post"}],"author":[{"embeddable":true,"href":"https:\/\/www.radiolimari.cl\/index.php?rest_route=\/wp\/v2\/users\/2"}],"replies":[{"embeddable":true,"href":"https:\/\/www.radiolimari.cl\/index.php?rest_route=%2Fwp%2Fv2%2Fcomments&post=8502"}],"version-history":[{"count":1,"href":"https:\/\/www.radiolimari.cl\/index.php?rest_route=\/wp\/v2\/posts\/8502\/revisions"}],"predecessor-version":[{"id":8504,"href":"https:\/\/www.radiolimari.cl\/index.php?rest_route=\/wp\/v2\/posts\/8502\/revisions\/8504"}],"wp:featuredmedia":[{"embeddable":true,"href":"https:\/\/www.radiolimari.cl\/index.php?rest_route=\/wp\/v2\/media\/8503"}],"wp:attachment":[{"href":"https:\/\/www.radiolimari.cl\/index.php?rest_route=%2Fwp%2Fv2%2Fmedia&parent=8502"}],"wp:term":[{"taxonomy":"category","embeddable":true,"href":"https:\/\/www.radiolimari.cl\/index.php?rest_route=%2Fwp%2Fv2%2Fcategories&post=8502"},{"taxonomy":"post_tag","embeddable":true,"href":"https:\/\/www.radiolimari.cl\/index.php?rest_route=%2Fwp%2Fv2%2Ftags&post=8502"}],"curies":[{"name":"wp","href":"https:\/\/api.w.org\/{rel}","templated":true}]}}