{"id":8499,"date":"2023-02-25T00:22:44","date_gmt":"2023-02-25T00:22:44","guid":{"rendered":"https:\/\/www.radiolimari.cl\/?p=8499"},"modified":"2023-02-25T00:22:46","modified_gmt":"2023-02-25T00:22:46","slug":"en-ovalle-la-xvi-fiesta-de-la-vendimia-contara-con-la-presentacion-en-vivo-de-los-jaivas-y-la-combo-tortuga","status":"publish","type":"post","link":"https:\/\/www.radiolimari.cl\/?p=8499","title":{"rendered":"EN OVALLE LA XVI FIESTA DE LA VENDIMIA CONTAR\u00c1 CON LA PRESENTACI\u00d3N EN VIVO DE \u201cLOS JAIVAS\u201d Y LA \u201cCOMBO TORTUGA\u201d"},"content":{"rendered":"\n<figure class=\"wp-block-image size-large\"><a href=\"https:\/\/www.radiolimari.cl\/wp-content\/uploads\/2023\/02\/Fiesta-de-la-Vendimia-2023-scaled.jpg\"><img fetchpriority=\"high\" decoding=\"async\" width=\"1024\" height=\"768\" src=\"https:\/\/www.radiolimari.cl\/wp-content\/uploads\/2023\/02\/Fiesta-de-la-Vendimia-2023-1024x768.jpg\" alt=\"\" class=\"wp-image-8500\" srcset=\"https:\/\/www.radiolimari.cl\/wp-content\/uploads\/2023\/02\/Fiesta-de-la-Vendimia-2023-1024x768.jpg 1024w, https:\/\/www.radiolimari.cl\/wp-content\/uploads\/2023\/02\/Fiesta-de-la-Vendimia-2023-300x225.jpg 300w, https:\/\/www.radiolimari.cl\/wp-content\/uploads\/2023\/02\/Fiesta-de-la-Vendimia-2023-768x576.jpg 768w, https:\/\/www.radiolimari.cl\/wp-content\/uploads\/2023\/02\/Fiesta-de-la-Vendimia-2023-1536x1152.jpg 1536w, https:\/\/www.radiolimari.cl\/wp-content\/uploads\/2023\/02\/Fiesta-de-la-Vendimia-2023-2048x1536.jpg 2048w\" sizes=\"(max-width: 1024px) 100vw, 1024px\" \/><\/a><figcaption class=\"wp-element-caption\">La tradicional actividad se desarrollar\u00e1 el pr\u00f3ximo 4 y 5 de marzo, donde las principales vi\u00f1as de la provincia pondr\u00e1n a disposici\u00f3n sus mejores productos. Se trata de una verdadera fiesta familiar que contar\u00e1 con diferentes espacios en la Plaza de Armas <\/figcaption><\/figure>\n\n\n\n<p>La celebraci\u00f3n m\u00e1s grande de la provincia del Limar\u00ed est\u00e1 de vuelta. La Fiesta de la Vendimia de Ovalle se realizar\u00e1 el pr\u00f3ximo 4 y 5 de marzo en la plaza de armas, donde participar\u00e1n m\u00e1s de 120 expositores.<\/p>\n\n\n\n<p>El evento se desarrolla luego de 2 a\u00f1os de receso (2020 fue su \u00faltima edici\u00f3n) producto de las condiciones sanitarias, para convertirse en la celebraci\u00f3n m\u00e1s grande de la provincia del Limar\u00ed. Cabe se\u00f1alar, que en su \u00faltima edici\u00f3n (2020) la fiesta reuni\u00f3 a cerca de 55 mil personas, durante los dos d\u00edas de celebraci\u00f3n, cifra que se espera repetir en la d\u00e9cimo sexta versi\u00f3n.<\/p>\n\n\n\n<p>La actividad es organizada por el Municipio de Ovalle, a trav\u00e9s del Departamento de Fomento Productivo y Turismo. Ser\u00e1n dos jornadas llenas de m\u00fasica, gastronom\u00eda, emprendedores, y por supuesto de vino, representadas por las cinco vi\u00f1as de la provincia; Vi\u00f1a OchoTierras, Vi\u00f1a Tabal\u00ed, Vi\u00f1a Soler, Vi\u00f1a Dalbosco y Vi\u00f1a Tololo. Para la edici\u00f3n n\u00famero 16 de esta tradicional actividad local, que a\u00f1o a a\u00f1o se posiciona como uno de los eventos m\u00e1s importantes de la regi\u00f3n de Coquimbo, se contempla la participaci\u00f3n de m\u00e1s de 120 expositores comerciales, lo que significar\u00e1 una importante posibilidad econ\u00f3mica para los distintos rubros de la comuna.<\/p>\n\n\n\n<p>Entre ellos habr\u00e1 6 stands de vi\u00f1as, 12 stands pisqueros, 8 restobares, 15 mercados campesinos, m\u00e1s de 40 stand de manufactura local y productos t\u00edpicos del territorio, 6 cervezas artesanales, 6 foodtrucks y 16 locales de gastronom\u00eda. Adem\u00e1s se contempla un espacio de promoci\u00f3n y difusi\u00f3n de diferentes programas y servicios, como lo son las mujeres temporeras.<\/p>\n\n\n\n<p>\u201cEstamos contentos de poder lanzar esta linda fiesta como lo es la vendimia, principalmente porque creemos que la reactivaci\u00f3n del comercio local es sumamente importante. Despu\u00e9s de la pandemia volver a retomar este tipo de actividades, realzar los espacios culturales y comercial. Hemos mantenido un contacto directamente con los emprendedores y las vi\u00f1as y creemos que la oferta de productos va a resultar muy entretenida para toda la comunidad\u201d, se\u00f1al\u00f3 el alcalde Jonathan Acu\u00f1a.<\/p>\n\n\n\n<p>Por su parte Margot Rojas, directora de Desarrollo Comunitario, expres\u00f3 que \u201cla Fiesta de la Vendimia es la actividad culmine para este verano, es por ello que hemos preparado espacios para toda la familia, desde cociner\u00eda, boulevard, infantiles y shows con destacados artistas locales\u201d.<\/p>\n\n\n\n<p>Mientras que el encargado de Fomento Productivo y Turismo, Eric Castro, manifest\u00f3 que \u201ces muy importante trabajar bajo un sello que es Limar\u00ed, y con ello potenciar toda la elaboraci\u00f3n de productos que se elaboran en el territorio, como lo son el vino, el queso de cabra, el pisco y las cervezas artesanales, as\u00ed que invitamos a toda la familia a participar, la Vendimia la hace la gente\u201d.<\/p>\n\n\n\n<p>Como es tradici\u00f3n, la actividad contar\u00e1 con la venta de copas, donde a trav\u00e9s del pago de un ticket, se podr\u00e1n degustar varias opciones de vino. \u201cEstamos prepar\u00e1ndonos de la mejor manera para para atender al p\u00fablico. Se vender\u00e1 una copa que dar\u00e1 el derecho de poder degustar en cinco stands. La idea que el p\u00fablico pueda conocer y probar las distintas variedades que se elaboran en Limar\u00ed, y que a\u00f1o a a\u00f1o se posicionan a nivel nacional e internacional\u201d, detall\u00f3 la en\u00f3loga de la Vi\u00f1a Dalbosco, Lorena Veliz.<\/p>\n\n\n\n<p><strong>PRESENTACIONES ARTISTICAS<\/strong><\/p>\n\n\n\n<p>El evento contar\u00e1 con un show de primer nivel a cargo de artistas locales y nacionales. En diferentes horarios y sectores de la plaza de armas se presentar\u00e1n diferentes grupos folcl\u00f3ricos, de danza y cantantes locales.<\/p>\n\n\n\n<p>Mientras que en el escenario principal estar\u00e1 a cargo de la mejor m\u00fasica en vivo. El s\u00e1bado se presentar\u00e1n desde las 19.00 horas las bandas \u201cIndependencia Cultural\u201d, y \u201cKarime\u201d, para dejar al destacado grupo nacional \u201cCombo Tortuga\u201d, para cerrar la jornada a las 22.30 horas.&nbsp;<\/p>\n\n\n\n<p>Posterior a la presentaci\u00f3n de la agrupaci\u00f3n oriunda de la comuna de Maip\u00fa, la celebraci\u00f3n se trasladar\u00e1 al sector Syrah, donde se desarrollar\u00e1 el Boulevard de la Vendimia.<\/p>\n\n\n\n<p>Mientras que, para el domingo, el show estar\u00e1 a cargo de \u201cRadio City Band\u201d, \u201cLa M\u00e1xima\u201d, para dejar al t\u00e9rmino de la fiesta a \u201cLos Jaivas\u201d (22.30 horas), quienes celebrar\u00e1n en Ovalle sus 60 a\u00f1os de historia, luego de ser galardonados con la Gaviota de Platino en el Festival de Vi\u00f1a del Mar.<\/p>\n\n\n\n<p><strong><u>LOS ESPACIOS<\/u><\/strong><\/p>\n\n\n\n<p>Durante el fin de semana, diversos espacios estar\u00e1n habilitados para que los asistentes puedan conocer y probar los productos que ofrece esta versi\u00f3n.<\/p>\n\n\n\n<p><strong>Sector Merlot (Libertad)<\/strong><\/p>\n\n\n\n<p>Calle Libertad se denominar\u00e1 \u201cESPACIO MERLOT\u201d, donde se dispondr\u00e1 la mejor gastronom\u00eda local y tambi\u00e9n se mostrar\u00e1n diferentes muestras art\u00edsticas de agrupaciones locales.<\/p>\n\n\n\n<p><strong>Sector Chardonnay (Miguel Aguirre)<\/strong><\/p>\n\n\n\n<p>Alrededor de 40 emprendedores locales expondr\u00e1n y comercializar\u00e1n sus artesan\u00edas, orfebrer\u00eda, mermeladas y manjares caseros; adem\u00e1s de tejidos, trabajos en madera y mucho m\u00e1s. Todos los productos tendr\u00e1n una identidad local y son de elaboraci\u00f3n propia. En el lugar se habilitar\u00e1 tambi\u00e9n un espacio con juegos y entretenciones infantiles. Este espacio se encontrar\u00e1 en calle Miguel Aguirre.<\/p>\n\n\n\n<p><strong>Sector Syrah (Victoria)<\/strong><\/p>\n\n\n\n<p>Calle Victoria recibir\u00e1 una nueva versi\u00f3n del boulevard, sector que reunir\u00e1 a bares y restoranes de la ciudad para mostrar los mejores c\u00f3cteles y gastronom\u00eda de la comuna. Junto a ello, la m\u00fasica en vivo amenizar\u00e1 el festejo.<\/p>\n\n\n\n<p><strong>Sector Moscatel (Vicu\u00f1a Mackenna)<\/strong><\/p>\n\n\n\n<p>Ubicado en Vicu\u00f1a Mackenna, ser\u00e1 el lugar donde las empresas pisqueras ofrecer\u00e1n sus mejores productos.<\/p>\n\n\n\n<p><strong>Sector Carmenere&nbsp; (Correos Chile)<\/strong><\/p>\n\n\n\n<p>Frente a Correos de Chile se habilitar\u00e1 un pasillo con las principales Cervezas Artesanales del Limar\u00ed.<\/p>\n\n\n\n<p><strong>Sector Vi\u00f1as (Pasillo Interior Plaza)<\/strong><\/p>\n\n\n\n<p>Se trata del sector m\u00e1s importante de la Plaza de Armas, donde se ubicar\u00e1n los principales productores vitivin\u00edcolas de la provincia.<\/p>\n","protected":false},"excerpt":{"rendered":"<p>La celebraci\u00f3n m\u00e1s grande de la provincia del Limar\u00ed est\u00e1 de vuelta. La Fiesta de la Vendimia de Ovalle se realizar\u00e1 el pr\u00f3ximo 4 y 5 de marzo en la plaza de armas, donde participar\u00e1n m\u00e1s de 120 expositores. El evento se desarrolla luego de 2 a\u00f1os de receso (2020 fue su \u00faltima edici\u00f3n) producto &#8230;<\/p>\n","protected":false},"author":2,"featured_media":8500,"comment_status":"open","ping_status":"open","sticky":false,"template":"","format":"standard","meta":{"footnotes":""},"categories":[5],"tags":[],"class_list":["post-8499","post","type-post","status-publish","format-standard","has-post-thumbnail","hentry","category-actualidad-limarina"],"_links":{"self":[{"href":"https:\/\/www.radiolimari.cl\/index.php?rest_route=\/wp\/v2\/posts\/8499","targetHints":{"allow":["GET"]}}],"collection":[{"href":"https:\/\/www.radiolimari.cl\/index.php?rest_route=\/wp\/v2\/posts"}],"about":[{"href":"https:\/\/www.radiolimari.cl\/index.php?rest_route=\/wp\/v2\/types\/post"}],"author":[{"embeddable":true,"href":"https:\/\/www.radiolimari.cl\/index.php?rest_route=\/wp\/v2\/users\/2"}],"replies":[{"embeddable":true,"href":"https:\/\/www.radiolimari.cl\/index.php?rest_route=%2Fwp%2Fv2%2Fcomments&post=8499"}],"version-history":[{"count":1,"href":"https:\/\/www.radiolimari.cl\/index.php?rest_route=\/wp\/v2\/posts\/8499\/revisions"}],"predecessor-version":[{"id":8501,"href":"https:\/\/www.radiolimari.cl\/index.php?rest_route=\/wp\/v2\/posts\/8499\/revisions\/8501"}],"wp:featuredmedia":[{"embeddable":true,"href":"https:\/\/www.radiolimari.cl\/index.php?rest_route=\/wp\/v2\/media\/8500"}],"wp:attachment":[{"href":"https:\/\/www.radiolimari.cl\/index.php?rest_route=%2Fwp%2Fv2%2Fmedia&parent=8499"}],"wp:term":[{"taxonomy":"category","embeddable":true,"href":"https:\/\/www.radiolimari.cl\/index.php?rest_route=%2Fwp%2Fv2%2Fcategories&post=8499"},{"taxonomy":"post_tag","embeddable":true,"href":"https:\/\/www.radiolimari.cl\/index.php?rest_route=%2Fwp%2Fv2%2Ftags&post=8499"}],"curies":[{"name":"wp","href":"https:\/\/api.w.org\/{rel}","templated":true}]}}