{"id":8492,"date":"2023-02-24T16:05:01","date_gmt":"2023-02-24T16:05:01","guid":{"rendered":"https:\/\/www.radiolimari.cl\/?p=8492"},"modified":"2023-02-24T16:05:02","modified_gmt":"2023-02-24T16:05:02","slug":"mas-de-66-mil-familias-de-la-region-recibiran-el-aporte-familiar-permanente","status":"publish","type":"post","link":"https:\/\/www.radiolimari.cl\/?p=8492","title":{"rendered":"<strong>M\u00e1s de 66 mil familias de la regi\u00f3n recibir\u00e1n el Aporte Familiar Permanente<\/strong>"},"content":{"rendered":"\n<figure class=\"wp-block-image size-full\"><a href=\"https:\/\/www.radiolimari.cl\/wp-content\/uploads\/2023\/02\/pensionados-880x462-1.jpg\"><img fetchpriority=\"high\" decoding=\"async\" width=\"880\" height=\"462\" src=\"https:\/\/www.radiolimari.cl\/wp-content\/uploads\/2023\/02\/pensionados-880x462-1.jpg\" alt=\"\" class=\"wp-image-8493\" srcset=\"https:\/\/www.radiolimari.cl\/wp-content\/uploads\/2023\/02\/pensionados-880x462-1.jpg 880w, https:\/\/www.radiolimari.cl\/wp-content\/uploads\/2023\/02\/pensionados-880x462-1-300x158.jpg 300w, https:\/\/www.radiolimari.cl\/wp-content\/uploads\/2023\/02\/pensionados-880x462-1-768x403.jpg 768w\" sizes=\"(max-width: 880px) 100vw, 880px\" \/><\/a><figcaption class=\"wp-element-caption\">\u00b7\u00a0\u00a0\u00a0\u00a0\u00a0\u00a0 <strong><em>El sitio web <a href=\"http:\/\/www.aportefamiliar.cl\">www.aportefamiliar.cl<\/a> est\u00e1 disponible para verificar si la persona es beneficiaria y consultar fecha y forma de pago.<\/em><\/strong> <\/figcaption><\/figure>\n\n\n\n<p>Desde el 15 de febrero el Gobierno comenz\u00f3 con el pago del Aporte Familiar Permanente (ex Bono Marzo), al primer grupo de beneficiarios y beneficiarias, que corresponden a las familias y personas que reciben beneficios de Subsidio Familiar, Chile Solidario o Subsistema de Seguridades y Oportunidades (Ingreso \u00c9tico Familiar), a<\/p>\n\n\n\n<p>trav\u00e9s del Instituto de Previsi\u00f3n Social (IPS).<\/p>\n\n\n\n<p>La Seremi del Trabajo y Previsi\u00f3n Social, Claudia Santander, explic\u00f3 que \u201cen la regi\u00f3n de Coquimbo son m\u00e1s de 66 mil familias que recibir\u00e1n el Aporte Familiar Permanente. Hay que recordar que para este a\u00f1o el beneficio es de $59.452 por carga familiar o familia, seg\u00fan el tipo de beneficiario, este esfuerzo significar\u00e1 que el Estado desembolsar\u00e1 m\u00e1s de 180 mil millones de pesos en la entrega de esta ayuda econ\u00f3mica a las familias de menores ingresos del pa\u00eds\u201d.<\/p>\n\n\n\n<p>La autoridad se refiri\u00f3 tambi\u00e9n a la tramitaci\u00f3n del proyecto de ley que contempla medidas econ\u00f3micas que, entre otras, habilita un Aporte Familiar Permanente Extraordinario. Al respecto se\u00f1al\u00f3 que \u201cesperamos que la ley, propuesta por el presidente Gabriel Boric, de contar con un segundo Bono Marzo sea prontamente aprobado para as\u00ed realizar un nuevo pago como medida de apoyo a las familias chilenas\u201d.<\/p>\n\n\n\n<p>Por su parte el IPS inform\u00f3 que se inici\u00f3 la entrega del Aporte Familiar Permanente 2023 la primera n\u00f3mina de beneficiados<\/p>\n\n\n\n<p>Mientras que el 1 de marzo comenzar\u00e1 el pago a la segunda n\u00f3mina de beneficiarios, que corresponde personas del Subsidio Familiar, Chile Solidario o del Subsistema de Seguridades y Oportunidades (Ingreso \u00c9tico Familiar) que reciben el pago habitual de sus beneficios a trav\u00e9s del IPS entre el 1 y 14 de marzo, adem\u00e1s de pensionados del Instituto de Previsi\u00f3n Social que reciben el pago de su beneficio entre el 1 y 31 de marzo.<\/p>\n\n\n\n<p>Desde el 15 de marzo, en tanto, se efectuar\u00e1 el pago a la tercera n\u00f3mina, en la que se<\/p>\n\n\n\n<p>incluyen beneficiarios de Asignaci\u00f3n Familiar o Maternal por sus cargas familiares, ya sean trabajadores de empresas privadas o p\u00fablicas o pensionados de entidades distintas al IPS.<\/p>\n\n\n\n<p>Las personas pueden verificar su fecha y forma de pago en <a href=\"http:\/\/www.aportefamiliar.cl\">www.aportefamiliar.cl<\/a> y obtener m\u00e1s informaci\u00f3n y consultas, www.chileatiende.cl, el Call Center 101 (opci\u00f3n 1) y las redes sociales ChileAtiende en Facebook, Twitter e Instagram.<\/p>\n","protected":false},"excerpt":{"rendered":"<p>Desde el 15 de febrero el Gobierno comenz\u00f3 con el pago del Aporte Familiar Permanente (ex Bono Marzo), al primer grupo de beneficiarios y beneficiarias, que corresponden a las familias y personas que reciben beneficios de Subsidio Familiar, Chile Solidario o Subsistema de Seguridades y Oportunidades (Ingreso \u00c9tico Familiar), a trav\u00e9s del Instituto de Previsi\u00f3n &#8230;<\/p>\n","protected":false},"author":2,"featured_media":8493,"comment_status":"open","ping_status":"open","sticky":false,"template":"","format":"standard","meta":{"footnotes":""},"categories":[6],"tags":[],"class_list":["post-8492","post","type-post","status-publish","format-standard","has-post-thumbnail","hentry","category-regionales"],"_links":{"self":[{"href":"https:\/\/www.radiolimari.cl\/index.php?rest_route=\/wp\/v2\/posts\/8492","targetHints":{"allow":["GET"]}}],"collection":[{"href":"https:\/\/www.radiolimari.cl\/index.php?rest_route=\/wp\/v2\/posts"}],"about":[{"href":"https:\/\/www.radiolimari.cl\/index.php?rest_route=\/wp\/v2\/types\/post"}],"author":[{"embeddable":true,"href":"https:\/\/www.radiolimari.cl\/index.php?rest_route=\/wp\/v2\/users\/2"}],"replies":[{"embeddable":true,"href":"https:\/\/www.radiolimari.cl\/index.php?rest_route=%2Fwp%2Fv2%2Fcomments&post=8492"}],"version-history":[{"count":1,"href":"https:\/\/www.radiolimari.cl\/index.php?rest_route=\/wp\/v2\/posts\/8492\/revisions"}],"predecessor-version":[{"id":8494,"href":"https:\/\/www.radiolimari.cl\/index.php?rest_route=\/wp\/v2\/posts\/8492\/revisions\/8494"}],"wp:featuredmedia":[{"embeddable":true,"href":"https:\/\/www.radiolimari.cl\/index.php?rest_route=\/wp\/v2\/media\/8493"}],"wp:attachment":[{"href":"https:\/\/www.radiolimari.cl\/index.php?rest_route=%2Fwp%2Fv2%2Fmedia&parent=8492"}],"wp:term":[{"taxonomy":"category","embeddable":true,"href":"https:\/\/www.radiolimari.cl\/index.php?rest_route=%2Fwp%2Fv2%2Fcategories&post=8492"},{"taxonomy":"post_tag","embeddable":true,"href":"https:\/\/www.radiolimari.cl\/index.php?rest_route=%2Fwp%2Fv2%2Ftags&post=8492"}],"curies":[{"name":"wp","href":"https:\/\/api.w.org\/{rel}","templated":true}]}}