{"id":8476,"date":"2023-02-16T20:31:52","date_gmt":"2023-02-16T20:31:52","guid":{"rendered":"https:\/\/www.radiolimari.cl\/?p=8476"},"modified":"2023-02-16T20:31:52","modified_gmt":"2023-02-16T20:31:52","slug":"monte-patria-firma-convenio-con-carabineros-y-se-convierte-en-la-primera-comuna-de-limari-en-implementar-patrullas-mixtas","status":"publish","type":"post","link":"https:\/\/www.radiolimari.cl\/?p=8476","title":{"rendered":"<strong>Monte Patria firma convenio con Carabineros y se convierte en la primera comuna de Limar\u00ed en implementar patrullas mixtas<\/strong>"},"content":{"rendered":"\n<figure class=\"wp-block-image size-large is-resized\"><a href=\"https:\/\/www.radiolimari.cl\/wp-content\/uploads\/2023\/02\/331194286_580662173943933_6812448195846046516_n.jpg\"><img fetchpriority=\"high\" decoding=\"async\" src=\"https:\/\/www.radiolimari.cl\/wp-content\/uploads\/2023\/02\/331194286_580662173943933_6812448195846046516_n-1024x1024.jpg\" alt=\"\" class=\"wp-image-8477\" width=\"397\" height=\"397\" srcset=\"https:\/\/www.radiolimari.cl\/wp-content\/uploads\/2023\/02\/331194286_580662173943933_6812448195846046516_n-1024x1024.jpg 1024w, https:\/\/www.radiolimari.cl\/wp-content\/uploads\/2023\/02\/331194286_580662173943933_6812448195846046516_n-300x300.jpg 300w, https:\/\/www.radiolimari.cl\/wp-content\/uploads\/2023\/02\/331194286_580662173943933_6812448195846046516_n-150x150.jpg 150w, https:\/\/www.radiolimari.cl\/wp-content\/uploads\/2023\/02\/331194286_580662173943933_6812448195846046516_n-768x768.jpg 768w, https:\/\/www.radiolimari.cl\/wp-content\/uploads\/2023\/02\/331194286_580662173943933_6812448195846046516_n-70x70.jpg 70w, https:\/\/www.radiolimari.cl\/wp-content\/uploads\/2023\/02\/331194286_580662173943933_6812448195846046516_n.jpg 1200w\" sizes=\"(max-width: 397px) 100vw, 397px\" \/><\/a><figcaption class=\"wp-element-caption\"><strong>La firma del convenio con la OS-14 de Carabineros permitir\u00e1 que se realicen en la comuna patrullajes mixtos con la finalidad de atender procedimientos de baja complejidad y prevenci\u00f3n del delito.\u00a0<\/strong> <\/figcaption><\/figure>\n\n\n\n<p>Monte Patria se convirti\u00f3 esta semana en la tercera comuna de la regi\u00f3n de Coquimbo en formalizar los patrullajes mixtos con Carabineros, iniciativa que permitir\u00e1 que inspectores municipales y la polic\u00eda uniformada realicen recorridos conjuntos de seguridad por las calles de distintos puntos de la ciudad.<\/p>\n\n\n\n<p>El convenio firmado entre el municipio y el OS-14 de Carabineros, adem\u00e1s, busca fortalecer los v\u00ednculos con las entidades comunales, desarrollar estrategias de prevenci\u00f3n y aumentar la seguridad en la ciudadan\u00eda. <strong>\u00abEstamos contentos, porque ya son tres las comunas que se han sumado a este convenio de colaboraci\u00f3<\/strong><strong>n, dando una se\u00f1al concreta del compromiso transversal que existe por generar coproducci\u00f3n en seguridad y contribuir, cada uno desde su \u00e1mbito, a mejorar la calidad de vida de los vecinos en nuestra regi\u00f3<\/strong><strong>n\u00bb,<\/strong> indic\u00f3 el Jefe de la IV Zona de Carabineros, General Juan Mu\u00f1oz Montero.<\/p>\n\n\n\n<p>En esa misma l\u00ednea, el General Mu\u00f1oz agreg\u00f3 que <strong>\u201cel apoyo municipal es fundamental para el trabajo en seguridad, ya que a trav<\/strong><strong>\u00e9s de sus distintos recursos, nos permite realizar una prevenci\u00f3n efectiva. La ciudadan\u00eda tiene que ver que sus instituciones formales est\u00e1n organizadas. El trabajo colaborativo a trav<\/strong><strong>\u00e9s de este tipo de acciones es muy importante, porque nos permite ampliar el rango de cobertura y de prevenci\u00f3n. Esperamos pronto concretar nuevas firmas con otras comunas\u201d<\/strong>.<\/p>\n\n\n\n<p>As\u00ed la comuna de Monte Patria es la primera de la Provincia del Limar\u00ed en formalizar os patrullajes mixtos, medida que ya se est\u00e1 implementando en la Provincia del Choapa, a trav\u00e9s de los Vilos e Illapel. Al respecto, el edil de la comuna, Cristian Herrera, se\u00f1al\u00f3 que es una <strong>\u201ca<\/strong><strong>legr\u00eda de ser la primera comuna en la Provincia de Limar\u00ed en firmar este convenio OS14, donde vamos a hacer patrullajes mixtos con carabineros. Creo que es una muy buena noticia en t<\/strong><strong>\u00e9rminos del compromiso que hemos realizado nosotros como municipio en materia de seguridad p\u00fablica. Estamos contentos, porque entendemos que esta es la forma, el poder trabajar de la mano junto con los vecinos, para abordar una tem\u00e1tica tan relevante como lo son los delitos y la delincuencia\u201d<\/strong>,<\/p>\n\n\n\n<p>El convenio OS-14 de Carabineros, permite justamente optimizar y fortalecer las coordinaciones entre la instituci\u00f3n uniformada y los municipios para brindar m\u00e1s y mejor seguridad a la comunidad. Por su parte, desde el gobierno valoraron los avances en materia de colaboraci\u00f3n en seguridad. <strong>\u00abPara nosotros como gobierno es muy importante la alianza entre municipios y Carabineros a trav<\/strong><strong>\u00e9s del OS14, que permite justamente regular y reglar el trabajo conjunto para concurrir en la prevenci\u00f3n del delito a trav<\/strong><strong>\u00e9s de patrullajes mixtos y procedimientos de baja complejidad. Agradecer la voluntad que ha tenido el alcalde y que convierte a Monte Patria en la primera comuna en la provincia en suscribir este convenio, lo que da cuenta de la prioridad que le ha dado en su gesti\u00f3n comunal a la seguridad p\u00fablica y que va en la l\u00ednea correcta de lo que nosotros estamos promoviendo, que es la coproducci\u00f3n de seguridad.\u201d, <\/strong>destac\u00f3 el Delegado Presidencial Regional (s) Galo Luna Penna.<\/p>\n\n\n\n<p>Sumado a Monte Patria, Los Vilos e Illapel, ya son varias las comunas que se encuentran trabajando para la formalizaci\u00f3n del convenio. De hecho, en las pr\u00f3ximas semanas se espera concretar la firma con Punitaqui, Coquimbo y La Serena, entre otras.&nbsp; Cabe destacar que en marzo llegar\u00e1 una nueva camioneta de patrulla gracias a la gesti\u00f3n del municipio con la Subsecretar\u00eda de Prevenci\u00f3n del Delito, la que sumar\u00e1 m\u00e1s patrullajes en las calles de la comuna.<\/p>\n","protected":false},"excerpt":{"rendered":"<p>Monte Patria se convirti\u00f3 esta semana en la tercera comuna de la regi\u00f3n de Coquimbo en formalizar los patrullajes mixtos con Carabineros, iniciativa que permitir\u00e1 que inspectores municipales y la polic\u00eda uniformada realicen recorridos conjuntos de seguridad por las calles de distintos puntos de la ciudad. El convenio firmado entre el municipio y el OS-14 &#8230;<\/p>\n","protected":false},"author":2,"featured_media":8477,"comment_status":"open","ping_status":"open","sticky":false,"template":"","format":"standard","meta":{"footnotes":""},"categories":[5],"tags":[],"class_list":["post-8476","post","type-post","status-publish","format-standard","has-post-thumbnail","hentry","category-actualidad-limarina"],"_links":{"self":[{"href":"https:\/\/www.radiolimari.cl\/index.php?rest_route=\/wp\/v2\/posts\/8476","targetHints":{"allow":["GET"]}}],"collection":[{"href":"https:\/\/www.radiolimari.cl\/index.php?rest_route=\/wp\/v2\/posts"}],"about":[{"href":"https:\/\/www.radiolimari.cl\/index.php?rest_route=\/wp\/v2\/types\/post"}],"author":[{"embeddable":true,"href":"https:\/\/www.radiolimari.cl\/index.php?rest_route=\/wp\/v2\/users\/2"}],"replies":[{"embeddable":true,"href":"https:\/\/www.radiolimari.cl\/index.php?rest_route=%2Fwp%2Fv2%2Fcomments&post=8476"}],"version-history":[{"count":1,"href":"https:\/\/www.radiolimari.cl\/index.php?rest_route=\/wp\/v2\/posts\/8476\/revisions"}],"predecessor-version":[{"id":8478,"href":"https:\/\/www.radiolimari.cl\/index.php?rest_route=\/wp\/v2\/posts\/8476\/revisions\/8478"}],"wp:featuredmedia":[{"embeddable":true,"href":"https:\/\/www.radiolimari.cl\/index.php?rest_route=\/wp\/v2\/media\/8477"}],"wp:attachment":[{"href":"https:\/\/www.radiolimari.cl\/index.php?rest_route=%2Fwp%2Fv2%2Fmedia&parent=8476"}],"wp:term":[{"taxonomy":"category","embeddable":true,"href":"https:\/\/www.radiolimari.cl\/index.php?rest_route=%2Fwp%2Fv2%2Fcategories&post=8476"},{"taxonomy":"post_tag","embeddable":true,"href":"https:\/\/www.radiolimari.cl\/index.php?rest_route=%2Fwp%2Fv2%2Ftags&post=8476"}],"curies":[{"name":"wp","href":"https:\/\/api.w.org\/{rel}","templated":true}]}}