{"id":8472,"date":"2023-02-16T20:19:43","date_gmt":"2023-02-16T20:19:43","guid":{"rendered":"https:\/\/www.radiolimari.cl\/?p=8472"},"modified":"2023-02-16T20:19:43","modified_gmt":"2023-02-16T20:19:43","slug":"dispondran-de-1-200-millones-para-sistemascon-energias-renovables-en-empresas","status":"publish","type":"post","link":"https:\/\/www.radiolimari.cl\/?p=8472","title":{"rendered":"<strong>Dispondr\u00e1n de $1.200 millones para sistemas<br>con energ\u00edas renovables en empresas\u00a0<\/strong>"},"content":{"rendered":"\n<figure class=\"wp-block-image size-large\"><a href=\"https:\/\/www.radiolimari.cl\/wp-content\/uploads\/2023\/02\/IMG_3280-scaled.jpg\"><img fetchpriority=\"high\" decoding=\"async\" width=\"1024\" height=\"683\" src=\"https:\/\/www.radiolimari.cl\/wp-content\/uploads\/2023\/02\/IMG_3280-1024x683.jpg\" alt=\"\" class=\"wp-image-8473\" srcset=\"https:\/\/www.radiolimari.cl\/wp-content\/uploads\/2023\/02\/IMG_3280-1024x683.jpg 1024w, https:\/\/www.radiolimari.cl\/wp-content\/uploads\/2023\/02\/IMG_3280-300x200.jpg 300w, https:\/\/www.radiolimari.cl\/wp-content\/uploads\/2023\/02\/IMG_3280-768x512.jpg 768w, https:\/\/www.radiolimari.cl\/wp-content\/uploads\/2023\/02\/IMG_3280-1536x1024.jpg 1536w, https:\/\/www.radiolimari.cl\/wp-content\/uploads\/2023\/02\/IMG_3280-2048x1365.jpg 2048w\" sizes=\"(max-width: 1024px) 100vw, 1024px\" \/><\/a><figcaption class=\"wp-element-caption\"><strong><em>Organizaciones de todos los tama\u00f1os y rubros podr\u00e1n optar al concurso \u201cPonle Energ\u00eda a Tu Empresa\u201d del Ministerio de Energ\u00eda y la Uni\u00f3n Europea.<\/em><\/strong> <\/figcaption><\/figure>\n\n\n\n<p>Hasta 60 millones de pesos podr\u00e1n obtener las empresas de la Regi\u00f3n de Coquimbo para financiar proyectos de autogeneraci\u00f3n el\u00e9ctrica o t\u00e9rmica con energ\u00edas renovables, a trav\u00e9s del concurso \u00abPonle Energ\u00eda a tu Empresa\u00bb, del Ministerio de Energ\u00eda y la Uni\u00f3n Europea (UE), que considera un fondo total de $1.200 millones, que espera beneficiar directamente a m\u00e1s de 100 micro, peque\u00f1as, medianas y grandes empresas del pa\u00eds.&nbsp;<\/p>\n\n\n\n<p>As\u00ed lo dio a conocer la Seremi de Energ\u00eda, Mar\u00eda Castillo Rojas, quien indic\u00f3 que esta iniciativa \u00abpermitir\u00e1 a las empresas, de todo tama\u00f1o sumarse a la transici\u00f3n energ\u00e9tica con tecnolog\u00edas renovables de autoconsumo que les permitir\u00e1n reducir los costos de energ\u00eda de estos emprendimientos, aumentando sus rentabilidades, junto con reducir de manera muy importante su huella de carbono\u201d.&nbsp;&nbsp;&nbsp;<\/p>\n\n\n\n<p>A trav\u00e9s de este concurso se podr\u00e1n cofinanciar proyectos renovables para energ\u00eda el\u00e9ctrica, t\u00e9rmica o cogeneraci\u00f3n, a trav\u00e9s de cualquier tecnolog\u00eda de autoconsumo.&nbsp;<\/p>\n\n\n\n<p>El embajador de la UE en Chile, Le\u00f3n de la Torre Krais, se\u00f1al\u00f3: \u201cCon esta nueva convocatoria la UE refuerza el compromiso de colaborar con Chile en la mitigaci\u00f3n del cambio clim\u00e1tico, en este caso junto con el sector privado, promoviendo el uso de energ\u00edas renovables. Esperamos recibir nuevas propuestas para incluir soluciones pr\u00e1cticas, eficientes e innovadoras que nos permitan alcanzar nuestros objetivos clim\u00e1ticos compartidos\u201d.&nbsp;&nbsp;<\/p>\n\n\n\n<p>Cabe consignar que la postulaci\u00f3n deber\u00e1 realizarse junto a un proveedor de servicios energ\u00e9ticos. Por lo mismo, implica tambi\u00e9n un impulso al ecosistema de proveedores y consultores del sector.&nbsp;&nbsp;<\/p>\n\n\n\n<p>Ponle Energ\u00eda a tu Empresa es realizado en el marco del proyecto \u00abEnerg\u00edas Renovables para el Autoconsumo en Chile\u00bb de NAMA Facility, proyecto implementado por KFW y GIZ, por encargo del Ministerio de Asuntos Econ\u00f3micos y Acci\u00f3n Clim\u00e1tica (BMWK) de Alemania, el Departamento de Negocios, Energ\u00eda y Estrategia Industrial (BEIS) de Reino Unido, el Ministerio de Clima Energ\u00eda y Servicios P\u00fablicos (KEFM) de Dinamarca, el Ministerio de Asuntos Exteriores (MFA) de Dinamarca, la Uni\u00f3n Europea y la Fundaci\u00f3n Children&#8217;s Investment Fund (CIFF), a trav\u00e9s de la KfW.&nbsp;&nbsp;&nbsp;<\/p>\n\n\n\n<p>El componente financiero completo tendr\u00e1 un presupuesto de 14 millones de euros, que son aportados por la Uni\u00f3n Europea, destinados a fomentar la inversi\u00f3n en proyectos de autoconsumo, as\u00ed como el desarrollo del sector financiero en este \u00e1mbito.&nbsp;&nbsp;&nbsp;<\/p>\n\n\n\n<p>El concurso estar\u00e1 abierto hasta el 31 de marzo de 2023. M\u00e1s informaciones se pueden encontrar en&nbsp;<a href=\"http:\/\/www.ponleenergia.cl\/\" target=\"_blank\" rel=\"noreferrer noopener\">www.ponleenergia.cl<\/a>.&nbsp;&nbsp;&nbsp;&nbsp;<\/p>\n","protected":false},"excerpt":{"rendered":"<p>Hasta 60 millones de pesos podr\u00e1n obtener las empresas de la Regi\u00f3n de Coquimbo para financiar proyectos de autogeneraci\u00f3n el\u00e9ctrica o t\u00e9rmica con energ\u00edas renovables, a trav\u00e9s del concurso \u00abPonle Energ\u00eda a tu Empresa\u00bb, del Ministerio de Energ\u00eda y la Uni\u00f3n Europea (UE), que considera un fondo total de $1.200 millones, que espera beneficiar directamente &#8230;<\/p>\n","protected":false},"author":2,"featured_media":8473,"comment_status":"open","ping_status":"open","sticky":false,"template":"","format":"standard","meta":{"footnotes":""},"categories":[6],"tags":[],"class_list":["post-8472","post","type-post","status-publish","format-standard","has-post-thumbnail","hentry","category-regionales"],"_links":{"self":[{"href":"https:\/\/www.radiolimari.cl\/index.php?rest_route=\/wp\/v2\/posts\/8472","targetHints":{"allow":["GET"]}}],"collection":[{"href":"https:\/\/www.radiolimari.cl\/index.php?rest_route=\/wp\/v2\/posts"}],"about":[{"href":"https:\/\/www.radiolimari.cl\/index.php?rest_route=\/wp\/v2\/types\/post"}],"author":[{"embeddable":true,"href":"https:\/\/www.radiolimari.cl\/index.php?rest_route=\/wp\/v2\/users\/2"}],"replies":[{"embeddable":true,"href":"https:\/\/www.radiolimari.cl\/index.php?rest_route=%2Fwp%2Fv2%2Fcomments&post=8472"}],"version-history":[{"count":1,"href":"https:\/\/www.radiolimari.cl\/index.php?rest_route=\/wp\/v2\/posts\/8472\/revisions"}],"predecessor-version":[{"id":8474,"href":"https:\/\/www.radiolimari.cl\/index.php?rest_route=\/wp\/v2\/posts\/8472\/revisions\/8474"}],"wp:featuredmedia":[{"embeddable":true,"href":"https:\/\/www.radiolimari.cl\/index.php?rest_route=\/wp\/v2\/media\/8473"}],"wp:attachment":[{"href":"https:\/\/www.radiolimari.cl\/index.php?rest_route=%2Fwp%2Fv2%2Fmedia&parent=8472"}],"wp:term":[{"taxonomy":"category","embeddable":true,"href":"https:\/\/www.radiolimari.cl\/index.php?rest_route=%2Fwp%2Fv2%2Fcategories&post=8472"},{"taxonomy":"post_tag","embeddable":true,"href":"https:\/\/www.radiolimari.cl\/index.php?rest_route=%2Fwp%2Fv2%2Ftags&post=8472"}],"curies":[{"name":"wp","href":"https:\/\/api.w.org\/{rel}","templated":true}]}}