{"id":8461,"date":"2023-02-14T15:46:00","date_gmt":"2023-02-14T15:46:00","guid":{"rendered":"https:\/\/www.radiolimari.cl\/?p=8461"},"modified":"2023-02-14T15:46:01","modified_gmt":"2023-02-14T15:46:01","slug":"destacan-gestion-de-gobernadora-naranjo-en-inversion-historica-destinada-a-bomberos-de-la-region","status":"publish","type":"post","link":"https:\/\/www.radiolimari.cl\/?p=8461","title":{"rendered":"<strong>Destacan gesti\u00f3n de Gobernadora Naranjo en inversi\u00f3n hist\u00f3rica destinada a bomberos de la regi\u00f3n<\/strong>"},"content":{"rendered":"\n<figure class=\"wp-block-image size-full is-resized\"><a href=\"https:\/\/www.radiolimari.cl\/wp-content\/uploads\/2023\/02\/350_reunion_coquimbo_core.jpg\"><img fetchpriority=\"high\" decoding=\"async\" src=\"https:\/\/www.radiolimari.cl\/wp-content\/uploads\/2023\/02\/350_reunion_coquimbo_core.jpg\" alt=\"\" class=\"wp-image-8462\" width=\"399\" height=\"266\" srcset=\"https:\/\/www.radiolimari.cl\/wp-content\/uploads\/2023\/02\/350_reunion_coquimbo_core.jpg 350w, https:\/\/www.radiolimari.cl\/wp-content\/uploads\/2023\/02\/350_reunion_coquimbo_core-300x200.jpg 300w\" sizes=\"(max-width: 399px) 100vw, 399px\" \/><\/a><figcaption class=\"wp-element-caption\"><strong><em>Esta es la cifra que durante el 2021 y 2022 la inversi\u00f3n regional para apoyar en infraestructura y equipamiento a bomberos.<\/em><\/strong> <\/figcaption><\/figure>\n\n\n\n<p>La cat\u00e1strofe por los violentos incendios que afecta a gran parte del sur de Chile y que han dado la vuelta al mundo por su voracidad, perdidas humanas, siniestro de viviendas y miles de hect\u00e1reas incineradas, ha puesto nuevamente en el tapete el rol fundamental que juegan los bomberos de Chile<\/p>\n\n\n\n<p>Los \u201cchicos buenos\u201d nuevamente se han transformado en los h\u00e9roes de esta implacable cat\u00e1strofe. Desde la regi\u00f3n de Coquimbo viajaron para apoyar a sus colegas, en una primera instancia, 92 voluntarios en 16 unidades. 5 d\u00edas despu\u00e9s hubo un relevo de 80 bomberos.<\/p>\n\n\n\n<p>Desde el Gobierno Regional destacaron el contingente que ha viajado al sur y le desearon el mejor de los \u00e9xitos. Asimismo, desde el GORE se pudo dilucidar el apoyo que le han brindado a bomberos durante la gesti\u00f3n de la Gobernadora, Krist Naranjo. En el 2021 y 2022 se destinaron cerca de 10 mil millones de pesos para reposici\u00f3n de cuarteles, carros bomba, carros de rescate, camiones aljibes y equipamiento de protecci\u00f3n personal, entre otros elementos<\/p>\n\n\n\n<p>Por ejemplo, durante el 2022 comenz\u00f3 la ejecuci\u00f3n de la reposici\u00f3n del carro Bomba de Combarbal\u00e1, adquisici\u00f3n de carros multiprop\u00f3sito para Los Vilos y Coquimbo, adquisici\u00f3n de carro rescate para la primera Compa\u00f1\u00eda de Bomberos de Coquimbo, ejecuci\u00f3n de la construcci\u00f3n de cuartel de la cuarta Compa\u00f1\u00eda de Bomberos Ovalle, adquisici\u00f3n de camioneta de rescate para bomberos de Andacollo, entre otras iniciativas. En proceso de licitaci\u00f3n se encuentra la reposici\u00f3n del cuartel de Bomberos de La Higuera<\/p>\n\n\n\n<p>La Gobernadora Regional, Krist Naranjo, valor\u00f3 el trabajo en conjunto que realizan desde el GORE con bomberos y reiter\u00f3 su apoyo a la instituci\u00f3n, <strong>\u201cbomberos sigue demostrando su compromiso con el pa\u00eds y desde que asum\u00ed como gobernadora mi apoyo hacia ellos ha sido irrestricto. Hemos destinado gran cantidad de recursos para mejorar su infraestructura y herramientas de trabajo. Vamos a continuar trabajando con esta noble instituci\u00f3n. No los vamos a dejar solo y esperamos ejecutar al 100 por ciento la cartera de proyectos que tenemos en conjunto\u201d<\/strong><\/p>\n\n\n\n<p>Adem\u00e1s, Naranjo, agreg\u00f3,<strong> \u201cesperamos que de una vez por todas el Estado se haga cargo de Bomberos. El rol que juegan en las cat\u00e1strofes es fundamental, pero creo que el Estado de Chile esta al debe con ellos. No puede ser que sigan haciendo colectas, rifas etc para generar recursos. Merecen respeto y nuestro pa\u00eds debe entender que son una instituci\u00f3n que necesita del Estado\u201d<\/strong><\/p>\n\n\n\n<p>En tanto desde Bomberos, destacaron la importancia de esta inversi\u00f3n as\u00ed lo manifest\u00f3, Jaime Cort\u00ednez, presidente Regional de Bomberos de Coquimbo, <strong>\u201ces una inversi\u00f3n hist\u00f3rica para los bomberos de la regi\u00f3n. Son casi 11 mil millones de pesos que se le han entregado a bomberos para poder cumplir con los proyectos macro que se hab\u00edan, en su momento, presentado. Nos ayuda para estar al nivel que se requiere de las emergencias que hay en la regi\u00f3n los 15 cuerpo de bomberos mantienen en sus distintas jurisdicciones\u201d<\/strong><\/p>\n\n\n\n<p>Cort\u00ednez, tambi\u00e9n agradeci\u00f3 el compromiso del Gobierno Regional y de la gobernadora, por sacar adelante proyectos estancados desde el 2016, <strong>\u201cseguimos teniendo un problema importante porque la regi\u00f3n de Coquimbo debe ser una de las zonas con el material mayor o carro bomba m\u00e1s antiguo de Chile. Hab\u00eda mucho tiempo que no se recambiaba y con estos proyectos que se han hecho en el Gobierno de Krist Naranjo sin duda que nos ayud\u00f3 mucho (\u2026) el compromiso de ella ha sido fundamental, este es un trabajo que se debe hacer de la mano junto a las autoridades y en este caso nuestra Gobernadora ha estado a la altura de las necesidades de bomberos\u201d<\/strong><\/p>\n\n\n\n<p>Para este 2023 bomberos pretende levantar un proyecto para reemplazar los carros bombas m\u00e1s antiguos de cada Cuerpo de Bomberos de la regi\u00f3n y generar una iniciativa de adquisici\u00f3n de una maquina de primera respuesta de rescate vehiculares.<\/p>\n","protected":false},"excerpt":{"rendered":"<p>La cat\u00e1strofe por los violentos incendios que afecta a gran parte del sur de Chile y que han dado la vuelta al mundo por su voracidad, perdidas humanas, siniestro de viviendas y miles de hect\u00e1reas incineradas, ha puesto nuevamente en el tapete el rol fundamental que juegan los bomberos de Chile Los \u201cchicos buenos\u201d nuevamente &#8230;<\/p>\n","protected":false},"author":2,"featured_media":8462,"comment_status":"open","ping_status":"open","sticky":false,"template":"","format":"standard","meta":{"footnotes":""},"categories":[6],"tags":[],"class_list":["post-8461","post","type-post","status-publish","format-standard","has-post-thumbnail","hentry","category-regionales"],"_links":{"self":[{"href":"https:\/\/www.radiolimari.cl\/index.php?rest_route=\/wp\/v2\/posts\/8461","targetHints":{"allow":["GET"]}}],"collection":[{"href":"https:\/\/www.radiolimari.cl\/index.php?rest_route=\/wp\/v2\/posts"}],"about":[{"href":"https:\/\/www.radiolimari.cl\/index.php?rest_route=\/wp\/v2\/types\/post"}],"author":[{"embeddable":true,"href":"https:\/\/www.radiolimari.cl\/index.php?rest_route=\/wp\/v2\/users\/2"}],"replies":[{"embeddable":true,"href":"https:\/\/www.radiolimari.cl\/index.php?rest_route=%2Fwp%2Fv2%2Fcomments&post=8461"}],"version-history":[{"count":1,"href":"https:\/\/www.radiolimari.cl\/index.php?rest_route=\/wp\/v2\/posts\/8461\/revisions"}],"predecessor-version":[{"id":8463,"href":"https:\/\/www.radiolimari.cl\/index.php?rest_route=\/wp\/v2\/posts\/8461\/revisions\/8463"}],"wp:featuredmedia":[{"embeddable":true,"href":"https:\/\/www.radiolimari.cl\/index.php?rest_route=\/wp\/v2\/media\/8462"}],"wp:attachment":[{"href":"https:\/\/www.radiolimari.cl\/index.php?rest_route=%2Fwp%2Fv2%2Fmedia&parent=8461"}],"wp:term":[{"taxonomy":"category","embeddable":true,"href":"https:\/\/www.radiolimari.cl\/index.php?rest_route=%2Fwp%2Fv2%2Fcategories&post=8461"},{"taxonomy":"post_tag","embeddable":true,"href":"https:\/\/www.radiolimari.cl\/index.php?rest_route=%2Fwp%2Fv2%2Ftags&post=8461"}],"curies":[{"name":"wp","href":"https:\/\/api.w.org\/{rel}","templated":true}]}}