{"id":8458,"date":"2023-02-14T00:32:11","date_gmt":"2023-02-14T00:32:11","guid":{"rendered":"https:\/\/www.radiolimari.cl\/?p=8458"},"modified":"2023-02-14T00:32:12","modified_gmt":"2023-02-14T00:32:12","slug":"culminan-las-escuelas-de-verano-monte-patria-2023-con-positivo-balance-y-proyecciones-a-futuro","status":"publish","type":"post","link":"https:\/\/www.radiolimari.cl\/?p=8458","title":{"rendered":"<strong>Culminan las \u201cEscuelas de Verano\u201d Monte Patria 2023 con positivo balance y proyecciones a futuro<\/strong><strong><\/strong>"},"content":{"rendered":"\n<figure class=\"wp-block-image size-large\"><a href=\"https:\/\/www.radiolimari.cl\/wp-content\/uploads\/2023\/02\/IMG_1266-scaled.jpg\"><img fetchpriority=\"high\" decoding=\"async\" width=\"1024\" height=\"683\" src=\"https:\/\/www.radiolimari.cl\/wp-content\/uploads\/2023\/02\/IMG_1266-1024x683.jpg\" alt=\"\" class=\"wp-image-8459\" srcset=\"https:\/\/www.radiolimari.cl\/wp-content\/uploads\/2023\/02\/IMG_1266-1024x683.jpg 1024w, https:\/\/www.radiolimari.cl\/wp-content\/uploads\/2023\/02\/IMG_1266-300x200.jpg 300w, https:\/\/www.radiolimari.cl\/wp-content\/uploads\/2023\/02\/IMG_1266-768x512.jpg 768w, https:\/\/www.radiolimari.cl\/wp-content\/uploads\/2023\/02\/IMG_1266-1536x1024.jpg 1536w, https:\/\/www.radiolimari.cl\/wp-content\/uploads\/2023\/02\/IMG_1266-2048x1365.jpg 2048w\" sizes=\"(max-width: 1024px) 100vw, 1024px\" \/><\/a><figcaption class=\"wp-element-caption\"><strong><em>En la instancia, el Seremi de Deportes ofreci\u00f3 contar con talleres de nataci\u00f3n para los ni\u00f1os y ni\u00f1as que son beneficiarios de este programa estatal y que ayuda a las familias de padres temporeros.  <\/em><\/strong><\/figcaption><\/figure>\n\n\n\n<p>Con la presencia de ni\u00f1os y ni\u00f1as de distintos puntos de la comuna, autoridades regionales y el alcalde, Cristian Herrera, dieron por finalizado el programa de Centro de Cuidados Trabajo de Temporada 2023 (tambi\u00e9n conocidos como Escuelas de Verano). La ceremonia, que se realiz\u00f3 en dependencias del Camping Municipal el pasado viernes, estuvo tambi\u00e9n acompa\u00f1ada por los monitores de las escuelas de El Palqui, Cerros de Guayaquil y Santa Bernardita de Pedregal, respectivamente.<\/p>\n\n\n\n<p>El convenio colaborativo entre las serem\u00edas de Desarrollo Social y Familia, de Educaci\u00f3n y de Deporte, en conjunto con el municipio, tiene como finalidad que los ni\u00f1os y ni\u00f1as, que est\u00e1n dentro del 60% m\u00e1s vulnerable de la comuna puedan recibir atenci\u00f3n y cuidados, mientras sus madres y padres trabajan en la temporada agr\u00edcola estival.<\/p>\n\n\n\n<p>El Seremi de Desarrollo Social se refiri\u00f3 a la labor que ha realizado el municipio de Monte Patria con este programa: <strong>\u201cEstamos terminando este centro de cuidados de trabajo de temporada 2023 en donde hemos visto que nuestro alcalde, Cristian Herrera, lo asume de una manera muy responsable y eso hay que reconocerlo. Hemos tenido ac\u00e1 la manifestaci\u00f3n de los entusiasmos de las ni\u00f1as y ni\u00f1os de todos los sectores de la comuna de Monte Patria. Ellos est\u00e1n muy felices, porque disfrutan de los espacios de divertimento\u201d<\/strong>.<\/p>\n\n\n\n<p>En ese sentido, este convenio que es parte de una pol\u00edtica estatal, responde a la necesidad que tienen muchas familias, sobre todo, de sectores agr\u00edcolas que, muchas veces, no tienen la posibilidad de contar con un adulto para que cuiden a sus hijos. <strong>\u201cComo autoridades del Gobierno del Presidente, Gabriel Boric, estamos en la regi\u00f3n para apoyar estas iniciativas que tienen que ver con el cuidado de la ni\u00f1ez; generar espacios protegidos para que ni\u00f1os y ni\u00f1as se puedan desarrollar, divertirse en el verano, pero por sobre todo, que las madres trabajadoras <\/strong><strong>est<\/strong><strong>\u00e9<\/strong><strong>n tranquilas y puedan en esta temporada estival trabajar con la seguridad y confianza que sus ni\u00f1os y ni\u00f1<\/strong><strong>as est\u00e1<\/strong><strong>n bien cuidadas en espacios protegidos\u201d<\/strong>, se\u00f1al\u00f3 la Seremi de la Mujer y Equidad de G\u00e9nero, de la Regi\u00f3n de Coquimbo, Mar\u00eda Fernanda Glaser.<\/p>\n\n\n\n<p>Desde el municipio, el alcalde, Cristian Herrera, agradeci\u00f3 el trabajo multisectorial con las instituciones regionales y tambi\u00e9n destac\u00f3 que <strong>\u201cexiste una dedicaci\u00f3n, tanto de los funcionarios municipales que est\u00e1n a cargo del programa como tambi<\/strong><strong>\u00e9<\/strong><strong>n de los profesores, directores y monitores de cada una de estas escuelas de verano, adem\u00e1<\/strong><strong>s, desde el municipio intentamos entregar este mismo espacio para que vinieran a la piscina y pudieran disfrutar. Ellos lo pasan bien y no solo eso, sus madres y padres trabajan de manera tranquila en la temporada agr\u00ed<\/strong><strong>cola<\/strong><strong>, porque sienten el cuidado que tienen nuestros ni\u00f1os y ni\u00f1as<\/strong><strong> en esta red de protecci\u00f3n que, como municipio, generamos tambi<\/strong><strong>\u00e9<\/strong><strong>n con las otras instituciones. Estamos contentos, porque es un programa exitoso\u201d<\/strong>, declar\u00f3 el edil.<\/p>\n\n\n\n<p>Este a\u00f1o, gracias al trabajo del municipio, se logr\u00f3 ampliar en 30 los cupos de este programa, sumando un total de 120 ni\u00f1os y ni\u00f1as que recibieron el beneficio en la comuna. En ese sentido, la administraci\u00f3n del edil de la comuna de Monte Patria, est\u00e1 en conversaciones con la seremia de Desarrollo Social para que las Escuelas de Verano sigan creciendo a nivel de cobertura, especialmente en localidades alejadas como R\u00edo Rapel o Mostazal.<\/p>\n\n\n\n<p>En tanto, el Seremi de Deportes, Fernando Medina, aparte de destacar el rol que juega el deporte en la reinserci\u00f3n social en comunidades vulnerables, se comprometi\u00f3 con talleres de nataci\u00f3n para los ni\u00f1os y ni\u00f1as que son usuarios de este programa para el pr\u00f3ximo a\u00f1o. <strong>\u201cCreemos que esto deber<\/strong><strong>\u00ed<\/strong><strong>a ampliarse y tambi<\/strong><strong>\u00e9<\/strong><strong>n en el sentido de poder hacer un aporte en t<\/strong><strong>\u00e9<\/strong><strong>rminos de deportes, de una manera que se integren m\u00e1<\/strong><strong>s actividades deportivas. Lo hemos conversado con el alcalde, de manera de operar de mejor forma, m\u00e1<\/strong><strong>s amplia y con mejores condiciones. En ese sentido, estamos trabajando para mejorar las condiciones y oportunidades y m\u00e1<\/strong><strong>s cantidad de deporte que es eso lo que necesitamos\u201d<\/strong>.<\/p>\n\n\n\n<p>Al respecto, la Coordinara de la Oficina de la Mujer y Diversidad Sexual del municipio de Monte Patria, Mar\u00eda Jos\u00e9 Gonz\u00e1lez se\u00f1al\u00f3 que <strong>\u201cla realidad de esta comuna es rural, donde esta \u00e9poca, por lo general, las familias re\u00fanen recursos para todo el a\u00f1o y tener la seguridad que sus hijos est\u00e9n bien cuidados para que ellos puedan trabajar tranquilamente\u201d.<\/strong><\/p>\n\n\n\n<p>Las Escuelas de Verano, que re\u00fanen ni\u00f1os de 6-12 a\u00f1os, finalizar\u00e1n este martes 14 de febrero en cada establecimiento con actividades y sorpresas para los beneficiarios del programa.<\/p>\n\n\n\n<p>Autor: Jes\u00fas Manuel Herrera \/ Periodista<\/p>\n","protected":false},"excerpt":{"rendered":"<p>Con la presencia de ni\u00f1os y ni\u00f1as de distintos puntos de la comuna, autoridades regionales y el alcalde, Cristian Herrera, dieron por finalizado el programa de Centro de Cuidados Trabajo de Temporada 2023 (tambi\u00e9n conocidos como Escuelas de Verano). La ceremonia, que se realiz\u00f3 en dependencias del Camping Municipal el pasado viernes, estuvo tambi\u00e9n acompa\u00f1ada &#8230;<\/p>\n","protected":false},"author":2,"featured_media":8459,"comment_status":"open","ping_status":"open","sticky":false,"template":"","format":"standard","meta":{"footnotes":""},"categories":[5],"tags":[],"class_list":["post-8458","post","type-post","status-publish","format-standard","has-post-thumbnail","hentry","category-actualidad-limarina"],"_links":{"self":[{"href":"https:\/\/www.radiolimari.cl\/index.php?rest_route=\/wp\/v2\/posts\/8458","targetHints":{"allow":["GET"]}}],"collection":[{"href":"https:\/\/www.radiolimari.cl\/index.php?rest_route=\/wp\/v2\/posts"}],"about":[{"href":"https:\/\/www.radiolimari.cl\/index.php?rest_route=\/wp\/v2\/types\/post"}],"author":[{"embeddable":true,"href":"https:\/\/www.radiolimari.cl\/index.php?rest_route=\/wp\/v2\/users\/2"}],"replies":[{"embeddable":true,"href":"https:\/\/www.radiolimari.cl\/index.php?rest_route=%2Fwp%2Fv2%2Fcomments&post=8458"}],"version-history":[{"count":1,"href":"https:\/\/www.radiolimari.cl\/index.php?rest_route=\/wp\/v2\/posts\/8458\/revisions"}],"predecessor-version":[{"id":8460,"href":"https:\/\/www.radiolimari.cl\/index.php?rest_route=\/wp\/v2\/posts\/8458\/revisions\/8460"}],"wp:featuredmedia":[{"embeddable":true,"href":"https:\/\/www.radiolimari.cl\/index.php?rest_route=\/wp\/v2\/media\/8459"}],"wp:attachment":[{"href":"https:\/\/www.radiolimari.cl\/index.php?rest_route=%2Fwp%2Fv2%2Fmedia&parent=8458"}],"wp:term":[{"taxonomy":"category","embeddable":true,"href":"https:\/\/www.radiolimari.cl\/index.php?rest_route=%2Fwp%2Fv2%2Fcategories&post=8458"},{"taxonomy":"post_tag","embeddable":true,"href":"https:\/\/www.radiolimari.cl\/index.php?rest_route=%2Fwp%2Fv2%2Ftags&post=8458"}],"curies":[{"name":"wp","href":"https:\/\/api.w.org\/{rel}","templated":true}]}}