{"id":8455,"date":"2023-02-13T20:13:49","date_gmt":"2023-02-13T20:13:49","guid":{"rendered":"https:\/\/www.radiolimari.cl\/?p=8455"},"modified":"2023-02-13T20:13:50","modified_gmt":"2023-02-13T20:13:50","slug":"vuelve-la-semana-punitaquina-tras-dos-anos-sin-celebracion","status":"publish","type":"post","link":"https:\/\/www.radiolimari.cl\/?p=8455","title":{"rendered":"<strong>Vuelve la \u201cSemana Punitaquina\u201d tras dos a\u00f1os sin celebraci\u00f3n<\/strong>"},"content":{"rendered":"\n<figure class=\"wp-block-image size-large\"><a href=\"https:\/\/www.radiolimari.cl\/wp-content\/uploads\/2023\/02\/13.2-semana-punitaquina.png\"><img fetchpriority=\"high\" decoding=\"async\" width=\"1024\" height=\"1024\" src=\"https:\/\/www.radiolimari.cl\/wp-content\/uploads\/2023\/02\/13.2-semana-punitaquina-1024x1024.png\" alt=\"\" class=\"wp-image-8456\" srcset=\"https:\/\/www.radiolimari.cl\/wp-content\/uploads\/2023\/02\/13.2-semana-punitaquina-1024x1024.png 1024w, https:\/\/www.radiolimari.cl\/wp-content\/uploads\/2023\/02\/13.2-semana-punitaquina-300x300.png 300w, https:\/\/www.radiolimari.cl\/wp-content\/uploads\/2023\/02\/13.2-semana-punitaquina-150x150.png 150w, https:\/\/www.radiolimari.cl\/wp-content\/uploads\/2023\/02\/13.2-semana-punitaquina-768x768.png 768w, https:\/\/www.radiolimari.cl\/wp-content\/uploads\/2023\/02\/13.2-semana-punitaquina-70x70.png 70w, https:\/\/www.radiolimari.cl\/wp-content\/uploads\/2023\/02\/13.2-semana-punitaquina.png 1080w\" sizes=\"(max-width: 1024px) 100vw, 1024px\" \/><\/a><figcaption class=\"wp-element-caption\">Como ya es costumbre en la comuna volvi\u00f3 la tradicional \u201cSemana Punitaquina\u201d con grandes novedades. El puntapi\u00e9 inicial se realizo este domingo 12 de febrero con una gran Fiesta de Espuma en el Frontis Municipal.<\/figcaption><\/figure>\n\n\n\n<p>\u201cCon una serie de actividades refrescantes, art\u00edsticas, musicales y culturales se vive el verano en la comuna de Punitaqui. Despu\u00e9s de dos a\u00f1os por efectos de la pandemia vuelve la Semana Punitaquina con una espectacular parrilla pensada en todas y todos los integrantes de la familia y quienes nos visiten, para as\u00ed poder mantener la tradicional fiesta de la Tierra de los Molinos\u201d, se refiri\u00f3 el alcalde Carlos Araya.<\/p>\n\n\n\n<p>Este a\u00f1o el municipio de la comuna ha preparado la parrilla program\u00e1tica, que comenz\u00f3 el  domingo 12 hasta el 17 de febrero, el cual fue disfrutado por  toda la comunidad. Durante una semana se ir\u00e1n desarrollando variadas actividades y shows gratuitos en la Plaza de Armas de Punitaqui.<\/p>\n\n\n\n<p>Dentro de las actividades que se realizar\u00e1n se encuentra una noche folcl\u00f3rica que se realiza hoy  lunes 13 a las 21:00 horas en la plaza. <\/p>\n\n\n\n<p>Siguiendo con un show especial este martes 14 de febrero acompa\u00f1ado desde Chilevisi\u00f3n,\u00a0 el tributo oficial a Ricardo Arjona, evento que se llevar\u00e1 a cabo en el Boulevard del Amor.<\/p>\n\n\n\n<p>En los d\u00edas posteriores seguir\u00e1n los eventos con una \u201cNoche de Moda\u201d este mi\u00e9rcoles 15 a las 21:00 horas, donde se llevar\u00e1 a cabo un desfile de moda que contar\u00e1 con emprendedores locales, acompa\u00f1ado por la presencia del actual M\u00edster Ovalle. Mientras que el d\u00eda jueves 16 podr\u00e1n deleitarse &nbsp;con un tributo a Los V\u00e1squez, adem\u00e1s se presentar\u00e1 los due\u00f1os de casa Grupo Fantas\u00eda de Punitaqui a las 21:30 horas.<\/p>\n\n\n\n<p>Para dar t\u00e9rmino a la Semana Punitaquina &nbsp;la gente podr\u00e1 bailar y cantar el d\u00eda viernes 17 de febrero con artistas nacionales como Felipe Caballero qui\u00e9n entregar\u00e1 todos los recuerdos del tropical rom\u00e1ntico, luego podr\u00e1n disfrutar con el \u201cRapero callejero\u201d revelaci\u00f3n de los \u00faltimos tiempos, Arte Elegante. Para finalizar, la cumbia ranchera se har\u00e1 presente junto a Kevin y sus Lumaquinos.<\/p>\n\n\n\n<p>\u201cQueremos integrar e invitar a todos y todas las personas que hacen parte de esta comunidad a disfrutar y ser part\u00edcipe de las diversas actividades que se realizar\u00e1n en la comuna de Punitaqui en esta nueva versi\u00f3n de la Semana Punitaquina\u201d, indic\u00f3 el alcalde Carlos Araya.<\/p>\n","protected":false},"excerpt":{"rendered":"<p>\u201cCon una serie de actividades refrescantes, art\u00edsticas, musicales y culturales se vive el verano en la comuna de Punitaqui. Despu\u00e9s de dos a\u00f1os por efectos de la pandemia vuelve la Semana Punitaquina con una espectacular parrilla pensada en todas y todos los integrantes de la familia y quienes nos visiten, para as\u00ed poder mantener la &#8230;<\/p>\n","protected":false},"author":2,"featured_media":8456,"comment_status":"open","ping_status":"open","sticky":false,"template":"","format":"standard","meta":{"footnotes":""},"categories":[5],"tags":[],"class_list":["post-8455","post","type-post","status-publish","format-standard","has-post-thumbnail","hentry","category-actualidad-limarina"],"_links":{"self":[{"href":"https:\/\/www.radiolimari.cl\/index.php?rest_route=\/wp\/v2\/posts\/8455","targetHints":{"allow":["GET"]}}],"collection":[{"href":"https:\/\/www.radiolimari.cl\/index.php?rest_route=\/wp\/v2\/posts"}],"about":[{"href":"https:\/\/www.radiolimari.cl\/index.php?rest_route=\/wp\/v2\/types\/post"}],"author":[{"embeddable":true,"href":"https:\/\/www.radiolimari.cl\/index.php?rest_route=\/wp\/v2\/users\/2"}],"replies":[{"embeddable":true,"href":"https:\/\/www.radiolimari.cl\/index.php?rest_route=%2Fwp%2Fv2%2Fcomments&post=8455"}],"version-history":[{"count":1,"href":"https:\/\/www.radiolimari.cl\/index.php?rest_route=\/wp\/v2\/posts\/8455\/revisions"}],"predecessor-version":[{"id":8457,"href":"https:\/\/www.radiolimari.cl\/index.php?rest_route=\/wp\/v2\/posts\/8455\/revisions\/8457"}],"wp:featuredmedia":[{"embeddable":true,"href":"https:\/\/www.radiolimari.cl\/index.php?rest_route=\/wp\/v2\/media\/8456"}],"wp:attachment":[{"href":"https:\/\/www.radiolimari.cl\/index.php?rest_route=%2Fwp%2Fv2%2Fmedia&parent=8455"}],"wp:term":[{"taxonomy":"category","embeddable":true,"href":"https:\/\/www.radiolimari.cl\/index.php?rest_route=%2Fwp%2Fv2%2Fcategories&post=8455"},{"taxonomy":"post_tag","embeddable":true,"href":"https:\/\/www.radiolimari.cl\/index.php?rest_route=%2Fwp%2Fv2%2Ftags&post=8455"}],"curies":[{"name":"wp","href":"https:\/\/api.w.org\/{rel}","templated":true}]}}