{"id":8449,"date":"2023-02-07T21:39:41","date_gmt":"2023-02-07T21:39:41","guid":{"rendered":"https:\/\/www.radiolimari.cl\/?p=8449"},"modified":"2023-02-07T21:39:42","modified_gmt":"2023-02-07T21:39:42","slug":"caren-conmemora-los-206-anos-del-paso-del-ejercito-libertador-con-presencia-del-consul-de-argentina-en-chile","status":"publish","type":"post","link":"https:\/\/www.radiolimari.cl\/?p=8449","title":{"rendered":"<strong>Car\u00e9n conmemora los 206 a\u00f1os del paso del Ej\u00e9rcito Libertador con presencia del C\u00f3nsul de Argentina en Chile <\/strong>"},"content":{"rendered":"\n<figure class=\"wp-block-image size-large\"><a href=\"https:\/\/www.radiolimari.cl\/wp-content\/uploads\/2023\/02\/WhatsApp-Image-2023-02-07-at-4.36.36-PM.jpeg\"><img fetchpriority=\"high\" decoding=\"async\" width=\"1024\" height=\"768\" src=\"https:\/\/www.radiolimari.cl\/wp-content\/uploads\/2023\/02\/WhatsApp-Image-2023-02-07-at-4.36.36-PM-1024x768.jpeg\" alt=\"\" class=\"wp-image-8450\" srcset=\"https:\/\/www.radiolimari.cl\/wp-content\/uploads\/2023\/02\/WhatsApp-Image-2023-02-07-at-4.36.36-PM-1024x768.jpeg 1024w, https:\/\/www.radiolimari.cl\/wp-content\/uploads\/2023\/02\/WhatsApp-Image-2023-02-07-at-4.36.36-PM-300x225.jpeg 300w, https:\/\/www.radiolimari.cl\/wp-content\/uploads\/2023\/02\/WhatsApp-Image-2023-02-07-at-4.36.36-PM-768x576.jpeg 768w, https:\/\/www.radiolimari.cl\/wp-content\/uploads\/2023\/02\/WhatsApp-Image-2023-02-07-at-4.36.36-PM-1536x1152.jpeg 1536w, https:\/\/www.radiolimari.cl\/wp-content\/uploads\/2023\/02\/WhatsApp-Image-2023-02-07-at-4.36.36-PM.jpeg 1600w\" sizes=\"(max-width: 1024px) 100vw, 1024px\" \/><\/a><figcaption class=\"wp-element-caption\"><strong><em>La actividad que se realiz\u00f3 el lunes en la tarde, congreg\u00f3 tambi\u00e9n a personas de diversas localidades, quienes a\u00f1o a a\u00f1o se re\u00fanen en esta efem\u00e9ride.<\/em><\/strong> <\/figcaption><\/figure>\n\n\n\n<p>Con mucho orgullo por las tradiciones, el pueblo de Car\u00e9n celebr\u00f3 un gran hito hist\u00f3rico que marc\u00f3 el pasado independentista de Chile. Se trata de la conmemoraci\u00f3n de los 206 a\u00f1os del paso del Tercer Batall\u00f3n del Ej\u00e9rcito Libertador por el paso La Chapetona, que conecta la Cordillera de Los Andes con el valle de Monte Patria.<\/p>\n\n\n\n<p>La ceremonia que estuvo precedida por el alcalde de la comuna de Monte Patria, Cristian Herrera, cont\u00f3 con la presencia del C\u00f3nsul de Argentina, Sebasti\u00e1n Molteni, el capit\u00e1n del ej\u00e9rcito, perteneciente al Regimiento N\u00b01 de Coquimbo, Renato Mondaca y miembros de la comunidad local.&nbsp;<\/p>\n\n\n\n<p>Este hito sigue siendo recordado por toda la comunidad, arraig\u00e1ndose en la identidad local, pues el paso de este ej\u00e9rcito fue catalizador en el proceso independentista. En esos a\u00f1os la corona espa\u00f1ola hab\u00eda retomado ciudades y pueblos y la pronta acci\u00f3n del Ejercito Libertador ayud\u00f3, de cierta forma, a liberar los territorios, emancip\u00e1ndolos definitivamente.<\/p>\n\n\n\n<p>Y en ese punto, la ruta que nace desde la cordillera y pasa por localidades montepatrinas es fuente de orgullo e identidad para sus comunidades. Es por eso mismo que desde 2018 esta conmemoraci\u00f3n ha ido tomando mayor relevancia en la comunidad de Car\u00e9n. As\u00ed lo se\u00f1ala Eduardo Guzm\u00e1n, profesor de Historia y miembro de la Agrupaci\u00f3n Cordillera. <strong>\u201cEstamos muy orgullosos. Hace algunos d<\/strong><strong>\u00ed<\/strong><strong>as realizamos una cabalgata por la cordillera, precisamente, por el hito fronterizo donde cruz\u00f3 <\/strong><strong>el Tercer Batall\u00f3n Libertador, reconstruyendo, recreando los senderos por donde bajaron por la cordillera hacia nuestros valles con el objetivo de liberar a todas las ciudades de la regi\u00f3n de Coquimbo. se ha ido empapando de esta identidad y dir\u00ed<\/strong><strong>amos que uya est\u00e1 <\/strong><strong>en el alma del pueblo y esto se ha ido expandiendo a pa\u00ed<\/strong><strong>ses vecinos&nbsp;que<\/strong><strong> hoy est\u00e1<\/strong><strong>n invitados a esta conmemoraci\u00f3n<\/strong><strong>, declar\u00f3.&nbsp;<\/strong><strong><\/strong><\/p>\n\n\n\n<p>En tanto, el C\u00f3nsul de Argentina en Chile, Sebastian Molteni, afirm\u00f3 estar emocionado por la ceremonia, puesto que \u201c<strong>fue fant<\/strong><strong>\u00e1<\/strong><strong>stica, primero porque fue en el mismo lugar hist\u00f3rico donde avanz\u00f3 <\/strong><strong>unas de las columnas del Ej<\/strong><strong>\u00e9<\/strong><strong>rcito Libertador y eso tiene una significancia tremenda para Argentina y para Chile. Fue un acto tremendamente emotivo, porque colabor\u00f3 <\/strong><strong>absolutamente cada uno de los miembros de la comunidad, incluso, hab\u00ed<\/strong><strong>an abuelos con sus nietos. El hito hist\u00f3rico si nos remontamos a la proeza de San Mart\u00edn u O\u2019<\/strong><strong>Higgins y otros libertadores es que los uni\u00f3 <\/strong><strong>un esp\u00ed<\/strong><strong>ritu de hermandad, hoy en d\u00ed<\/strong><strong>a llamarla latinoamericana, donde era necesario trabajar de forma mancomunada en pos del bien supremo que es la libertad\u201d, indic\u00f3.<\/strong><\/p>\n\n\n\n<p><strong>Propuestas que germinan para el futuro<\/strong><\/p>\n\n\n\n<p>Por su parte, el alcalde de Monte Patria, Cristian Herrera, se refiri\u00f3 a este hito como un elemento hist\u00f3rico de la comuna. <strong>\u201cPara nosotros es un momento super importante, porque recordamos parte de la <\/strong><strong>historia de <\/strong><strong>la comuna de Monte Patria, como es el paso de una facci\u00f3n del Ej<\/strong><strong>\u00e9<\/strong><strong>rcito Libertador que permiti\u00f3 <\/strong><strong>liberar nuestro pa\u00ed<\/strong><strong>s de los espa\u00f1<\/strong><strong>oles. <\/strong><strong>Lo habl\u00e1<\/strong><strong>bamos con el C\u00f3nsul donde hac\u00ed<\/strong><strong>amos memoria de lo que ten\u00ed<\/strong><strong>a que haber significado esta gesta en aquellos a\u00f1os, pero principalmente mirando hacia el futuro\u201d, se\u00f1al\u00f3<\/strong><\/p>\n\n\n\n<p>En esa misma l\u00ednea,la m\u00e1xima autoridad comunal, adem\u00e1s, se refiri\u00f3 a establecer lazos y conexiones m\u00e1s permanentes con el pa\u00eds trasandino que beneficien a ambas naciones. <strong>\u201cQue nuestros crianceros que cruzan al otro lado de la cordillera para las veranadas no tengan que depender de un decreto que se haga a\u00f1<\/strong><strong>o a a<\/strong><strong>\u00f1o<\/strong><strong>, pero tambi<\/strong><strong>\u00e9<\/strong><strong>n pensar en proyectos m\u00e1<\/strong><strong>s grandes, por qu<\/strong><strong>\u00e9 <\/strong><strong>no un tren que se mueva con energ\u00ed<\/strong><strong>as renovables que cruce la cordillera y que nos permita llegar a puerto y que sea multiprop\u00f3sito, adem\u00e1<\/strong><strong>s, con pasajeros\u201d, indic\u00f3.<\/strong><\/p>\n\n\n\n<p>El alcalde sostuvo que las iniciativas de integraci\u00f3n local s\u00ed son una buena apuesta, siempre y cuando se desarrollen de forma planificada, en coordinaci\u00f3n con las necesidades de los territorios y de cara a la ciudadan\u00eda; mientras tanto, los lazos culturales entre Argentina y Chile prevalecer\u00e1n en el territorio, nutriendo nuestra actual historia.<\/p>\n","protected":false},"excerpt":{"rendered":"<p>Con mucho orgullo por las tradiciones, el pueblo de Car\u00e9n celebr\u00f3 un gran hito hist\u00f3rico que marc\u00f3 el pasado independentista de Chile. Se trata de la conmemoraci\u00f3n de los 206 a\u00f1os del paso del Tercer Batall\u00f3n del Ej\u00e9rcito Libertador por el paso La Chapetona, que conecta la Cordillera de Los Andes con el valle de &#8230;<\/p>\n","protected":false},"author":2,"featured_media":8450,"comment_status":"open","ping_status":"open","sticky":false,"template":"","format":"standard","meta":{"footnotes":""},"categories":[5],"tags":[],"class_list":["post-8449","post","type-post","status-publish","format-standard","has-post-thumbnail","hentry","category-actualidad-limarina"],"_links":{"self":[{"href":"https:\/\/www.radiolimari.cl\/index.php?rest_route=\/wp\/v2\/posts\/8449","targetHints":{"allow":["GET"]}}],"collection":[{"href":"https:\/\/www.radiolimari.cl\/index.php?rest_route=\/wp\/v2\/posts"}],"about":[{"href":"https:\/\/www.radiolimari.cl\/index.php?rest_route=\/wp\/v2\/types\/post"}],"author":[{"embeddable":true,"href":"https:\/\/www.radiolimari.cl\/index.php?rest_route=\/wp\/v2\/users\/2"}],"replies":[{"embeddable":true,"href":"https:\/\/www.radiolimari.cl\/index.php?rest_route=%2Fwp%2Fv2%2Fcomments&post=8449"}],"version-history":[{"count":1,"href":"https:\/\/www.radiolimari.cl\/index.php?rest_route=\/wp\/v2\/posts\/8449\/revisions"}],"predecessor-version":[{"id":8451,"href":"https:\/\/www.radiolimari.cl\/index.php?rest_route=\/wp\/v2\/posts\/8449\/revisions\/8451"}],"wp:featuredmedia":[{"embeddable":true,"href":"https:\/\/www.radiolimari.cl\/index.php?rest_route=\/wp\/v2\/media\/8450"}],"wp:attachment":[{"href":"https:\/\/www.radiolimari.cl\/index.php?rest_route=%2Fwp%2Fv2%2Fmedia&parent=8449"}],"wp:term":[{"taxonomy":"category","embeddable":true,"href":"https:\/\/www.radiolimari.cl\/index.php?rest_route=%2Fwp%2Fv2%2Fcategories&post=8449"},{"taxonomy":"post_tag","embeddable":true,"href":"https:\/\/www.radiolimari.cl\/index.php?rest_route=%2Fwp%2Fv2%2Ftags&post=8449"}],"curies":[{"name":"wp","href":"https:\/\/api.w.org\/{rel}","templated":true}]}}