{"id":8446,"date":"2023-02-06T22:21:29","date_gmt":"2023-02-06T22:21:29","guid":{"rendered":"https:\/\/www.radiolimari.cl\/?p=8446"},"modified":"2023-02-06T22:21:29","modified_gmt":"2023-02-06T22:21:29","slug":"aguas-del-valle-ola-de-calor-en-la-region-de-coquimbo-aumentaria-el-consumo-de-agua-potable-en-un-6","status":"publish","type":"post","link":"https:\/\/www.radiolimari.cl\/?p=8446","title":{"rendered":"<strong>Aguas del Valle: Ola de calor en la regi\u00f3n de Coquimbo aumentar\u00eda el consumo de agua potable en un 6%<\/strong>"},"content":{"rendered":"\n<figure class=\"wp-block-image size-large is-resized\"><a href=\"https:\/\/www.radiolimari.cl\/wp-content\/uploads\/2023\/02\/WhatsApp-Image-2023-02-06-at-1.14.09-PM.jpeg\"><img fetchpriority=\"high\" decoding=\"async\" src=\"https:\/\/www.radiolimari.cl\/wp-content\/uploads\/2023\/02\/WhatsApp-Image-2023-02-06-at-1.14.09-PM-1024x768.jpeg\" alt=\"\" class=\"wp-image-8447\" width=\"384\" height=\"288\" srcset=\"https:\/\/www.radiolimari.cl\/wp-content\/uploads\/2023\/02\/WhatsApp-Image-2023-02-06-at-1.14.09-PM-1024x768.jpeg 1024w, https:\/\/www.radiolimari.cl\/wp-content\/uploads\/2023\/02\/WhatsApp-Image-2023-02-06-at-1.14.09-PM-300x225.jpeg 300w, https:\/\/www.radiolimari.cl\/wp-content\/uploads\/2023\/02\/WhatsApp-Image-2023-02-06-at-1.14.09-PM-768x576.jpeg 768w, https:\/\/www.radiolimari.cl\/wp-content\/uploads\/2023\/02\/WhatsApp-Image-2023-02-06-at-1.14.09-PM-1536x1152.jpeg 1536w, https:\/\/www.radiolimari.cl\/wp-content\/uploads\/2023\/02\/WhatsApp-Image-2023-02-06-at-1.14.09-PM.jpeg 1600w\" sizes=\"(max-width: 384px) 100vw, 384px\" \/><\/a><figcaption class=\"wp-element-caption\"><strong>Se pronostica que en algunas zonas de la regi\u00f3n se podr\u00edan alcanzar temperaturas de 33\u00b0C <\/strong><\/figcaption><\/figure>\n\n\n\n<p>Durante la temporada estival, el consumo de agua tiende a aumentar, y la Direcci\u00f3n Meteorol\u00f3gica de Chile (DMC) emiti\u00f3 una alerta temprana preventiva por las altas temperaturas, que afectar\u00e1n a los sectores de la precordillera y valles precordilleranos de la regi\u00f3n de Coquimbo, que incluye a las comunas de Vicu\u00f1a, La Higuera, Paihuano, Rio Hurtado, Monte Patria, Ovalle, Combarbal\u00e1, Canela Illapel, y Salamanca.<\/p>\n\n\n\n<p>El gerente regional de Aguas del Valle, Andr\u00e9s Nazer, explica que en la regi\u00f3n \u201cse espera que, con este aumento de temperatura, el consumo del agua potable tambi\u00e9n se incremente en aproximadamente 6%, lo que significa que nuestros sistemas tienen que producir 130 litros extra por segundos a los de un d\u00eda promedio, para poder cubrir la demanda de nuestros clientes\u201d.<\/p>\n\n\n\n<p>Seg\u00fan el balance h\u00eddrico de Aguas del Vale, la temporada 2022 finaliz\u00f3 con un d\u00e9ficit de agua ca\u00edda del 25% para la comuna de Illapel y la cantidad de agua embalsada solo suma un 20% de la capacidad de acumulaci\u00f3n de la regi\u00f3n. En cuanto a la nieve en la estaci\u00f3n Vega Negra, se registr\u00f3 un d\u00e9ficit del -95,5% respecto del promedio hist\u00f3rico, con 17 mm en total.<\/p>\n\n\n\n<p>\u201cNecesitamos un compromiso de todos para un consumo responsable del recurso h\u00eddrico. Como empresa, hemos desplegado todos nuestros esfuerzos para poder mantener la continuidad del servicio durante la \u00e9poca estival y as\u00ed garantizar el acceso al agua potable a todos nuestros clientes\u201d, a\u00f1adi\u00f3 el ejecutivo.<\/p>\n\n\n\n<p><strong>Consejos para seguir en casa<\/strong><\/p>\n\n\n\n<p>Si bien en estas fechas la hidrataci\u00f3n es fundamental y el llamado es a beber al menos 2 litros de agua al d\u00eda, existen otras acciones que podemos realizar en nuestros hogares para tener un uso m\u00e1s eficiente del recurso h\u00eddrico:<\/p>\n\n\n\n<ul class=\"wp-block-list\">\n<li>Evite regar entre las 10:00 y las 20:00 horas (para prevenir la evaporaci\u00f3n por el calor) y reutilice el agua de cocci\u00f3n y remojo para regar las plantas.<\/li>\n\n\n\n<li>Cierre la llave del agua mientras se cepilla los dientes o se afeita. De esta manera ahorrar\u00e1 unos 12 litros de agua por minuto.<\/li>\n\n\n\n<li>Grad\u00fae la apertura de la llave a lo que necesita, abrirla completamente es innecesario.<\/li>\n\n\n\n<li>Tome duchas breves y cierre la llave mientras se jabona o aplica champ\u00fa. Ahorrar\u00e1 120 litros en promedio cada vez.<\/li>\n\n\n\n<li>Limpie los filtros de su grifer\u00eda una vez al a\u00f1o.<\/li>\n\n\n\n<li>Arregle todas las llaves que goteen, puede ahorrarse hasta 180 litros.<\/li>\n<\/ul>\n","protected":false},"excerpt":{"rendered":"<p>Durante la temporada estival, el consumo de agua tiende a aumentar, y la Direcci\u00f3n Meteorol\u00f3gica de Chile (DMC) emiti\u00f3 una alerta temprana preventiva por las altas temperaturas, que afectar\u00e1n a los sectores de la precordillera y valles precordilleranos de la regi\u00f3n de Coquimbo, que incluye a las comunas de Vicu\u00f1a, La Higuera, Paihuano, Rio Hurtado, &#8230;<\/p>\n","protected":false},"author":2,"featured_media":8447,"comment_status":"open","ping_status":"open","sticky":false,"template":"","format":"standard","meta":{"footnotes":""},"categories":[6],"tags":[],"class_list":["post-8446","post","type-post","status-publish","format-standard","has-post-thumbnail","hentry","category-regionales"],"_links":{"self":[{"href":"https:\/\/www.radiolimari.cl\/index.php?rest_route=\/wp\/v2\/posts\/8446","targetHints":{"allow":["GET"]}}],"collection":[{"href":"https:\/\/www.radiolimari.cl\/index.php?rest_route=\/wp\/v2\/posts"}],"about":[{"href":"https:\/\/www.radiolimari.cl\/index.php?rest_route=\/wp\/v2\/types\/post"}],"author":[{"embeddable":true,"href":"https:\/\/www.radiolimari.cl\/index.php?rest_route=\/wp\/v2\/users\/2"}],"replies":[{"embeddable":true,"href":"https:\/\/www.radiolimari.cl\/index.php?rest_route=%2Fwp%2Fv2%2Fcomments&post=8446"}],"version-history":[{"count":1,"href":"https:\/\/www.radiolimari.cl\/index.php?rest_route=\/wp\/v2\/posts\/8446\/revisions"}],"predecessor-version":[{"id":8448,"href":"https:\/\/www.radiolimari.cl\/index.php?rest_route=\/wp\/v2\/posts\/8446\/revisions\/8448"}],"wp:featuredmedia":[{"embeddable":true,"href":"https:\/\/www.radiolimari.cl\/index.php?rest_route=\/wp\/v2\/media\/8447"}],"wp:attachment":[{"href":"https:\/\/www.radiolimari.cl\/index.php?rest_route=%2Fwp%2Fv2%2Fmedia&parent=8446"}],"wp:term":[{"taxonomy":"category","embeddable":true,"href":"https:\/\/www.radiolimari.cl\/index.php?rest_route=%2Fwp%2Fv2%2Fcategories&post=8446"},{"taxonomy":"post_tag","embeddable":true,"href":"https:\/\/www.radiolimari.cl\/index.php?rest_route=%2Fwp%2Fv2%2Ftags&post=8446"}],"curies":[{"name":"wp","href":"https:\/\/api.w.org\/{rel}","templated":true}]}}