{"id":8443,"date":"2023-02-06T22:04:58","date_gmt":"2023-02-06T22:04:58","guid":{"rendered":"https:\/\/www.radiolimari.cl\/?p=8443"},"modified":"2023-02-06T22:05:00","modified_gmt":"2023-02-06T22:05:00","slug":"agrupacion-mixeadas-realizo-intervencion-artistica-en-diferentes-calles-de-monte-patria","status":"publish","type":"post","link":"https:\/\/www.radiolimari.cl\/?p=8443","title":{"rendered":"<strong>Agrupaci\u00f3n Mixeadas realiz\u00f3 intervenci\u00f3n art\u00edstica en diferentes calles de Monte Patria<\/strong>"},"content":{"rendered":"\n<figure class=\"wp-block-image size-large\"><a href=\"https:\/\/www.radiolimari.cl\/wp-content\/uploads\/2023\/02\/IMG_6696.jpg\"><img fetchpriority=\"high\" decoding=\"async\" width=\"1024\" height=\"768\" src=\"https:\/\/www.radiolimari.cl\/wp-content\/uploads\/2023\/02\/IMG_6696-1024x768.jpg\" alt=\"\" class=\"wp-image-8444\" srcset=\"https:\/\/www.radiolimari.cl\/wp-content\/uploads\/2023\/02\/IMG_6696-1024x768.jpg 1024w, https:\/\/www.radiolimari.cl\/wp-content\/uploads\/2023\/02\/IMG_6696-300x225.jpg 300w, https:\/\/www.radiolimari.cl\/wp-content\/uploads\/2023\/02\/IMG_6696-768x576.jpg 768w, https:\/\/www.radiolimari.cl\/wp-content\/uploads\/2023\/02\/IMG_6696-1536x1152.jpg 1536w, https:\/\/www.radiolimari.cl\/wp-content\/uploads\/2023\/02\/IMG_6696.jpg 1600w\" sizes=\"(max-width: 1024px) 100vw, 1024px\" \/><\/a><figcaption class=\"wp-element-caption\"><strong><em>El colectivo, que trabaj\u00f3 en coordinaci\u00f3n con la Oficina de la Mujer y Juventud de la municipalidad de Monte Patria, congreg\u00f3 a artistas de todo Chile que llenaron de color las murallas de la ciudad. <\/em><\/strong> <\/figcaption><\/figure>\n\n\n\n<p>Un grupo de mujeres realizaron intervenciones art\u00edsticas en diferentes muros de la ciudad este pasado fin de semana en la comuna. El encuentro organizado por Mixeadas, colectivo art\u00edstico nacido en la regi\u00f3n de Coquimbo y que busca a trav\u00e9s del arte del grafiti y la pintura, expresar tem\u00e1ticas de \u00edndole urbano y social, llenaron de colores las paredes de las principales calles de la comuna de Monte Patria.<\/p>\n\n\n\n<p>La agrupaci\u00f3n, que volvi\u00f3 el a\u00f1o pasado tras un receso producto de la pandemia, convoc\u00f3 a m\u00e1s de 50 mujeres y disidencias tanto del pa\u00eds como del extranjero, quienes trabajaron durante el s\u00e1bado y domingo en distintos puntos de Monte Patria, interviniendo las murallas que estaban desprovistas de color y abandonadas por el tiempo, llamando la atenci\u00f3n de transe\u00fantes que caminaban por el sector.<\/p>\n\n\n\n<p>Para Nicole, una de las organizadoras del colectivo, este tipo de intervenci\u00f3n de arte callejero es una forma de expresi\u00f3n cultural, debido a que \u201c<strong>es algo s\u00faper importante venir a intervenir en lugares que quiz<\/strong><strong>\u00e1<\/strong><strong>s no conocen un poco lo que es el grafiti o el arte urbano en&nbsp;<\/strong><strong>encuentros masivos. Si bien en Monte patria tambi<\/strong><strong>\u00e9<\/strong><strong>n tiene intervenciones de arte urbano, ac\u00e1 <\/strong><strong>queremos visibilizar el trabajo de mujeres y disidencias\u201d<\/strong>, indic\u00f3.<\/p>\n\n\n\n<p>La iniciativa, que se coordin\u00f3 con las Oficinas de la Mujer y Juventud de la Municipalidad de Monte Patria permiti\u00f3 darle vida a estos espacios que son de afluencia p\u00fablica, adem\u00e1s de generar un intercambio cultural y compartir el arte procedente de diferentes lugares, as\u00ed como tambi\u00e9n que las invitadas conocieran los aspectos culturales&nbsp; de la zona.&nbsp;<\/p>\n\n\n\n<p>Por su parte, el alcalde de la comuna, Cristian Herrera, destac\u00f3 la labor que realiz\u00f3 este grupo en la ciudad. <strong>\u201cPara nosotros significa hermosear espacios p<\/strong><strong>\u00fa<\/strong><strong>blicos, incluso, dependencias municipales que estaban muy apagadas, muy opacas y que con su arte traen vida a este espacio. Estamos muy contentos, porque es un grupo grande que se coordin\u00f3 <\/strong><strong>con la Oficina de la Mujer y la Oficina de la Juventud y nos ha permitido darle vida estos espacios\u201d, se\u00f1al\u00f3<\/strong><\/p>\n\n\n\n<p>En esa misma l\u00ednea, la m\u00e1xima autoridad comunal se refiri\u00f3 a que esta actividad pueda crear motivaci\u00f3n para los artistas locales.<strong> Esperamos que estas expresiones de arte urbano sean semilla para que tambi<\/strong><strong>\u00e9<\/strong><strong>n pintores de nuestra comuna puedan adquirir estas t<\/strong><strong>\u00e9<\/strong><strong>cnicas<\/strong><strong> y conocimientos para seguir pintando en otros espacios que siguen estando disponibles con la finalidad de expresar y transmitir a trav\u00e9s de estas pinturas\u201d, precis\u00f3.<\/strong><\/p>\n\n\n\n<p>Cabe destacar que este grupo seguir\u00e1 recorriendo otras comunas de la regi\u00f3n, plasmando el arte callejero y expresiones culturales en los muros de diferentes localidades.&nbsp;&nbsp;&nbsp;&nbsp;&nbsp;&nbsp;<\/p>\n","protected":false},"excerpt":{"rendered":"<p>Un grupo de mujeres realizaron intervenciones art\u00edsticas en diferentes muros de la ciudad este pasado fin de semana en la comuna. El encuentro organizado por Mixeadas, colectivo art\u00edstico nacido en la regi\u00f3n de Coquimbo y que busca a trav\u00e9s del arte del grafiti y la pintura, expresar tem\u00e1ticas de \u00edndole urbano y social, llenaron de &#8230;<\/p>\n","protected":false},"author":2,"featured_media":8444,"comment_status":"open","ping_status":"open","sticky":false,"template":"","format":"standard","meta":{"footnotes":""},"categories":[5],"tags":[],"class_list":["post-8443","post","type-post","status-publish","format-standard","has-post-thumbnail","hentry","category-actualidad-limarina"],"_links":{"self":[{"href":"https:\/\/www.radiolimari.cl\/index.php?rest_route=\/wp\/v2\/posts\/8443","targetHints":{"allow":["GET"]}}],"collection":[{"href":"https:\/\/www.radiolimari.cl\/index.php?rest_route=\/wp\/v2\/posts"}],"about":[{"href":"https:\/\/www.radiolimari.cl\/index.php?rest_route=\/wp\/v2\/types\/post"}],"author":[{"embeddable":true,"href":"https:\/\/www.radiolimari.cl\/index.php?rest_route=\/wp\/v2\/users\/2"}],"replies":[{"embeddable":true,"href":"https:\/\/www.radiolimari.cl\/index.php?rest_route=%2Fwp%2Fv2%2Fcomments&post=8443"}],"version-history":[{"count":1,"href":"https:\/\/www.radiolimari.cl\/index.php?rest_route=\/wp\/v2\/posts\/8443\/revisions"}],"predecessor-version":[{"id":8445,"href":"https:\/\/www.radiolimari.cl\/index.php?rest_route=\/wp\/v2\/posts\/8443\/revisions\/8445"}],"wp:featuredmedia":[{"embeddable":true,"href":"https:\/\/www.radiolimari.cl\/index.php?rest_route=\/wp\/v2\/media\/8444"}],"wp:attachment":[{"href":"https:\/\/www.radiolimari.cl\/index.php?rest_route=%2Fwp%2Fv2%2Fmedia&parent=8443"}],"wp:term":[{"taxonomy":"category","embeddable":true,"href":"https:\/\/www.radiolimari.cl\/index.php?rest_route=%2Fwp%2Fv2%2Fcategories&post=8443"},{"taxonomy":"post_tag","embeddable":true,"href":"https:\/\/www.radiolimari.cl\/index.php?rest_route=%2Fwp%2Fv2%2Ftags&post=8443"}],"curies":[{"name":"wp","href":"https:\/\/api.w.org\/{rel}","templated":true}]}}