{"id":8438,"date":"2023-02-06T12:07:46","date_gmt":"2023-02-06T12:07:46","guid":{"rendered":"https:\/\/www.radiolimari.cl\/?p=8438"},"modified":"2023-02-06T12:20:07","modified_gmt":"2023-02-06T12:20:07","slug":"apr-las-ramadas-pejerreyes-contara-con-su-propia-sede-social","status":"publish","type":"post","link":"https:\/\/www.radiolimari.cl\/?p=8438","title":{"rendered":"En Monte Patria APR Las Ramadas-Pejerreyes de Tulahu\u00e9n contar\u00e1 con su propia sede social"},"content":{"rendered":"\n<figure class=\"wp-block-image size-full\"><a href=\"https:\/\/www.radiolimari.cl\/wp-content\/uploads\/2023\/02\/APR-Las-Ramadas-PEJERREYES-NUEVA-SEDE-SOCIAL.jpeg\"><img fetchpriority=\"high\" decoding=\"async\" width=\"1024\" height=\"684\" src=\"https:\/\/www.radiolimari.cl\/wp-content\/uploads\/2023\/02\/APR-Las-Ramadas-PEJERREYES-NUEVA-SEDE-SOCIAL.jpeg\" alt=\"\" class=\"wp-image-8439\" srcset=\"https:\/\/www.radiolimari.cl\/wp-content\/uploads\/2023\/02\/APR-Las-Ramadas-PEJERREYES-NUEVA-SEDE-SOCIAL.jpeg 1024w, https:\/\/www.radiolimari.cl\/wp-content\/uploads\/2023\/02\/APR-Las-Ramadas-PEJERREYES-NUEVA-SEDE-SOCIAL-300x200.jpeg 300w, https:\/\/www.radiolimari.cl\/wp-content\/uploads\/2023\/02\/APR-Las-Ramadas-PEJERREYES-NUEVA-SEDE-SOCIAL-768x513.jpeg 768w\" sizes=\"(max-width: 1024px) 100vw, 1024px\" \/><\/a><figcaption class=\"wp-element-caption\"><strong><em>Con el financiamiento entregado por el Gobierno de Chile se podr\u00e1 dar soluci\u00f3n a&nbsp; una sentida necesidad para los vecinos de estas localidades precordilleranas <\/em><\/strong><\/figcaption><\/figure>\n\n\n\n<p>M\u00e1s de 26 millones de pesos se adjudic\u00f3 la Asociaci\u00f3n de Agua Potable Rural Las Ramadas-Pejerreyes de la comuna de Monte Patria. Esto gracias al Fondo Social Presidente de la Rep\u00fablica que gestiona la Delegaci\u00f3n Presidencial Provincial de Limar\u00ed y que, en este caso, permitir\u00e1 al APR construir su sede social y contar por primera vez&nbsp; con un lugar propio para realizar sus reuniones, gestiones conjuntas y actividades.<\/p>\n\n\n\n<p>\u201cEsto va en la l\u00ednea de lo que queremos como Gobierno, fortalecer el tejido social, que las personas puedan reunirse y tengan espacios donde puedan hacer su vida c\u00edvica. Especialmente para temas tan sensibles para nuestra provincia, como lo son los relacionados con el agua, como en este APR donde se trabaja para llevar el agua a las casas. Adem\u00e1s, como Gobierno queremos propiciar que la gente se mantenga en sus territorios y no migre a otros lugares por falta de agua, por lo que esperamos que con esta nueva sede puedan mejorar su gesti\u00f3n y seguir ac\u00e1\u201d, se\u00f1al\u00f3 al respecto el Delegado Presidencial Provincial de Limar\u00ed, Galo Luna Penna.<\/p>\n\n\n\n<p>Un apoyo fundamental para la concreci\u00f3n de estos recursos, es el generado por la municipalidad de Monte Patria, quienes entregaron la informaci\u00f3n y orientaci\u00f3n necesarias para concretar esta ayuda&nbsp; \u201cLas Ramadas de Tulahu\u00e9n es una de las \u00faltimas localidades, de las m\u00e1s alejadas y llegar hasta este sector con recursos para una sede no es una noticia que se d\u00e9 todos los d\u00edas, cuesta que el estado invierta en sectores tan apartados y este cheque que va a permitir construir la sede permite satisfacer una necesidad del APR para que puedan reunirse y gestionar mejor sus actividades\u201d, se\u00f1al\u00f3 el alcalde de Monte Patria, Cristian Herrera que desde el municipio realizaron orientaciones para la postulaci\u00f3n al proyecto.<\/p>\n\n\n\n<p>Este APR extrae agua de un pozo comunitario para ser distribuida a las y los habitantes del sector Las Ramadas y Pejerreyes. Las socias y social del APR se dedican exclusivamente a labores agr\u00edcolas, agricultura familiar campesina y crianceros.<\/p>\n\n\n\n<p>Julio Cort\u00e9s presidente del APR Las Ramadas-Pejerreyes&nbsp; indic\u00f3 que \u201cestos fondos se postularon hace un a\u00f1o a&nbsp; trav\u00e9s de la directiva y estamos recibiendo este cheque para la construcci\u00f3n de una sede y bodegas. Anteriormente nos ten\u00edamos que conseguir alg\u00fan lugar para reunirnos, \u00edbamos d\u00e1ndonos vuelta en distintas sedes lo que era muy inc\u00f3modo, por eso es muy importante que ahora podamos contar con nuestro espacio.\u201d<\/p>\n","protected":false},"excerpt":{"rendered":"<p>M\u00e1s de 26 millones de pesos se adjudic\u00f3 la Asociaci\u00f3n de Agua Potable Rural Las Ramadas-Pejerreyes de la comuna de Monte Patria. Esto gracias al Fondo Social Presidente de la Rep\u00fablica que gestiona la Delegaci\u00f3n Presidencial Provincial de Limar\u00ed y que, en este caso, permitir\u00e1 al APR construir su sede social y contar por primera &#8230;<\/p>\n","protected":false},"author":2,"featured_media":8439,"comment_status":"open","ping_status":"open","sticky":false,"template":"","format":"standard","meta":{"footnotes":""},"categories":[5],"tags":[],"class_list":["post-8438","post","type-post","status-publish","format-standard","has-post-thumbnail","hentry","category-actualidad-limarina"],"_links":{"self":[{"href":"https:\/\/www.radiolimari.cl\/index.php?rest_route=\/wp\/v2\/posts\/8438","targetHints":{"allow":["GET"]}}],"collection":[{"href":"https:\/\/www.radiolimari.cl\/index.php?rest_route=\/wp\/v2\/posts"}],"about":[{"href":"https:\/\/www.radiolimari.cl\/index.php?rest_route=\/wp\/v2\/types\/post"}],"author":[{"embeddable":true,"href":"https:\/\/www.radiolimari.cl\/index.php?rest_route=\/wp\/v2\/users\/2"}],"replies":[{"embeddable":true,"href":"https:\/\/www.radiolimari.cl\/index.php?rest_route=%2Fwp%2Fv2%2Fcomments&post=8438"}],"version-history":[{"count":2,"href":"https:\/\/www.radiolimari.cl\/index.php?rest_route=\/wp\/v2\/posts\/8438\/revisions"}],"predecessor-version":[{"id":8442,"href":"https:\/\/www.radiolimari.cl\/index.php?rest_route=\/wp\/v2\/posts\/8438\/revisions\/8442"}],"wp:featuredmedia":[{"embeddable":true,"href":"https:\/\/www.radiolimari.cl\/index.php?rest_route=\/wp\/v2\/media\/8439"}],"wp:attachment":[{"href":"https:\/\/www.radiolimari.cl\/index.php?rest_route=%2Fwp%2Fv2%2Fmedia&parent=8438"}],"wp:term":[{"taxonomy":"category","embeddable":true,"href":"https:\/\/www.radiolimari.cl\/index.php?rest_route=%2Fwp%2Fv2%2Fcategories&post=8438"},{"taxonomy":"post_tag","embeddable":true,"href":"https:\/\/www.radiolimari.cl\/index.php?rest_route=%2Fwp%2Fv2%2Ftags&post=8438"}],"curies":[{"name":"wp","href":"https:\/\/api.w.org\/{rel}","templated":true}]}}