{"id":8432,"date":"2023-02-02T21:24:58","date_gmt":"2023-02-02T21:24:58","guid":{"rendered":"https:\/\/www.radiolimari.cl\/?p=8432"},"modified":"2023-02-02T21:24:58","modified_gmt":"2023-02-02T21:24:58","slug":"en-coquimbo-celebran-y-conmemoran-dia-internacional-de-los-humedales","status":"publish","type":"post","link":"https:\/\/www.radiolimari.cl\/?p=8432","title":{"rendered":"<strong>En Coquimbo celebran y conmemoran D\u00eda Internacional de los Humedales<\/strong>"},"content":{"rendered":"\n<figure class=\"wp-block-image size-large\"><a href=\"https:\/\/www.radiolimari.cl\/wp-content\/uploads\/2023\/02\/20230202_130850-scaled.jpg\"><img fetchpriority=\"high\" decoding=\"async\" width=\"1024\" height=\"768\" src=\"https:\/\/www.radiolimari.cl\/wp-content\/uploads\/2023\/02\/20230202_130850-1024x768.jpg\" alt=\"\" class=\"wp-image-8433\" srcset=\"https:\/\/www.radiolimari.cl\/wp-content\/uploads\/2023\/02\/20230202_130850-1024x768.jpg 1024w, https:\/\/www.radiolimari.cl\/wp-content\/uploads\/2023\/02\/20230202_130850-300x225.jpg 300w, https:\/\/www.radiolimari.cl\/wp-content\/uploads\/2023\/02\/20230202_130850-768x576.jpg 768w, https:\/\/www.radiolimari.cl\/wp-content\/uploads\/2023\/02\/20230202_130850-1536x1152.jpg 1536w, https:\/\/www.radiolimari.cl\/wp-content\/uploads\/2023\/02\/20230202_130850-2048x1536.jpg 2048w\" sizes=\"(max-width: 1024px) 100vw, 1024px\" \/><\/a><figcaption class=\"wp-element-caption\"><em>En el humedal El Culebr\u00f3n de coquimbo se reunieron autoridades, vecinos y turistas<\/em> <\/figcaption><\/figure>\n\n\n\n<p>Declarar Humedal Urbano a El Culebr\u00f3n de Coquimbo fue la petici\u00f3n que hizo la Gobernara Regional, Krist Naranjo al alcalde Coquimbo, Ali Manouchehri. La solicitud se efectu\u00f3 durante la visita que ambas autoridades realizaron a El Culebr\u00f3n para celebrar el D\u00eda Internacional de los Humedales<\/p>\n\n\n\n<p>Hay que destacar, que la Ley N\u00b021.202 de Humedales Urbanos tiene por objetivo asegurar la protecci\u00f3n de los humedales que se encuentren total o parcialmente dentro del radio urbano, declarados por el Ministerio del Medio Ambiente a trav\u00e9s de oficio o a petici\u00f3n de los Municipios.&nbsp;<\/p>\n\n\n\n<p>En el Humedal El Culebr\u00f3n est\u00e1 inserto dentro de la ciudad de Coquimbo y concentra 83 especies de aves, que corresponde al 18% de la avifauna nacional. Tambi\u00e9n en el verano se re\u00fanen otros 24 tipos de aves migratorias, como la Gaviota de Franklin que tiene como lugar favorito para el descanso a la Bah\u00eda de Coquimbo.<\/p>\n\n\n\n<p>La Gobernadora, Krist Naranjo se refiri\u00f3 a la significancia que este ecosistema pueda ser declarado Humedal Urbano, <strong>\u201cla intenci\u00f3n es solicitarle al alcalde de poder declarar humedal urbano a El Culebr\u00f3n en su completo per\u00edmetro. Esto es muy importante, ha sido solicitud de la comunidad reiteradas veces y de asociaciones ambientalistas. Queremos que se avance en su protecci\u00f3n para tener un manejo adecuado de este sector considerando que debemos cuidar estos lugares para las futuras generaciones\u201d<\/strong><\/p>\n\n\n\n<p>Por su parte, el alcalde, Ali Manouchehri, reiter\u00f3 su compromiso con el humedal y medio ambiente, <strong>\u201ctenemos la presencia alrededor de 8 humedales en la comuna de Coquimbo, este tiene una particularidad especial que se encuentra inserto en el casco urbano donde habitan muchas perdonas (\u2026) nosotros consideramos la voluntad de la Gobernadora, sin duda nos alienta a que podamos seguir impulsando los planes de manejo\u201d<\/strong><\/p>\n\n\n\n<p>Respecto a la participaci\u00f3n de la Gobernadora, el jefe comunal, agreg\u00f3, \u201c<strong>muestra la gran intenci\u00f3n que tiene la Gobernadora de trabajar en la protecci\u00f3n de estos espacios, vamos a trabajar en conjunto algunas l\u00edneas de proyecto que podamos ir levantando para poder poner sobre valor un lugar tan importante para Coquimbo\u201d<\/strong><\/p>\n\n\n\n<p>Finalmente, Oscar Alcayaga vecino de Coquimbo, quien lleg\u00f3 hasta el Humedal junto a su familia para conocerlo y hacer un recorrido, se\u00f1al\u00f3 que la educaci\u00f3n s primordial para hacer conciencia sobre el cuidado del medio ambiente, \u201cl<strong>a educaci\u00f3n ambiental es importante para todos nosotros. El com\u00fan de la gente conozca lo que es flora y fauna y se enriquezca de lo que nos entrega nuestra regi\u00f3n. Hay que valorarlo y eso se hace educando desde la base como en los jardines y colegios\u201d, <\/strong>cerr\u00f3<\/p>\n","protected":false},"excerpt":{"rendered":"<p>Declarar Humedal Urbano a El Culebr\u00f3n de Coquimbo fue la petici\u00f3n que hizo la Gobernara Regional, Krist Naranjo al alcalde Coquimbo, Ali Manouchehri. La solicitud se efectu\u00f3 durante la visita que ambas autoridades realizaron a El Culebr\u00f3n para celebrar el D\u00eda Internacional de los Humedales Hay que destacar, que la Ley N\u00b021.202 de Humedales Urbanos &#8230;<\/p>\n","protected":false},"author":2,"featured_media":8433,"comment_status":"open","ping_status":"open","sticky":false,"template":"","format":"standard","meta":{"footnotes":""},"categories":[6],"tags":[],"class_list":["post-8432","post","type-post","status-publish","format-standard","has-post-thumbnail","hentry","category-regionales"],"_links":{"self":[{"href":"https:\/\/www.radiolimari.cl\/index.php?rest_route=\/wp\/v2\/posts\/8432","targetHints":{"allow":["GET"]}}],"collection":[{"href":"https:\/\/www.radiolimari.cl\/index.php?rest_route=\/wp\/v2\/posts"}],"about":[{"href":"https:\/\/www.radiolimari.cl\/index.php?rest_route=\/wp\/v2\/types\/post"}],"author":[{"embeddable":true,"href":"https:\/\/www.radiolimari.cl\/index.php?rest_route=\/wp\/v2\/users\/2"}],"replies":[{"embeddable":true,"href":"https:\/\/www.radiolimari.cl\/index.php?rest_route=%2Fwp%2Fv2%2Fcomments&post=8432"}],"version-history":[{"count":1,"href":"https:\/\/www.radiolimari.cl\/index.php?rest_route=\/wp\/v2\/posts\/8432\/revisions"}],"predecessor-version":[{"id":8434,"href":"https:\/\/www.radiolimari.cl\/index.php?rest_route=\/wp\/v2\/posts\/8432\/revisions\/8434"}],"wp:featuredmedia":[{"embeddable":true,"href":"https:\/\/www.radiolimari.cl\/index.php?rest_route=\/wp\/v2\/media\/8433"}],"wp:attachment":[{"href":"https:\/\/www.radiolimari.cl\/index.php?rest_route=%2Fwp%2Fv2%2Fmedia&parent=8432"}],"wp:term":[{"taxonomy":"category","embeddable":true,"href":"https:\/\/www.radiolimari.cl\/index.php?rest_route=%2Fwp%2Fv2%2Fcategories&post=8432"},{"taxonomy":"post_tag","embeddable":true,"href":"https:\/\/www.radiolimari.cl\/index.php?rest_route=%2Fwp%2Fv2%2Ftags&post=8432"}],"curies":[{"name":"wp","href":"https:\/\/api.w.org\/{rel}","templated":true}]}}