{"id":8429,"date":"2023-02-02T13:52:49","date_gmt":"2023-02-02T13:52:49","guid":{"rendered":"https:\/\/www.radiolimari.cl\/?p=8429"},"modified":"2023-02-02T13:52:49","modified_gmt":"2023-02-02T13:52:49","slug":"seguridad-y-reactivacion-economica-definen-el-trabajo-del-gobierno-en-la-region","status":"publish","type":"post","link":"https:\/\/www.radiolimari.cl\/?p=8429","title":{"rendered":"<strong>Seguridad y reactivaci\u00f3n econ\u00f3mica definen el trabajo del Gobierno en la regi\u00f3n<\/strong>"},"content":{"rendered":"\n<figure class=\"wp-block-image size-large\"><a href=\"https:\/\/www.radiolimari.cl\/wp-content\/uploads\/2023\/02\/IMG-20230202-WA0007.jpg\"><img fetchpriority=\"high\" decoding=\"async\" width=\"1024\" height=\"576\" src=\"https:\/\/www.radiolimari.cl\/wp-content\/uploads\/2023\/02\/IMG-20230202-WA0007-1024x576.jpg\" alt=\"\" class=\"wp-image-8430\" srcset=\"https:\/\/www.radiolimari.cl\/wp-content\/uploads\/2023\/02\/IMG-20230202-WA0007-1024x576.jpg 1024w, https:\/\/www.radiolimari.cl\/wp-content\/uploads\/2023\/02\/IMG-20230202-WA0007-300x169.jpg 300w, https:\/\/www.radiolimari.cl\/wp-content\/uploads\/2023\/02\/IMG-20230202-WA0007-768x432.jpg 768w, https:\/\/www.radiolimari.cl\/wp-content\/uploads\/2023\/02\/IMG-20230202-WA0007-1536x864.jpg 1536w, https:\/\/www.radiolimari.cl\/wp-content\/uploads\/2023\/02\/IMG-20230202-WA0007.jpg 1600w\" sizes=\"(max-width: 1024px) 100vw, 1024px\" \/><\/a><figcaption class=\"wp-element-caption\"><strong><em>Pronto a cumplir el primer a\u00f1o de la administraci\u00f3n del Presidente Gabriel Boric en el territorio, el Delegado Presidencial Rub\u00e9n Quezada y parte del gabinete detallaron los avances en la gesti\u00f3n y los desaf\u00edos en materia de seguridad, productividad y reformas. <\/em><\/strong><\/figcaption><\/figure>\n\n\n\n<p>A d\u00edas de cumplir 11 meses de Gobierno, el gabinete regional, en un nuevo comit\u00e9 pol\u00edtico, analiz\u00f3 los avances logrados durante el 2022 y la proyecci\u00f3n para este nuevo a\u00f1o con \u00e9nfasis en las principales preocupaciones de la ciudadan\u00eda: la seguridad y en la recuperaci\u00f3n econ\u00f3mica.<\/p>\n\n\n\n<p>El Delegado Presidencial Regional, Rub\u00e9n Quezada, evalu\u00f3 como positivas las iniciativas en persecuci\u00f3n y prevenci\u00f3n del delito que nacieron desde Presidencia y con pertinencia en cada territorio de las regiones, como el Plan Nacional de Seguridad P\u00fablica y el Consejo contra el crimen organizado, adem\u00e1s del apoyo a la labor policial.&nbsp; <strong>\u201cHemos generado avances, robusteciendo la labor y el equipamiento de nuestras polic\u00edas y mejorando los patrullajes. Han ingresado nuevos efectivos a Carabineros que llegan a superar una deuda hist\u00f3rica en cantidad y formaci\u00f3n, tenemos a los primeros que cuentan con dos a\u00f1os de instrucci\u00f3n para el ejercicio de sus funciones. Esto nos permite enfrentar el 2023 en mejores condiciones a las que ten\u00edamos cuando recibimos el Gobierno\u201d<\/strong>,se\u00f1al\u00f3 la autoridad.<\/p>\n\n\n\n<p>No hay duda que uno de las iniciativas que mejores resultados ha tenido en la zona y con un gran respaldo ciudadano, ha sido el Plan de Recuperaci\u00f3n de Espacios P\u00fablicos, que se desarroll\u00f3 en los centros de La Serena y Coquimbo, plan que ya prepara avanzar hacia otros sectores.<\/p>\n\n\n\n<p><strong>\u201cValoramos el avance que tuvimos con una disminuci\u00f3n sobre el 40% en los delitos de mayor connotaci\u00f3n social en ambos centros. Seguiremos avanzando en la coproducci\u00f3n de seguridad con los municipios y potenciando la firma de los convenios del OS14 que permite a las comunas desarrollar patrullajes mixtos con Carabineros en veh\u00edculos financiados por la Subsecretar\u00eda\u201d <\/strong>se\u00f1al\u00f3 Mari\u00f3n Assis, Coordinadora Regional de Seguridad P\u00fablica,quien adem\u00e1s agradeci\u00f3 el compromiso de los municipios, ya que a la fecha solo resta una comuna por actualizar sus planes locales de seguridad.<\/p>\n\n\n\n<p><strong>Disminuci\u00f3n del desempleo y reactivaci\u00f3n econ\u00f3mica<\/strong><\/p>\n\n\n\n<p>Con buenas noticias parti\u00f3 este 2023&nbsp; con el super\u00e1vit fiscal que no se lograba en una d\u00e9cada y en materia de empleabilidad regional, con la s\u00e9ptima disminuci\u00f3n consecutiva del desempleo, llegando al 8,8%, seg\u00fan el reporte del INE. La proyecci\u00f3n ser\u00e1 que la agenda de productividad anunciada por el Presidente Gabriel Boric se fortalezca en rubros prioritarios de nuestra zona. \u201c<strong>Como es la construcci\u00f3n, por ejemplo, con los nuevos hospitales y el Plan de Emergencia Habitacional, donde habr\u00e1 una fuerte inversi\u00f3n que generar\u00e1 muchas oportunidades de empleo, para lo cual estamos generando capacitaciones para hombres y mujeres. Tambi\u00e9n fortalecer otras \u00e1reas a trav\u00e9s de innovaci\u00f3n tecnol\u00f3gica y desarrollo de industria manufacturera, como es el sector de la pesca, la pesca artesanal o la acuicultura\u201d <\/strong>indic\u00f3 la Seremi del Trabajo, Claudia Santander.<\/p>\n\n\n\n<p>Esencial para el Gobierno ser\u00e1 avanzar este a\u00f1o en las iniciativas pilares de esta administraci\u00f3n como lo son la reforma Tributaria,&nbsp; de Pensiones y de Salud, para las cuales se ha coordinado intensamente en acercarlas a la comunidad desde trabajadores hasta el mundo privado. <strong>\u201cTenemos una misi\u00f3n que es llevar adelante estas reformas con participaci\u00f3n ciudadana. Nos proponemos como gabinete poder llegar a&nbsp; las comunidades para saber lo que quieren y c\u00f3mo no est\u00e1n evaluando. En mi cartera, estamos a punto de presentar nuestra agenda regional de g\u00e9nero que se trabaj\u00f3 con encuentros territoriales con mujeres\u201d<\/strong>, se\u00f1al\u00f3 la Seremi de la Mujer y Equidad de G\u00e9nero, Mar\u00eda Fernanda Glaser.<\/p>\n\n\n\n<p><strong>Acuerdo por la seguridad<\/strong><\/p>\n\n\n\n<p>Adem\u00e1s el Delegado Presidencial Regional, valor\u00f3 el acuerdo nacional por la seguridad anunciado este martes por la Ministra de Interior y Seguridad P\u00fablica, Carolina Toh\u00e1, porque es transversal, involucra a las fuerzas pol\u00edticas y que <strong>\u201cpone \u00e9nfasis en los territorios, ya que est\u00e1 articulado con los municipios, y con los gobernadores y gobernadoras y esperamos que todos quienes quieran, se vayan sumando porque complementa medidas que son indispensables para entregar seguridad para todos y todas en nuestro pa\u00eds\u201d, <\/strong>se\u00f1al\u00f3 Rub\u00e9n Quezada.-<\/p>\n","protected":false},"excerpt":{"rendered":"<p>A d\u00edas de cumplir 11 meses de Gobierno, el gabinete regional, en un nuevo comit\u00e9 pol\u00edtico, analiz\u00f3 los avances logrados durante el 2022 y la proyecci\u00f3n para este nuevo a\u00f1o con \u00e9nfasis en las principales preocupaciones de la ciudadan\u00eda: la seguridad y en la recuperaci\u00f3n econ\u00f3mica. El Delegado Presidencial Regional, Rub\u00e9n Quezada, evalu\u00f3 como positivas &#8230;<\/p>\n","protected":false},"author":2,"featured_media":8430,"comment_status":"open","ping_status":"open","sticky":false,"template":"","format":"standard","meta":{"footnotes":""},"categories":[6],"tags":[],"class_list":["post-8429","post","type-post","status-publish","format-standard","has-post-thumbnail","hentry","category-regionales"],"_links":{"self":[{"href":"https:\/\/www.radiolimari.cl\/index.php?rest_route=\/wp\/v2\/posts\/8429","targetHints":{"allow":["GET"]}}],"collection":[{"href":"https:\/\/www.radiolimari.cl\/index.php?rest_route=\/wp\/v2\/posts"}],"about":[{"href":"https:\/\/www.radiolimari.cl\/index.php?rest_route=\/wp\/v2\/types\/post"}],"author":[{"embeddable":true,"href":"https:\/\/www.radiolimari.cl\/index.php?rest_route=\/wp\/v2\/users\/2"}],"replies":[{"embeddable":true,"href":"https:\/\/www.radiolimari.cl\/index.php?rest_route=%2Fwp%2Fv2%2Fcomments&post=8429"}],"version-history":[{"count":1,"href":"https:\/\/www.radiolimari.cl\/index.php?rest_route=\/wp\/v2\/posts\/8429\/revisions"}],"predecessor-version":[{"id":8431,"href":"https:\/\/www.radiolimari.cl\/index.php?rest_route=\/wp\/v2\/posts\/8429\/revisions\/8431"}],"wp:featuredmedia":[{"embeddable":true,"href":"https:\/\/www.radiolimari.cl\/index.php?rest_route=\/wp\/v2\/media\/8430"}],"wp:attachment":[{"href":"https:\/\/www.radiolimari.cl\/index.php?rest_route=%2Fwp%2Fv2%2Fmedia&parent=8429"}],"wp:term":[{"taxonomy":"category","embeddable":true,"href":"https:\/\/www.radiolimari.cl\/index.php?rest_route=%2Fwp%2Fv2%2Fcategories&post=8429"},{"taxonomy":"post_tag","embeddable":true,"href":"https:\/\/www.radiolimari.cl\/index.php?rest_route=%2Fwp%2Fv2%2Ftags&post=8429"}],"curies":[{"name":"wp","href":"https:\/\/api.w.org\/{rel}","templated":true}]}}