{"id":8426,"date":"2023-02-01T16:34:50","date_gmt":"2023-02-01T16:34:50","guid":{"rendered":"https:\/\/www.radiolimari.cl\/?p=8426"},"modified":"2023-02-01T16:34:51","modified_gmt":"2023-02-01T16:34:51","slug":"gobernadora-regional-de-coquimbo-se-defiende-y-desmiente-a-seremi-de-mineria","status":"publish","type":"post","link":"https:\/\/www.radiolimari.cl\/?p=8426","title":{"rendered":"Gobernadora regional de Coquimbo se defiende y desmiente a Seremi de Miner\u00eda"},"content":{"rendered":"\n<figure class=\"wp-block-image size-full\"><a href=\"https:\/\/www.radiolimari.cl\/wp-content\/uploads\/2023\/02\/1.2-gobernadora-regional.jpeg\"><img fetchpriority=\"high\" decoding=\"async\" width=\"750\" height=\"500\" src=\"https:\/\/www.radiolimari.cl\/wp-content\/uploads\/2023\/02\/1.2-gobernadora-regional.jpeg\" alt=\"\" class=\"wp-image-8427\" srcset=\"https:\/\/www.radiolimari.cl\/wp-content\/uploads\/2023\/02\/1.2-gobernadora-regional.jpeg 750w, https:\/\/www.radiolimari.cl\/wp-content\/uploads\/2023\/02\/1.2-gobernadora-regional-300x200.jpeg 300w\" sizes=\"(max-width: 750px) 100vw, 750px\" \/><\/a><\/figure>\n\n\n\n<p>Respecto a las declaraciones del presidente de la Asociaci\u00f3n Gremial Nacional de la Peque\u00f1a Miner\u00eda, se\u00f1or Rub\u00e9n Salinas en algunos medios de comunicaci\u00f3n regionales donde acusa que la Gobernadora Regional, Krist Naranjo \u00abno quiere entregar fondos para la contrataci\u00f3n de funcionarios de la seremi de Miner\u00eda\u00bb y por la manifestaci\u00f3n realizada por un grupo de peque\u00f1os mineros en el frontis del Gobierno Regional, se\u00f1alamos lo siguiente:<\/p>\n\n\n\n<ul class=\"wp-block-list\">\n<li>El Gobierno Regional por el momento, se ve impedido de traspasar recursos para \u201cfinanciar gastos en personal y en bienes y servicios de consumo de los servicios p\u00fablicos nacionales o regionales, de las municipalidades y de las instituciones de educaci\u00f3n superior\u201d, seg\u00fan lo estipula la Ley de Presupuestos a\u00f1o 2023 en el \u00edtem de Programas de Inversi\u00f3n Regional, glosa 08.<\/li>\n<\/ul>\n\n\n\n<ul class=\"wp-block-list\">\n<li>Durante el 2022 no se pudo generar convenios con la Secretar\u00eda Regional Ministerial de Miner\u00eda porque esta instituci\u00f3n no hab\u00eda rendido los recursos aportados desde el Fondo Nacional de Desarrollo Regional, en ese entonces, para el denominado \u201cFNDR Minero\u00bb<\/li>\n<\/ul>\n\n\n\n<ul class=\"wp-block-list\">\n<li>Tambi\u00e9n es importante se\u00f1alar que, durante enero del 2021, el Gobierno Regional se querell\u00f3 por Mal Uso de Fondos Fiscales contra quienes resulten responsables en la seremi de Miner\u00eda, periodo 2020.<\/li>\n<\/ul>\n\n\n\n<ul class=\"wp-block-list\">\n<li>Es importante se\u00f1alar que este es un problema de Estado donde la Subsecretar\u00eda de Miner\u00eda no se hace cargo del funcionamiento de las secretar\u00edas regionales, traspasando su responsabilidad a los gobiernos regionales.<\/li>\n<\/ul>\n\n\n\n<ul class=\"wp-block-list\">\n<li>Hay que consignar que, por gesti\u00f3n de la Gobernadora, Krist Naranjo, se han generado m\u00faltiples instancias para subsanar esta situaci\u00f3n. Una de ellas fue con ENAMI, a pesar de la negativa de la actual seremi de Miner\u00eda, Constanza Espinosa.<\/li>\n<\/ul>\n\n\n\n<ul class=\"wp-block-list\">\n<li>Hay que indicar que el Gobierno Regional busc\u00f3 alternativas de ejecutores del proyecto para apoyar y fortalecer a los propios peque\u00f1os mineros, por lo que se present\u00f3 la nueva propuesta, a trav\u00e9s de ENAMI, obteniendo su aprobaci\u00f3n t\u00e9cnica por parte de GORE, SUBDERE y DIPRES, pero fue observado por la Contralor\u00eda Regional de la Rep\u00fablica.<\/li>\n<\/ul>\n\n\n\n<ul class=\"wp-block-list\">\n<li>Posteriormente, hubo un pronunciamiento favorable de Contralor\u00eda respecto la entrega de fondos a instituciones que no han rendido. Por ello, se reingres\u00f3 la iniciativa a DIPLADE, cuya situaci\u00f3n fue analizada el viernes \u00faltimo con la seremi de Miner\u00eda, Constanza Espinosa, con la Divisi\u00f3n de Planificaci\u00f3n y Desarrollo, la Divisi\u00f3n de Fomento e Industrias y el consejero regional, Pedro Valencia, donde se est\u00e1 trabajando en la b\u00fasqueda de una soluci\u00f3n a un problema heredado.<\/li>\n<\/ul>\n\n\n\n<ul class=\"wp-block-list\">\n<li>Aclaramos que la Gobernadora Regional, Krist Naranjo lamenta la utilizaci\u00f3n pol\u00edtica de una situaci\u00f3n que no ha sido generada ni es de responsabilidad del Gobierno Regional<\/li>\n<\/ul>\n\n\n\n<ul class=\"wp-block-list\">\n<li>Reafirmamos, por \u00faltimo, que la Gobernadora, Krist Naranjo mantiene toda la disposici\u00f3n para apoyar el desarrollo sustentable de la peque\u00f1a miner\u00eda de la Regi\u00f3n de Coquimbo.<\/li>\n<\/ul>\n\n\n\n<ul class=\"wp-block-list\">\n<li>Por \u00faltimo, es importante consignar que a trav\u00e9s de la Divisi\u00f3n de Planificaci\u00f3n y Desarrollo Regional, se desarroll\u00f3 este martes 31 una reuni\u00f3n con dirigentes mineros para dialogar sobre sus demandas.<\/li>\n<\/ul>\n","protected":false},"excerpt":{"rendered":"<p>Respecto a las declaraciones del presidente de la Asociaci\u00f3n Gremial Nacional de la Peque\u00f1a Miner\u00eda, se\u00f1or Rub\u00e9n Salinas en algunos medios de comunicaci\u00f3n regionales donde acusa que la Gobernadora Regional, Krist Naranjo \u00abno quiere entregar fondos para la contrataci\u00f3n de funcionarios de la seremi de Miner\u00eda\u00bb y por la manifestaci\u00f3n realizada por un grupo de &#8230;<\/p>\n","protected":false},"author":2,"featured_media":8427,"comment_status":"open","ping_status":"open","sticky":false,"template":"","format":"standard","meta":{"footnotes":""},"categories":[6],"tags":[],"class_list":["post-8426","post","type-post","status-publish","format-standard","has-post-thumbnail","hentry","category-regionales"],"_links":{"self":[{"href":"https:\/\/www.radiolimari.cl\/index.php?rest_route=\/wp\/v2\/posts\/8426","targetHints":{"allow":["GET"]}}],"collection":[{"href":"https:\/\/www.radiolimari.cl\/index.php?rest_route=\/wp\/v2\/posts"}],"about":[{"href":"https:\/\/www.radiolimari.cl\/index.php?rest_route=\/wp\/v2\/types\/post"}],"author":[{"embeddable":true,"href":"https:\/\/www.radiolimari.cl\/index.php?rest_route=\/wp\/v2\/users\/2"}],"replies":[{"embeddable":true,"href":"https:\/\/www.radiolimari.cl\/index.php?rest_route=%2Fwp%2Fv2%2Fcomments&post=8426"}],"version-history":[{"count":1,"href":"https:\/\/www.radiolimari.cl\/index.php?rest_route=\/wp\/v2\/posts\/8426\/revisions"}],"predecessor-version":[{"id":8428,"href":"https:\/\/www.radiolimari.cl\/index.php?rest_route=\/wp\/v2\/posts\/8426\/revisions\/8428"}],"wp:featuredmedia":[{"embeddable":true,"href":"https:\/\/www.radiolimari.cl\/index.php?rest_route=\/wp\/v2\/media\/8427"}],"wp:attachment":[{"href":"https:\/\/www.radiolimari.cl\/index.php?rest_route=%2Fwp%2Fv2%2Fmedia&parent=8426"}],"wp:term":[{"taxonomy":"category","embeddable":true,"href":"https:\/\/www.radiolimari.cl\/index.php?rest_route=%2Fwp%2Fv2%2Fcategories&post=8426"},{"taxonomy":"post_tag","embeddable":true,"href":"https:\/\/www.radiolimari.cl\/index.php?rest_route=%2Fwp%2Fv2%2Ftags&post=8426"}],"curies":[{"name":"wp","href":"https:\/\/api.w.org\/{rel}","templated":true}]}}