{"id":8417,"date":"2023-01-27T00:32:57","date_gmt":"2023-01-27T00:32:57","guid":{"rendered":"https:\/\/www.radiolimari.cl\/?p=8417"},"modified":"2023-01-27T00:32:58","modified_gmt":"2023-01-27T00:32:58","slug":"gobernadora-regional-genera-intensa-agenda-en-la-higuera-para-abordar-plan-regulador-intercomunal-e-inversion-publica","status":"publish","type":"post","link":"https:\/\/www.radiolimari.cl\/?p=8417","title":{"rendered":"<strong>Gobernadora Regional genera intensa agenda en La Higuera para abordar Plan Regulador Intercomunal e inversi\u00f3n p\u00fablica<\/strong>"},"content":{"rendered":"\n<figure class=\"wp-block-image size-large is-resized\"><a href=\"https:\/\/www.radiolimari.cl\/wp-content\/uploads\/2023\/01\/IMG-20230126-WA0108.jpg\"><img fetchpriority=\"high\" decoding=\"async\" src=\"https:\/\/www.radiolimari.cl\/wp-content\/uploads\/2023\/01\/IMG-20230126-WA0108-1024x576.jpg\" alt=\"\" class=\"wp-image-8418\" width=\"397\" height=\"221\"\/><\/a><figcaption class=\"wp-element-caption\">Dialogar con la comunidad, conocer sus opiniones y avanzar en la consolidaci\u00f3n del Plan Regulador Intercomunal (PRI) de la provincia de Elqui fue el objetivo de la visita a Chungungo y La Higuera de la Gobernadora Regional, Krist Naranjo.<\/figcaption><\/figure>\n\n\n\n<p>El PRI es un instrumento de planificaci\u00f3n con el que se definen y regulan las zonas de extensi\u00f3n urbana y las \u00e1reas rurales de todas las comunas de la provincia, con el objetivo de promover el desarrollo arm\u00f3nico de la intercomuna.<\/p>\n\n\n\n<p>Actualmente se est\u00e1 trabajando en la concreci\u00f3n de un nuevo PRI que genere una nueva actualizaci\u00f3n de los territorios y un consenso integral. La actualizaci\u00f3n de este Plan se encuentra en desarrollo desde el 2020 y hoy se lleva a cabo la publicaci\u00f3n y exposici\u00f3n a la comunidad de la imagen objetivo del territorio a planificar, como paso previo a la elaboraci\u00f3n del anteproyecto<\/p>\n\n\n\n<p>Esta instancia de participaci\u00f3n ciudadana de la provincia de Elqui es relevante para validar o no este nuevo PRI. Es en este contexto, que la Gobernadora particip\u00f3 de estos encuentros y pudo conversar con distintos vecinos y vecinas que dieron a conocer su opini\u00f3n a favor y en contra de este proceso<\/p>\n\n\n\n<p>La m\u00e1xima autoridad regional lleg\u00f3 hasta la sede principal de Chungungo donde se realiz\u00f3 la primera sesi\u00f3n del PRI y luego hasta el teatro municipal de La Higuera donde se ejecut\u00f3 el segundo encuentro participativo del PRI<\/p>\n\n\n\n<p>La Gobernadora Regional, Krist Naranjo, manifest\u00f3 que es relevante la participaci\u00f3n de la ciudadan\u00eda en este proceso tanto para informarse como para opinar del futuro de sus territorios. Al respecto, recalc\u00f3 que <strong>\u201ces muy importante poder manifestar todo el dise\u00f1o de c\u00f3mo se vivencia en cada localidad y eso queda plasmado en esta planificaci\u00f3n tanto en zonas de intervenci\u00f3n urbana, zonas de protecci\u00f3n y zonas de industrializaci\u00f3n. Por eso es muy importante que la comunidad asista a estas convocatorias p\u00fablicas que son hasta este viernes y poder as\u00ed dar su opini\u00f3n a trav\u00e9s de las observaciones\u201d<\/strong><\/p>\n\n\n\n<p>Juan Castillo Bustamante, vecino de Chungungo, mostr\u00f3 su satisfacci\u00f3n por el desarrollo del PRI en la zona. <strong>\u201cMe gust\u00f3 la reuni\u00f3n que se hizo. Fue una consulta ciudadana y eso es bueno. Hay muchas cosas que uno no sabe, as\u00ed que muy buena esta reuni\u00f3n. Me parece bien que las empresas tengan su restricci\u00f3n y cumplan las normas medioambientales. Va a haber zonas protegidas y me parece muy bien\u201d.<\/strong><\/p>\n\n\n\n<p>Patricia Jorquera, pertenece a la agrupaci\u00f3n MODEMA y destac\u00f3 la instancia. <strong>\u201cEl PRI como instrumento regional es muy importante. Va a velar por el territorio durante los pr\u00f3ximos a\u00f1os. Es de conocimiento p\u00fablico que tenemos amenazas en el borde costero que es CMP y Dominga. Queremos que en el PRI haya mucha participaci\u00f3n ciudadana para velar por la producci\u00f3n sustentable de cada zona. La idea es que la gente se informe y opine qu\u00e9 quiere a futuro para su territorio\u201d,<\/strong> manifest\u00f3.<\/p>\n\n\n\n<p>Estos procesos tambi\u00e9n se est\u00e1n realizando en La Serena, Vicu\u00f1a, Coquimbo, Paihuano y Andacollo.<\/p>\n\n\n\n<p><strong>Inversi\u00f3n del Gobierno Regional en La Higuera<\/strong><\/p>\n\n\n\n<p>Un tema contingente en La Higuera es el proceso de inversi\u00f3n p\u00fablica que se ejecutar\u00e1 en la comuna tras el rechazo del Comit\u00e9 de Ministros al proyecto minero-portuario Dominga<\/p>\n\n\n\n<p>La Gobernadora Naranjo se reuni\u00f3 con el alcalde de La Higuera, Yerko Galleguillos, con quien dialogaron sobre iniciativas a ejecutar en al comuna con dineros del programa de Zonas Rezagadas y del Fondo Nacional de Desarrollo Regional (FNDR)<\/p>\n\n\n\n<p>En la ocasi\u00f3n, el jefe comunal destac\u00f3 la instancia y disposici\u00f3n de la m\u00e1xima autoridad regional. \u201c<strong>Fue una reuni\u00f3n muy fruct\u00edfera (\u2026) hablamos de todas las iniciativas que tenemos nosotros como municipio, seguimos haciendo hincapi\u00e9 en los temas de saneamiento sanitario que, a nuestro parecer, son los temas m\u00e1s importantes que, hoy en d\u00eda, nuestra comuna requiere\u201d<\/strong>. Respecto al trabajo con la Gobernadora, agreg\u00f3 que&nbsp; <strong>\u201ces la labor de un gobernante. Creo que los gobernadores han sido elegidos para trabajar por y con el pueblo, por lo tanto, es lo que hoy ha demostrado la gobernadora en nuestra reuni\u00f3n, una voluntad de sacar adelante algunos proyectos\u201d.<\/strong><\/p>\n","protected":false},"excerpt":{"rendered":"<p>El PRI es un instrumento de planificaci\u00f3n con el que se definen y regulan las zonas de extensi\u00f3n urbana y las \u00e1reas rurales de todas las comunas de la provincia, con el objetivo de promover el desarrollo arm\u00f3nico de la intercomuna. Actualmente se est\u00e1 trabajando en la concreci\u00f3n de un nuevo PRI que genere una &#8230;<\/p>\n","protected":false},"author":2,"featured_media":8418,"comment_status":"open","ping_status":"open","sticky":false,"template":"","format":"standard","meta":{"footnotes":""},"categories":[6],"tags":[],"class_list":["post-8417","post","type-post","status-publish","format-standard","has-post-thumbnail","hentry","category-regionales"],"_links":{"self":[{"href":"https:\/\/www.radiolimari.cl\/index.php?rest_route=\/wp\/v2\/posts\/8417","targetHints":{"allow":["GET"]}}],"collection":[{"href":"https:\/\/www.radiolimari.cl\/index.php?rest_route=\/wp\/v2\/posts"}],"about":[{"href":"https:\/\/www.radiolimari.cl\/index.php?rest_route=\/wp\/v2\/types\/post"}],"author":[{"embeddable":true,"href":"https:\/\/www.radiolimari.cl\/index.php?rest_route=\/wp\/v2\/users\/2"}],"replies":[{"embeddable":true,"href":"https:\/\/www.radiolimari.cl\/index.php?rest_route=%2Fwp%2Fv2%2Fcomments&post=8417"}],"version-history":[{"count":1,"href":"https:\/\/www.radiolimari.cl\/index.php?rest_route=\/wp\/v2\/posts\/8417\/revisions"}],"predecessor-version":[{"id":8419,"href":"https:\/\/www.radiolimari.cl\/index.php?rest_route=\/wp\/v2\/posts\/8417\/revisions\/8419"}],"wp:featuredmedia":[{"embeddable":true,"href":"https:\/\/www.radiolimari.cl\/index.php?rest_route=\/wp\/v2\/media\/8418"}],"wp:attachment":[{"href":"https:\/\/www.radiolimari.cl\/index.php?rest_route=%2Fwp%2Fv2%2Fmedia&parent=8417"}],"wp:term":[{"taxonomy":"category","embeddable":true,"href":"https:\/\/www.radiolimari.cl\/index.php?rest_route=%2Fwp%2Fv2%2Fcategories&post=8417"},{"taxonomy":"post_tag","embeddable":true,"href":"https:\/\/www.radiolimari.cl\/index.php?rest_route=%2Fwp%2Fv2%2Ftags&post=8417"}],"curies":[{"name":"wp","href":"https:\/\/api.w.org\/{rel}","templated":true}]}}