{"id":8414,"date":"2023-01-26T23:26:26","date_gmt":"2023-01-26T23:26:26","guid":{"rendered":"https:\/\/www.radiolimari.cl\/?p=8414"},"modified":"2023-01-26T23:26:27","modified_gmt":"2023-01-26T23:26:27","slug":"en-monte-patria-20-mujeres-de-la-agrupacion-jardin-de-rosas-exponen-sus-trabajos-en-cierre-de-ciclo-fondeve","status":"publish","type":"post","link":"https:\/\/www.radiolimari.cl\/?p=8414","title":{"rendered":"En Monte Patria 20 mujeres de la agrupaci\u00f3n \u201cJard\u00edn de Rosas\u201d exponen sus trabajos en cierre de ciclo FONDEVE"},"content":{"rendered":"\n<figure class=\"wp-block-image size-large\"><a href=\"https:\/\/www.radiolimari.cl\/wp-content\/uploads\/2023\/01\/FONDEVE-MUJERES-JARDIN-DE-ROSAS_8-scaled.jpg\"><img fetchpriority=\"high\" decoding=\"async\" width=\"1024\" height=\"683\" src=\"https:\/\/www.radiolimari.cl\/wp-content\/uploads\/2023\/01\/FONDEVE-MUJERES-JARDIN-DE-ROSAS_8-1024x683.jpg\" alt=\"\" class=\"wp-image-8415\" srcset=\"https:\/\/www.radiolimari.cl\/wp-content\/uploads\/2023\/01\/FONDEVE-MUJERES-JARDIN-DE-ROSAS_8-1024x683.jpg 1024w, https:\/\/www.radiolimari.cl\/wp-content\/uploads\/2023\/01\/FONDEVE-MUJERES-JARDIN-DE-ROSAS_8-300x200.jpg 300w, https:\/\/www.radiolimari.cl\/wp-content\/uploads\/2023\/01\/FONDEVE-MUJERES-JARDIN-DE-ROSAS_8-768x512.jpg 768w, https:\/\/www.radiolimari.cl\/wp-content\/uploads\/2023\/01\/FONDEVE-MUJERES-JARDIN-DE-ROSAS_8-1536x1024.jpg 1536w, https:\/\/www.radiolimari.cl\/wp-content\/uploads\/2023\/01\/FONDEVE-MUJERES-JARDIN-DE-ROSAS_8-2048x1365.jpg 2048w\" sizes=\"(max-width: 1024px) 100vw, 1024px\" \/><\/a><figcaption class=\"wp-element-caption\"><strong><em>El monto subsidiado por FONDEVE corresponde a 500.000.-, dinero que fue empleado exclusivamente para compra de materiales de los diversos talleres de tela.<\/em><\/strong><\/figcaption><\/figure>\n\n\n\n<p>Un emotivo cierre realiz\u00f3 la agrupaci\u00f3n de mujeres \u201cJardines de Rosas\u201d de El Palqui Alto en la comuna de Monte Patria, este grupo de 20 mujeres de todas las edades realizaron una exposici\u00f3n de sus trabajos en tela, adem\u00e1s de una modesta ceremonia de reconocimientos.<\/p>\n\n\n\n<p>La agrupaci\u00f3n surge hace aproximadamente 12 a\u00f1os y se compone de mujeres de El Palqui Alto en su mayor\u00eda, quienes a\u00f1o a a\u00f1o se re\u00fanen para realizar actividades de desarrollo comunitario, una de ellas los talleres de textiler\u00eda.<\/p>\n\n\n\n<p>Durante este 2022, Jard\u00edn de Rosas estuvo trabajando en un proyecto de textiler\u00eda comunitaria, esto gracias a la adjudicaci\u00f3n de un Fondo de Desarrollo Vecinal (FONDEVE), el cual aport\u00f3 con un financiamiento de 500.000 mil pesos, monto que permiti\u00f3 realizar todos los trabajos de textiler\u00eda de este 2022, mismos trabajos presentes en la exposici\u00f3n de t\u00e9rmino de ciclo.<\/p>\n\n\n\n<p>Este mi\u00e9rcoles 25 en la sede social de El Palqui Alto, las 20 mujeres integrantes de la agrupaci\u00f3n, la mayor\u00eda acompa\u00f1adas de sus familias, recibieron un reconocimiento por la buena ejecuci\u00f3n de los recursos. En la instancia, Ingrid Brice\u00f1o, integrante de la agrupaci\u00f3n Jard\u00edn de Rosas, agradeci\u00f3 la presencia de autoridades locales en la ceremonia de cierre de ciclo, comentando adem\u00e1s algunos logros que tuvieron este 2022, <strong>\u201choy hicimos la exposici\u00f3n que corresponde al a\u00f1o 2022, mostramos todos nuestros trabajos, entre toda nos ense\u00f1amos, tenemos una gran amistad y compartimos como equipo. Ahora estamos con proyectos de ayuda entre nosotros mismas, haciendo lota, entre otras cosas. Trabajamos bordado en cinta, en punto cruz, tambi\u00e9n hicimos pintura de tela, entre todas nos vamos nutriendo. Ahora tenemos dos j\u00f3venes que aprendieron bordado, estamos contentas que se integre m\u00e1s gente\u201d.<\/strong><\/p>\n\n\n\n<p>La agrupaci\u00f3n Jardines de Rosas tiene una larga trayectoria en El Palqui Alto, Patricia Araya, presidenta de dicha agrupaci\u00f3n coment\u00f3 como se ha ido conformando este grupo de mujeres a lo largo del tiempo, resultando en lo que hoy son, <strong>\u201cnosotros llevamos como 12 a\u00f1os en la agrupaci\u00f3n, comenzamos con la necesidad de tener agrupaci\u00f3n para mujeres en El Palqui Alto, no \u00e9ramos ni muy j\u00f3venes ni muy mayores como para calzar en otros espacios; finalmente, nos reunimos como centro de mujeres, nosotras nos hemos traspasado el conocimiento que hemos aprendido en el tiempo, nosotras trabajamos siempre con el FONDEVE, con eso compramos los materiales para hacer nuestros trabajos; ac\u00e1 la mayor\u00eda somos mujeres que est\u00e1n al cuidado de otras personas, entonces para nosotros esto es una gran distracci\u00f3n\u201d.<\/strong><\/p>\n\n\n\n<p>Desde la cabecera comunal, el alcalde Cristian Herrera Pe\u00f1a destac\u00f3 el nivel de organizaci\u00f3n y planificaci\u00f3n de las integrantes de Jardines de Rosas, pues lograron hacer una ejecuci\u00f3n estrat\u00e9gica de los fondos, <strong>\u201cestamos con la agrupaci\u00f3n de mujeres de El Palqui Alto, cuando uno est\u00e1 aqu\u00ed, dimensiona la importancia que tiene para las agrupaciones estos financiamientos, en este caso un FONDEVE. Aqui, ellas no contrataron monitora sino m\u00e1s bien compraron los materiales y bueno, trabajaron con el conocimiento que ellas mismas tienen. Contento y quien felicitar a estas mujeres, as\u00ed mismo hacer un llamado a las otras organizaciones, a que conf\u00eden en el municipio para postular a las subvenciones municipales\u201d.<\/strong><\/p>\n\n\n\n<p>Desde el municipio local ya se extiende la invitaci\u00f3n a todas las agrupaciones sociales de la comuna, para incorporase a las postulaciones del FONDEVE 2023 y as\u00ed concretar sus sue\u00f1os de desarrollo comunitario.<\/p>\n\n\n\n<p><\/p>\n\n\n\n<p><\/p>\n\n\n\n<p>informe de Juan Pablo Ramos Rojas \/Periodista<\/p>\n","protected":false},"excerpt":{"rendered":"<p>Un emotivo cierre realiz\u00f3 la agrupaci\u00f3n de mujeres \u201cJardines de Rosas\u201d de El Palqui Alto en la comuna de Monte Patria, este grupo de 20 mujeres de todas las edades realizaron una exposici\u00f3n de sus trabajos en tela, adem\u00e1s de una modesta ceremonia de reconocimientos. La agrupaci\u00f3n surge hace aproximadamente 12 a\u00f1os y se compone &#8230;<\/p>\n","protected":false},"author":2,"featured_media":8415,"comment_status":"open","ping_status":"open","sticky":false,"template":"","format":"standard","meta":{"footnotes":""},"categories":[5],"tags":[],"class_list":["post-8414","post","type-post","status-publish","format-standard","has-post-thumbnail","hentry","category-actualidad-limarina"],"_links":{"self":[{"href":"https:\/\/www.radiolimari.cl\/index.php?rest_route=\/wp\/v2\/posts\/8414","targetHints":{"allow":["GET"]}}],"collection":[{"href":"https:\/\/www.radiolimari.cl\/index.php?rest_route=\/wp\/v2\/posts"}],"about":[{"href":"https:\/\/www.radiolimari.cl\/index.php?rest_route=\/wp\/v2\/types\/post"}],"author":[{"embeddable":true,"href":"https:\/\/www.radiolimari.cl\/index.php?rest_route=\/wp\/v2\/users\/2"}],"replies":[{"embeddable":true,"href":"https:\/\/www.radiolimari.cl\/index.php?rest_route=%2Fwp%2Fv2%2Fcomments&post=8414"}],"version-history":[{"count":1,"href":"https:\/\/www.radiolimari.cl\/index.php?rest_route=\/wp\/v2\/posts\/8414\/revisions"}],"predecessor-version":[{"id":8416,"href":"https:\/\/www.radiolimari.cl\/index.php?rest_route=\/wp\/v2\/posts\/8414\/revisions\/8416"}],"wp:featuredmedia":[{"embeddable":true,"href":"https:\/\/www.radiolimari.cl\/index.php?rest_route=\/wp\/v2\/media\/8415"}],"wp:attachment":[{"href":"https:\/\/www.radiolimari.cl\/index.php?rest_route=%2Fwp%2Fv2%2Fmedia&parent=8414"}],"wp:term":[{"taxonomy":"category","embeddable":true,"href":"https:\/\/www.radiolimari.cl\/index.php?rest_route=%2Fwp%2Fv2%2Fcategories&post=8414"},{"taxonomy":"post_tag","embeddable":true,"href":"https:\/\/www.radiolimari.cl\/index.php?rest_route=%2Fwp%2Fv2%2Ftags&post=8414"}],"curies":[{"name":"wp","href":"https:\/\/api.w.org\/{rel}","templated":true}]}}